{"id":548130,"date":"2022-09-10T13:26:53","date_gmt":"2022-09-10T11:26:53","guid":{"rendered":"https:\/\/www.hashtag.al\/?p=548130"},"modified":"2022-09-10T13:30:40","modified_gmt":"2022-09-10T11:30:40","slug":"charles-iii-zyrtarisht-mbret","status":"publish","type":"post","link":"https:\/\/www.hashtag.al\/index.php\/2022\/09\/10\/charles-iii-zyrtarisht-mbret\/","title":{"rendered":"Charles III zyrtarisht mbret","gt_translate_keys":[{"key":"rendered","format":"text"}]},"content":{"rendered":"<p><span style=\"color: #000000;\"><a href=\"https:\/\/www.hashtag.al\/wp-content\/uploads\/2022\/09\/1-10.jpg\"><img loading=\"lazy\" decoding=\"async\" class=\"aligncenter size-full wp-image-548135\" src=\"https:\/\/www.hashtag.al\/wp-content\/uploads\/2022\/09\/1-10.jpg\" alt=\"\" width=\"740\" height=\"415\" srcset=\"https:\/\/www.hashtag.al\/wp-content\/uploads\/2022\/09\/1-10.jpg 740w, https:\/\/www.hashtag.al\/wp-content\/uploads\/2022\/09\/1-10-300x168.jpg 300w\" sizes=\"auto, (max-width: 740px) 100vw, 740px\" \/><\/a><\/span><\/p>\n<p><span style=\"color: #000000;\">Charles III \u00ebsht\u00eb shpallur sot zyrftarisht mbret n\u00eb nj\u00eb ceremoni t\u00eb zhvilluar n\u00eb Pallatin St James.<\/span><\/p>\n<p><span style=\"color: #000000;\">Charles u b\u00eb mbret menj\u00ebher\u00eb pas vdekjes s\u00eb n\u00ebn\u00ebs s\u00eb tij, Mbret\u00ebresh\u00ebs Elizabeth II, por nj\u00eb takim historik konfirmoi zyrtarisht rolin e tij k\u00ebt\u00eb t\u00eb shtun\u00eb.<\/span><\/p>\n<p><span style=\"color: #000000;\">K\u00ebshilli i Aderimit u mblodh sot p\u00ebr shpalljen e tij mbret, me ceremonin\u00eb q\u00eb u transmetua n\u00eb televizion p\u00ebr her\u00eb t\u00eb par\u00eb n\u00eb histori.<\/span><\/p>\n<p><span style=\"color: #000000;\">Vet\u00eb Mbreti nuk ishte i pranish\u00ebm n\u00eb fillim, por ai mori pjes\u00eb n\u00eb pjes\u00ebn e dyt\u00eb t\u00eb ceremonis\u00eb p\u00ebr t\u00eb mbajtur takimin e tij t\u00eb par\u00eb t\u00eb K\u00ebshillit Privy, grupi i politikan\u00ebve t\u00eb lart\u00eb q\u00eb k\u00ebshillojn\u00eb monarkun.<\/span><\/p>\n<p><span style=\"color: #000000;\">Mbreti miratoi q\u00eb dita e funeralit t\u00eb Mbret\u00ebresh\u00ebs t\u00eb b\u00ebhet fest\u00eb, megjith\u00ebse ende nuk dihet se kur do t\u00eb b\u00ebhet.<\/span><\/p>\n<p><span style=\"color: #000000;\">N\u00eb deklarat\u00ebn e tij, Mbreti tha se ishte &#8220;detyra e tij m\u00eb e trishtuar&#8221; t\u00eb njoftonte vdekjen e n\u00ebn\u00ebs s\u00eb tij.<\/span><\/p>\n<p><span style=\"color: #000000;\">Ai tha:<em> &#8220;Un\u00eb e di sa thell\u00eb ju, i gjith\u00eb kombi, dhe mendoj se mund t\u00eb them e gjith\u00eb bota, solidarizoheni me mua n\u00eb humbjen e pariparueshme q\u00eb kemi p\u00ebsuar t\u00eb gjith\u00eb. \u00cbsht\u00eb ngush\u00ebllimi m\u00eb i madh p\u00ebr mua t\u00eb njoh simpatin\u00eb e shprehur nga kaq shum\u00eb ndaj motr\u00ebs dhe v\u00ebllez\u00ebrve t\u00eb mi\u201d.<\/em><\/span><\/p>\n<p><span style=\"color: #000000;\">Ceremonia u ndoq nga 200 an\u00ebtar\u00eb t\u00eb K\u00ebshillit Privy, duke p\u00ebrfshir\u00eb ish-kryeministrat Boris Johnson, Theresa May, David Cameron, Gordon Brown, Tony Blair dhe John Major.<\/span><\/p>\n<p><a href=\"https:\/\/www.hashtag.al\/wp-content\/uploads\/2022\/09\/2-8.jpg\"><img loading=\"lazy\" decoding=\"async\" class=\"aligncenter size-full wp-image-548136\" src=\"https:\/\/www.hashtag.al\/wp-content\/uploads\/2022\/09\/2-8.jpg\" alt=\"\" width=\"743\" height=\"407\" srcset=\"https:\/\/www.hashtag.al\/wp-content\/uploads\/2022\/09\/2-8.jpg 743w, https:\/\/www.hashtag.al\/wp-content\/uploads\/2022\/09\/2-8-300x164.jpg 300w\" sizes=\"auto, (max-width: 743px) 100vw, 743px\" \/><\/a><\/p>\n<p><span style=\"color: #000000;\">M\u00eb von\u00eb, si\u00e7 shkruan <span style=\"color: #0000ff;\"><a style=\"color: #0000ff;\" href=\"https:\/\/www.bbc.com\/news\/uk-62860893\">BBC<\/a> <\/span>duartrokitjet dhe brohoritjet e &#8220;<em>God Save the King<\/em>&#8221; shp\u00ebrthyen jasht\u00eb Pallatit t\u00eb St James, p\u00ebrpara se nj\u00eb turm\u00eb mij\u00ebrash t\u00eb k\u00ebndonin himnin komb\u00ebtar.<\/span><\/p>\n<p><span style=\"color: #000000;\">Ishte vendimi i Mbretit Charles III p\u00ebr t\u00eb lejuar kamerat televizive n\u00eb K\u00ebshillin e Aderimit p\u00ebr her\u00eb t\u00eb par\u00eb p\u00ebr t\u00eb lejuar publikun t\u00eb shikonte procedurat.<\/span><\/p>\n<p><span style=\"color: #000000;\">P\u00ebrpara radh\u00ebve t\u00eb politikan\u00ebve t\u00eb lart\u00eb dhe figurave publike t\u00eb K\u00ebshillit t\u00eb Aderimit, Mbreti Charles ia kushtoi pjes\u00ebn tjet\u00ebr t\u00eb jet\u00ebs s\u00eb tij sh\u00ebrbimit si monark.<\/span><\/p>\n<blockquote class=\"twitter-tweet\">\n<p dir=\"ltr\" lang=\"en\">Gun salutes mark the Principal Proclamation of King Charles III <a href=\"https:\/\/t.co\/A5HazaHebV\">https:\/\/t.co\/A5HazaHebV<\/a> <a href=\"https:\/\/t.co\/EI6NZ7KagU\">pic.twitter.com\/EI6NZ7KagU<\/a><\/p>\n<p>\u2014 BBC Breaking News (@BBCBreaking) <a href=\"https:\/\/twitter.com\/BBCBreaking\/status\/1568546900382556160?ref_src=twsrc%5Etfw\">September 10, 2022<\/a><\/p><\/blockquote>\n<p><script async src=\"https:\/\/platform.twitter.com\/widgets.js\" charset=\"utf-8\"><\/script><\/p>\n","protected":false,"gt_translate_keys":[{"key":"rendered","format":"html"}]},"excerpt":{"rendered":"<p>Charles III \u00ebsht\u00eb shpallur sot zyrftarisht mbret n\u00eb nj\u00eb ceremoni t\u00eb zhvilluar n\u00eb Pallatin St James. Charles u b\u00eb mbret menj\u00ebher\u00eb pas vdekjes s\u00eb n\u00ebn\u00ebs s\u00eb tij, Mbret\u00ebresh\u00ebs Elizabeth II, por nj\u00eb takim historik konfirmoi zyrtarisht rolin e tij k\u00ebt\u00eb t\u00eb shtun\u00eb. K\u00ebshilli i Aderimit u mblodh sot p\u00ebr shpalljen e tij mbret, me ceremonin\u00eb [&hellip;]<\/p>\n","protected":false,"gt_translate_keys":[{"key":"rendered","format":"html"}]},"author":30,"featured_media":548135,"comment_status":"closed","ping_status":"closed","sticky":false,"template":"","format":"standard","meta":{"footnotes":""},"categories":[6,13],"tags":[],"class_list":["post-548130","post","type-post","status-publish","format-standard","has-post-thumbnail","hentry","category-nderkombetare","category-te-fundit"],"gt_translate_keys":[{"key":"link","format":"url"}],"_links":{"self":[{"href":"https:\/\/www.hashtag.al\/index.php\/wp-json\/wp\/v2\/posts\/548130","targetHints":{"allow":["GET"]}}],"collection":[{"href":"https:\/\/www.hashtag.al\/index.php\/wp-json\/wp\/v2\/posts"}],"about":[{"href":"https:\/\/www.hashtag.al\/index.php\/wp-json\/wp\/v2\/types\/post"}],"author":[{"embeddable":true,"href":"https:\/\/www.hashtag.al\/index.php\/wp-json\/wp\/v2\/users\/30"}],"replies":[{"embeddable":true,"href":"https:\/\/www.hashtag.al\/index.php\/wp-json\/wp\/v2\/comments?post=548130"}],"version-history":[{"count":0,"href":"https:\/\/www.hashtag.al\/index.php\/wp-json\/wp\/v2\/posts\/548130\/revisions"}],"wp:featuredmedia":[{"embeddable":true,"href":"https:\/\/www.hashtag.al\/index.php\/wp-json\/wp\/v2\/media\/548135"}],"wp:attachment":[{"href":"https:\/\/www.hashtag.al\/index.php\/wp-json\/wp\/v2\/media?parent=548130"}],"wp:term":[{"taxonomy":"category","embeddable":true,"href":"https:\/\/www.hashtag.al\/index.php\/wp-json\/wp\/v2\/categories?post=548130"},{"taxonomy":"post_tag","embeddable":true,"href":"https:\/\/www.hashtag.al\/index.php\/wp-json\/wp\/v2\/tags?post=548130"}],"curies":[{"name":"wp","href":"https:\/\/api.w.org\/{rel}","templated":true}]}}