{"id":548101,"date":"2022-09-10T11:28:09","date_gmt":"2022-09-10T09:28:09","guid":{"rendered":"https:\/\/www.hashtag.al\/?p=548101"},"modified":"2022-09-10T14:43:20","modified_gmt":"2022-09-10T12:43:20","slug":"berisha-me-mbeshtetesit-ne-erseke-rama-ne-tirane-po-ben-gjithcka-ta-beje-shqiperine-pjese-te-jugosllavise-se-vjeter","status":"publish","type":"post","link":"https:\/\/www.hashtag.al\/index.php\/2022\/09\/10\/berisha-me-mbeshtetesit-ne-erseke-rama-ne-tirane-po-ben-gjithcka-ta-beje-shqiperine-pjese-te-jugosllavise-se-vjeter\/","title":{"rendered":"Berisha me mb\u00ebshtet\u00ebsit n\u00eb Ersek\u00eb: Rama n\u00eb Tiran\u00eb po b\u00ebn gjith\u00e7ka ta b\u00ebj\u00eb Shqip\u00ebrin\u00eb pjes\u00eb t\u00eb Jugosllavis\u00eb s\u00eb vjet\u00ebr","gt_translate_keys":[{"key":"rendered","format":"text"}]},"content":{"rendered":"<p><span style=\"color: #000000;\"><a href=\"https:\/\/www.hashtag.al\/wp-content\/uploads\/2022\/09\/WhatsApp-Image-2022-09-10-at-11.29.21-AM.jpeg\"><img loading=\"lazy\" decoding=\"async\" class=\"aligncenter size-full wp-image-548110\" src=\"https:\/\/www.hashtag.al\/wp-content\/uploads\/2022\/09\/WhatsApp-Image-2022-09-10-at-11.29.21-AM.jpeg\" alt=\"\" width=\"1024\" height=\"683\" srcset=\"https:\/\/www.hashtag.al\/wp-content\/uploads\/2022\/09\/WhatsApp-Image-2022-09-10-at-11.29.21-AM.jpeg 1024w, https:\/\/www.hashtag.al\/wp-content\/uploads\/2022\/09\/WhatsApp-Image-2022-09-10-at-11.29.21-AM-300x200.jpeg 300w, https:\/\/www.hashtag.al\/wp-content\/uploads\/2022\/09\/WhatsApp-Image-2022-09-10-at-11.29.21-AM-768x512.jpeg 768w\" sizes=\"auto, (max-width: 1024px) 100vw, 1024px\" \/><\/a><\/span><\/p>\n<p><span style=\"color: #000000;\">Kreu i PD-s\u00eb, Sali Berisha po zhvillon sot nj\u00eb bashk\u00ebbisedim me intelektual\u00eb dhe banor\u00eb t\u00eb Ersek\u00ebs. Gjat\u00eb fjal\u00ebs s\u00eb tij, Berisha theksoi r\u00ebnd\u00ebsin\u00eb e tradit\u00ebs dhe konservatorizmit n\u00eb arritjen e nj\u00eb t\u00eb ardhme m\u00eb t\u00eb ndritur.<\/span><\/p>\n<p><span style=\"color: #000000;\">M\u00eb pas Berisha vuri thekin tek interesi komb\u00ebtar, duke th\u00ebn\u00eb se nuk mund ta doj\u00eb kombin nj\u00eb kryeminist\u00ebr q\u00eb k\u00ebrkon ta kthej\u00eb Shqip\u00ebrin\u00eb vasal t\u00eb nj\u00eb vendi tjet\u00ebr dhe pjes\u00eb t\u00eb Jugosllavis\u00eb s\u00eb vjet\u00ebr.<\/span><\/p>\n<p><span style=\"color: #000000;\"><em>\u201cK\u00ebtu njeriu vjen n\u00eb nj\u00eb trev\u00eb frym\u00ebzimi. Kolonja \u00ebsht\u00eb vendlindja e atdhetar\u00ebve t\u00eb m\u00ebdhenj dhe mendjeve t\u00eb ndritura t\u00eb kombit n\u00eb t\u00eb gjitha fushat. Dhe n\u00eb k\u00ebt\u00eb kontekst, si nj\u00eb parti konservatore, si nj\u00eb parti e tradit\u00ebs, ne besojm\u00eb se nderimi p\u00ebr tradit\u00ebn, nderimi p\u00ebr trash\u00ebgimin\u00eb pozitive, \u00ebsht\u00eb nj\u00eb kusht themelor p\u00ebr t\u00eb patur nj\u00eb t\u00eb ardhme q\u00eb meritojm\u00eb, nj\u00eb t\u00eb ardhme t\u00eb ndritur. Ndaj ne q\u00ebndrojm\u00eb n\u00eb vlerat tona komb\u00ebtare dhe sot kjo b\u00ebhet m\u00eb aktuale se rrall\u00eb ndonj\u00ebher\u00eb.<\/em><\/span><\/p>\n<p><span style=\"color: #000000;\"><em>Sepse sot, \u00ebndrra shqiptare p\u00ebr nj\u00eb Shqip\u00ebri zonj\u00eb mes kombeve t\u00eb zhvilluara, \u00ebnd\u00ebrr kjo t\u00eb cil\u00ebn kur rilindasit tan\u00eb e shpall\u00ebn, n\u00eb at\u00eb koh\u00eb nuk kishte BE, por ata n\u00eb m\u00ebnyr\u00eb gjeniale e projektuan Shqip\u00ebrin\u00eb asokohe pjes\u00eb e Perandoris\u00eb Otomane, si nj\u00eb zon\u00eb midis kombeve t\u00eb zhvilluara t\u00eb Evrop\u00ebs. Por duhet t\u00eb jemi realist\u00eb dhe ta shohim t\u00ebs v\u00ebrtet\u00ebn drejt n\u00eb sy. Kjo \u00ebnd\u00ebrr u formua pas shekujsh p\u00ebrpjekjesh t\u00eb jasht\u00ebzakonshme t\u00eb Perandoris\u00eb Otomane p\u00ebr t\u00eb tjet\u00ebrsuar kombin shqiptar. Shqiptar\u00ebt n\u00eb at\u00eb koh\u00eb ishin t\u00eb vetmit q\u00eb nuk u lejohej m\u00ebsimi i gjuh\u00ebs m\u00ebm\u00eb n\u00eb shkollat otomane, n\u00eb p\u00ebrpjekje q\u00eb ata t\u00eb mos ishin m\u00eb shqiptar\u00eb. Por kjo p\u00ebrpjekje shekullore d\u00ebshtoi dhe ajo elit\u00eb n\u00eb t\u00eb cil\u00ebn Kolonja ka pjes\u00eb thelb\u00ebsore, ajo elit\u00eb e kombit e projektoi Shqip\u00ebrin\u00eb n\u00eb vendet e zhvilluara t\u00eb Evrop\u00ebs. E v\u00ebrteta \u00ebsht\u00eb q\u00eb ai projeksion u pagua me gjak, me akrifica t\u00eb gjith\u00ebanshme, por shqiptar\u00ebt ia dol\u00ebn.<\/em><\/span><\/p>\n<p><span style=\"color: #000000;\"><em>Tragjike \u00ebsht\u00eb se sot me efekte shkat\u00ebrrimtare p\u00ebr Kolonj\u00ebn dhe Shqip\u00ebrin\u00eb, ai q\u00eb \u00ebsht\u00eb sot n\u00eb Tiran\u00eb po b\u00ebn gjith\u00e7ka me Ballkanin e Hapur p\u00ebr t\u00eb ndryshuar si\u00e7 thot\u00eb Vu\u00e7i\u00e7i, Jugosllavi e vjet\u00ebr plus Shqip\u00ebri. ndodhemi n\u00eb nj\u00eb moment kritik. E di se jo t\u00eb pakt\u00eb jan\u00eb ata q\u00eb thon\u00eb kemi halle m\u00eb t\u00eb m\u00ebdha se kaq. kjo nuk \u00ebsht\u00eb e drejt\u00eb, p\u00ebr \u00e7do njeri t\u00eb qytet\u00ebruar nuk ka interes m\u00eb jetik se ai komb\u00ebtar. Ata q\u00eb e shk\u00ebput\u00ebn Shqip\u00ebrin\u00eb dhe e b\u00ebn\u00eb t\u00eb pavarur e b\u00ebn\u00eb nga dashura. Shqip\u00ebria do t\u00eb eci vet\u00ebm n\u00ebse e duam dhe f\u00ebmij\u00ebt tan\u00eb do t\u00eb jen\u00eb zot\u00ebr t\u00eb vendit n\u00ebse i m\u00ebkojm\u00eb me k\u00ebt\u00eb. Vet\u00ebm vende patriotike zhvillojn\u00eb vendet e tyre. Nuk e do kombin ai q\u00eb do ta kthej\u00eb vasal t\u00eb nj\u00eb shteti tjet\u00ebr.\u201d<\/em>&#8211; tha Berisha.<\/span><\/p>\n","protected":false,"gt_translate_keys":[{"key":"rendered","format":"html"}]},"excerpt":{"rendered":"<p>Kreu i PD-s\u00eb, Sali Berisha po zhvillon sot nj\u00eb bashk\u00ebbisedim me intelektual\u00eb dhe banor\u00eb t\u00eb Ersek\u00ebs. Gjat\u00eb fjal\u00ebs s\u00eb tij, Berisha theksoi r\u00ebnd\u00ebsin\u00eb e tradit\u00ebs dhe konservatorizmit n\u00eb arritjen e nj\u00eb t\u00eb ardhme m\u00eb t\u00eb ndritur. M\u00eb pas Berisha vuri thekin tek interesi komb\u00ebtar, duke th\u00ebn\u00eb se nuk mund ta doj\u00eb kombin nj\u00eb kryeminist\u00ebr q\u00eb [&hellip;]<\/p>\n","protected":false,"gt_translate_keys":[{"key":"rendered","format":"html"}]},"author":30,"featured_media":548110,"comment_status":"closed","ping_status":"closed","sticky":false,"template":"","format":"standard","meta":{"footnotes":""},"categories":[65,13],"tags":[],"class_list":["post-548101","post","type-post","status-publish","format-standard","has-post-thumbnail","hentry","category-lajme","category-te-fundit"],"gt_translate_keys":[{"key":"link","format":"url"}],"_links":{"self":[{"href":"https:\/\/www.hashtag.al\/index.php\/wp-json\/wp\/v2\/posts\/548101","targetHints":{"allow":["GET"]}}],"collection":[{"href":"https:\/\/www.hashtag.al\/index.php\/wp-json\/wp\/v2\/posts"}],"about":[{"href":"https:\/\/www.hashtag.al\/index.php\/wp-json\/wp\/v2\/types\/post"}],"author":[{"embeddable":true,"href":"https:\/\/www.hashtag.al\/index.php\/wp-json\/wp\/v2\/users\/30"}],"replies":[{"embeddable":true,"href":"https:\/\/www.hashtag.al\/index.php\/wp-json\/wp\/v2\/comments?post=548101"}],"version-history":[{"count":0,"href":"https:\/\/www.hashtag.al\/index.php\/wp-json\/wp\/v2\/posts\/548101\/revisions"}],"wp:featuredmedia":[{"embeddable":true,"href":"https:\/\/www.hashtag.al\/index.php\/wp-json\/wp\/v2\/media\/548110"}],"wp:attachment":[{"href":"https:\/\/www.hashtag.al\/index.php\/wp-json\/wp\/v2\/media?parent=548101"}],"wp:term":[{"taxonomy":"category","embeddable":true,"href":"https:\/\/www.hashtag.al\/index.php\/wp-json\/wp\/v2\/categories?post=548101"},{"taxonomy":"post_tag","embeddable":true,"href":"https:\/\/www.hashtag.al\/index.php\/wp-json\/wp\/v2\/tags?post=548101"}],"curies":[{"name":"wp","href":"https:\/\/api.w.org\/{rel}","templated":true}]}}