{"id":547860,"date":"2022-09-09T10:56:46","date_gmt":"2022-09-09T08:56:46","guid":{"rendered":"https:\/\/www.hashtag.al\/?p=547860"},"modified":"2022-09-09T10:56:46","modified_gmt":"2022-09-09T08:56:46","slug":"sali-berisha-pas-76-vitesh-sot-postriba-dhe-shqiperia-serish-ne-rrezik-nga-nje-cub-qe-ska-moral-as-nder","status":"publish","type":"post","link":"https:\/\/www.hashtag.al\/index.php\/2022\/09\/09\/sali-berisha-pas-76-vitesh-sot-postriba-dhe-shqiperia-serish-ne-rrezik-nga-nje-cub-qe-ska-moral-as-nder\/","title":{"rendered":"Sali Berisha: Pas 76 vitesh sot Postriba dhe Shqip\u00ebria s\u00ebrish n\u00eb rrezik nga nj\u00eb \u201ccub q\u00eb s\u2019ka moral, as nder\u201d","gt_translate_keys":[{"key":"rendered","format":"text"}]},"content":{"rendered":"<p><span style=\"color: #000000;\"><a href=\"https:\/\/www.hashtag.al\/wp-content\/uploads\/2022\/09\/Berisha-4.jpg\"><img loading=\"lazy\" decoding=\"async\" class=\"aligncenter size-full wp-image-547861\" src=\"https:\/\/www.hashtag.al\/wp-content\/uploads\/2022\/09\/Berisha-4.jpg\" alt=\"\" width=\"828\" height=\"422\" srcset=\"https:\/\/www.hashtag.al\/wp-content\/uploads\/2022\/09\/Berisha-4.jpg 828w, https:\/\/www.hashtag.al\/wp-content\/uploads\/2022\/09\/Berisha-4-300x153.jpg 300w, https:\/\/www.hashtag.al\/wp-content\/uploads\/2022\/09\/Berisha-4-768x391.jpg 768w, https:\/\/www.hashtag.al\/wp-content\/uploads\/2022\/09\/Berisha-4-568x290.jpg 568w\" sizes=\"auto, (max-width: 828px) 100vw, 828px\" \/><\/a><\/span><\/p>\n<p><span style=\"color: #000000;\">Kreu i PD-s\u00eb Sali Berisha ishte k\u00ebt\u00eb t\u00eb premte n\u00eb Shkod\u00ebr p\u00ebr t\u00eb nderuar kryengritjen e Postrib\u00ebs.<\/span><\/p>\n<p><span style=\"color: #000000;\">Gjat\u00eb fjal\u00ebs s\u00eb tij, Berisha tha se 76 vite m\u00eb par\u00eb Shkodra dhe veriu u pushtuan nga diktatura komuniste e Enver Hoxh\u00ebs.<\/span><\/p>\n<p><span style=\"color: #000000;\">Por pas 76 vitesh sipas tij, Shqip\u00ebria \u00ebsht\u00eb p\u00ebrs\u00ebri n\u00eb rrezik nga vendosja e pushtetit monist, n\u00eb duart e nj\u00eb \u201ccubi q\u00eb s\u2019ka moral, as nder dhe q\u00eb pla\u00e7kit qytetar\u00ebt\u201d, si\u00e7 e quan ai kryeministrin Edi Rama.<\/span><\/p>\n<p><em><span style=\"color: #000000;\">&#8220;Sot, pas 76 vitesh, Shqip\u00ebria \u00ebsht\u00eb n\u00eb nj\u00eb rrezik t\u00eb madh sepse ajo p\u00ebrjeton vendosjen e monizmit, e pushtetit t\u00eb nj\u00eb partie, t\u00eb p\u00ebrqendruar n\u00eb duart e nj\u00eb cubi q\u00eb nuk ka moral, q\u00eb nuk ka nder, q\u00eb nuk ka asgj\u00eb, q\u00eb vjedhe e pla\u00e7kit qytetar\u00ebt shqiptar\u00eb \u00e7do dit\u00eb. Ky \u00ebsht\u00eb Edi Rama.<\/span><\/em><\/p>\n<p><em><span style=\"color: #000000;\">P\u00ebrdor \u00e7do fatkeq\u00ebsi ndaj tyre p\u00ebr t\u2019i shtypur, p\u00ebr t\u2019i shfryt\u00ebzuar, p\u00ebr t\u2019i vjedhur m\u00eb shum\u00eb. \u00c7far\u00eb b\u00ebri me kovidin? Nxori tanket, nga ana tjet\u00ebr vidhte \u00e7do dit\u00eb, ndaj edhe vdekshm\u00ebria e shqiptar\u00ebve shkoi n\u00eb qiell.<\/span><\/em><\/p>\n<p><em><span style=\"color: #000000;\">\u00c7far\u00eb po b\u00ebn me k\u00ebt\u00eb kriz\u00eb? T\u00eb nj\u00ebjt\u00ebn gj\u00eb. Me rritjen e \u00e7mimeve fiton qindra milion\u00eb, qytetar\u00ebt i mashtron me th\u00ebrrime.<\/span><\/em><\/p>\n<p><span style=\"color: #000000;\"><em>Sot Postriba \u00ebsht\u00eb s\u00ebrish n\u00eb rrezik, Shqip\u00ebria \u00ebsht\u00eb n\u00eb rrezik. Prandaj edhe ne duke u p\u00ebrkulur me nderimin m\u00eb t\u00eb madh p\u00ebr heroizmin e burrave t\u00eb Postrib\u00ebs, le t\u00eb zotohemi p\u00ebrpara k\u00ebtij monumenti, se do mbrojm\u00eb idealet e tyre t\u00eb liris\u00eb dhe Shqip\u00ebrin\u00eb do e shp\u00ebtojm\u00eb nga ky regjim armiq\u00ebsor, hajdut, q\u00eb po shkat\u00ebrron \u00e7do dit\u00eb qenien shqiptare.\u201d-<\/em> tha Berisha.<\/span><\/p>\n<p><span style=\"color: #000000;\">Gjat\u00eb fjalimit t\u00eb tij, Berisha tha se Kryengritja e Postrib\u00ebs, ishte kryengritja e par\u00eb antikomuniste n\u00eb Shqip\u00ebri dhe Europ\u00eb p\u00ebr liri e flamur komb\u00ebtar.<\/span><\/p>\n<p><em><span style=\"color: #000000;\">\u201c\u00cbsht\u00eb nj\u00eb nder i madh p\u00ebr mua t\u2019u p\u00ebrsh\u00ebndes p\u00ebrzem\u00ebrsisht, t\u00eb p\u00ebrulem me nderimin m\u00eb t\u00eb thell\u00eb, mir\u00ebnjohjen m\u00eb t\u00eb pakufishme p\u00ebrpara luft\u00ebtar\u00ebve t\u00eb liris\u00eb t\u00eb Postrib\u00ebs dhe Shkodr\u00ebs, q\u00eb 76 vjet m\u00eb par\u00eb vendos\u00ebn t\u2019i p\u00ebrgjigjen me rezistenc\u00eb t\u00eb armatosur, me kryengritje, nj\u00eb pushtimi barbar q\u00eb do instalohej n\u00eb Shqip\u00ebri m\u00eb 28 n\u00ebntor 1944.<\/span><\/em><\/p>\n<p><em><span style=\"color: #000000;\">Ky pushtim p\u00ebr shqiptar\u00ebt ishte i dyfisht\u00eb n\u00eb ato vite. Ishte pushtim i vendosjes s\u00eb diktatur\u00ebs komuniste t\u00eb Enver Hoxh\u00ebs. Dhe un\u00eb u rikujtoj ju k\u00ebtu, u rikujtoj shqiptar\u00ebve se vras\u00ebsi seria q\u00eb komandoi hordhit\u00eb partizane n\u00eb Shkod\u00ebr dhe veri, Mehmet Shehu, do i shkruante Enver Hoxh\u00ebs: se n\u00eb kufirin ushtarak, Shkodr\u00ebn e vendos\u00ebm n\u00ebn pushtim. Ai thot\u00eb nj\u00eb t\u00eb v\u00ebrtet\u00eb t\u00eb pamohueshme. T\u00eb till\u00eb, pushtim e konsideruan qytetar\u00ebt e Shkodr\u00ebs, banor\u00ebt e Postrib\u00ebs dhe veriut n\u00eb t\u00ebr\u00ebsi.<\/span><\/em><\/p>\n<p><em><span style=\"color: #000000;\">Krahas k\u00ebtij pushtimi, Shkodra dhe Shqip\u00ebria ishin n\u00eb nj\u00eb pushtim t\u00eb dyt\u00eb. At Zef P\u00ebllumbi p\u00ebrshkruan 28 n\u00ebntorin me nd\u00ebrrimin e simboleve. U hoq flamuri komb\u00ebtar dhe u vendos flamuri jugosllav. E v\u00ebrteta \u00ebsht\u00eb se n\u00eb Shkod\u00ebr u vendos\u00ebn zyrat e sh\u00ebrbimit fam\u00ebkeq jugosllav, q\u00eb grabiste dhe zhdukte nacionalist\u00ebt e Shkodr\u00ebs dhe t\u00eb veriut, i bindur se ata nuk do t\u00eb pranonin pushtimin serb, barbar t\u00eb Shqip\u00ebris\u00eb.<\/span><\/em><\/p>\n<p><em><span style=\"color: #000000;\">N\u00eb k\u00ebt\u00eb kontekst, kryengritja e Postrib\u00ebs, si kryengritja e par\u00eb antikomuniste n\u00eb Shqip\u00ebri dhe Europ\u00eb, ishte kryengritje p\u00ebr liri, ishte kryengritje p\u00ebr flamur komb\u00ebtar, kryengritje e atdhetar\u00ebve dhe patriot\u00ebve q\u00eb donin nj\u00eb Shqip\u00ebri t\u00eb lir\u00eb nga diktatura komuniste dhe padron\u00ebt e tyre jugosllav\u00eb.<\/span><\/em><\/p>\n<p><span style=\"color: #000000;\"><em>Kan\u00eb kaluar 76 vite, sot ne nderojm\u00eb vepr\u00ebn heroike t\u00eb burrave dhe grave t\u00eb Postrib\u00ebs 76 vite m\u00eb par\u00eb, shum\u00eb prej t\u00eb cil\u00ebve, u ekzekutuan me gjyqe dhe pa gjyqe p\u00ebr fajin e vet\u00ebm se po luftonin p\u00ebr liri. Fshatra t\u00eb tjera u dogj\u00ebn, mbi 1 mij\u00eb banor\u00eb u internuan n\u00eb kampet m\u00eb t\u00eb egra t\u00eb regjimit.\u201d<\/em>&#8211; tha ai.<\/span><\/p>\n","protected":false,"gt_translate_keys":[{"key":"rendered","format":"html"}]},"excerpt":{"rendered":"<p>Kreu i PD-s\u00eb Sali Berisha ishte k\u00ebt\u00eb t\u00eb premte n\u00eb Shkod\u00ebr p\u00ebr t\u00eb nderuar kryengritjen e Postrib\u00ebs. Gjat\u00eb fjal\u00ebs s\u00eb tij, Berisha tha se 76 vite m\u00eb par\u00eb Shkodra dhe veriu u pushtuan nga diktatura komuniste e Enver Hoxh\u00ebs. Por pas 76 vitesh sipas tij, Shqip\u00ebria \u00ebsht\u00eb p\u00ebrs\u00ebri n\u00eb rrezik nga vendosja e pushtetit monist, [&hellip;]<\/p>\n","protected":false,"gt_translate_keys":[{"key":"rendered","format":"html"}]},"author":30,"featured_media":547861,"comment_status":"closed","ping_status":"closed","sticky":false,"template":"","format":"standard","meta":{"footnotes":""},"categories":[65,13],"tags":[],"class_list":["post-547860","post","type-post","status-publish","format-standard","has-post-thumbnail","hentry","category-lajme","category-te-fundit"],"gt_translate_keys":[{"key":"link","format":"url"}],"_links":{"self":[{"href":"https:\/\/www.hashtag.al\/index.php\/wp-json\/wp\/v2\/posts\/547860","targetHints":{"allow":["GET"]}}],"collection":[{"href":"https:\/\/www.hashtag.al\/index.php\/wp-json\/wp\/v2\/posts"}],"about":[{"href":"https:\/\/www.hashtag.al\/index.php\/wp-json\/wp\/v2\/types\/post"}],"author":[{"embeddable":true,"href":"https:\/\/www.hashtag.al\/index.php\/wp-json\/wp\/v2\/users\/30"}],"replies":[{"embeddable":true,"href":"https:\/\/www.hashtag.al\/index.php\/wp-json\/wp\/v2\/comments?post=547860"}],"version-history":[{"count":0,"href":"https:\/\/www.hashtag.al\/index.php\/wp-json\/wp\/v2\/posts\/547860\/revisions"}],"wp:featuredmedia":[{"embeddable":true,"href":"https:\/\/www.hashtag.al\/index.php\/wp-json\/wp\/v2\/media\/547861"}],"wp:attachment":[{"href":"https:\/\/www.hashtag.al\/index.php\/wp-json\/wp\/v2\/media?parent=547860"}],"wp:term":[{"taxonomy":"category","embeddable":true,"href":"https:\/\/www.hashtag.al\/index.php\/wp-json\/wp\/v2\/categories?post=547860"},{"taxonomy":"post_tag","embeddable":true,"href":"https:\/\/www.hashtag.al\/index.php\/wp-json\/wp\/v2\/tags?post=547860"}],"curies":[{"name":"wp","href":"https:\/\/api.w.org\/{rel}","templated":true}]}}