{"id":547718,"date":"2022-09-08T16:11:48","date_gmt":"2022-09-08T14:11:48","guid":{"rendered":"https:\/\/www.hashtag.al\/?p=547718"},"modified":"2022-09-08T16:13:21","modified_gmt":"2022-09-08T14:13:21","slug":"nis-nga-farka-aksioni-i-paralajmeruar-nga-rama-per-konfiskimin-e-kateve-shtese-pa-leje","status":"publish","type":"post","link":"https:\/\/www.hashtag.al\/index.php\/2022\/09\/08\/nis-nga-farka-aksioni-i-paralajmeruar-nga-rama-per-konfiskimin-e-kateve-shtese-pa-leje\/","title":{"rendered":"Nis nga Farka aksioni i paralajm\u00ebruar nga Rama p\u00ebr konfiskimin e kateve shtes\u00eb pa leje","gt_translate_keys":[{"key":"rendered","format":"text"}]},"content":{"rendered":"<p><span style=\"color: #000000;\"><a href=\"https:\/\/www.hashtag.al\/wp-content\/uploads\/2022\/09\/FAKA.jpg\"><img loading=\"lazy\" decoding=\"async\" class=\"aligncenter size-full wp-image-547719\" src=\"https:\/\/www.hashtag.al\/wp-content\/uploads\/2022\/09\/FAKA.jpg\" alt=\"\" width=\"705\" height=\"383\" srcset=\"https:\/\/www.hashtag.al\/wp-content\/uploads\/2022\/09\/FAKA.jpg 705w, https:\/\/www.hashtag.al\/wp-content\/uploads\/2022\/09\/FAKA-300x163.jpg 300w\" sizes=\"auto, (max-width: 705px) 100vw, 705px\" \/><\/a><\/span><\/p>\n<p><span style=\"color: #000000;\">Kryeministri Edi Rama ka njoftuar se ka nisur zbatimi i vendimit t\u00eb qeveris\u00eb p\u00ebr konfiskimin e pallateve pa leje.<\/span><\/p>\n<p><span style=\"color: #000000;\">Rama shp\u00ebrndau n\u00eb faqen e tij n\u00eb \u201cFacebook\u201d nj\u00eb video ku tregohet se \u00ebsht\u00eb konfiskuar pallati 9 kate n\u00eb Fark\u00eb q\u00eb u denoncua nj\u00eb dit\u00eb m\u00eb par\u00eb nga ai se kishte kate pa leje.<\/span><\/p>\n<p><span style=\"color: #000000;\"><em>\u201cNis OPERACIONI I KONFISKIMIT t\u00eb kateve e t\u00eb metrave shtes\u00eb t\u00eb nd\u00ebrtuara n\u00eb shkelje t\u00eb ligjit e t\u00eb\u00a0lejes s\u00eb nd\u00ebrtimit! Nd\u00ebrtuesit mund t&#8217;i parablejn\u00eb ato me nj\u00eb \u00e7mim t\u00eb indeksuar mbi \u00e7mimin real t\u00eb tregut dhe parat\u00eb e p\u00ebrfituara do t\u00eb derdhen n\u00eb fondin e shpron\u00ebsimeve t\u00eb Unaz\u00ebs s\u00eb Re ose mund t&#8217;i dhurojn\u00eb, q\u00eb t\u00eb p\u00ebrdoren si apartamente p\u00ebr strehim social apo mjedise zyrash p\u00ebr institucionet. Nd\u00ebrkoh\u00eb p\u00ebr t\u00eb gjitha rastet ka edhe nj\u00eb gjob\u00eb p\u00ebr \u00e7do met\u00ebr katror dhe p\u00ebr rastet kur nd\u00ebrtuesi nuk pranon opsionet parablerje apo dhurat\u00eb q\u00eb \u00e7ojn\u00eb n\u00eb ligj\u00ebrimin e shtesave p\u00ebr arsye sociale, ai ndiqet edhe penalisht sipas ligjit.\u201d-<\/em> shkruan Rama krahas videos.<\/span><\/p>\n<p><iframe loading=\"lazy\" style=\"border: none; overflow: hidden;\" src=\"https:\/\/www.facebook.com\/plugins\/video.php?height=314&amp;href=https%3A%2F%2Fwww.facebook.com%2Fediramaal%2Fvideos%2F1667702640276572%2F&amp;show_text=false&amp;width=560&amp;t=0\" width=\"560\" height=\"314\" frameborder=\"0\" scrolling=\"no\" allowfullscreen=\"allowfullscreen\"><\/iframe><\/p>\n<p><span style=\"color: #000000;\">N\u00eb k\u00ebt\u00eb video shfaqet zv.kryeministrja dhe ministrja e Infrastruktur\u00ebs dhe e Energjis\u00eb, Belinda Balluku. Ajo ishte e shoq\u00ebruar nga drejtoresha e IKMT-s\u00eb dhe drejtori i Policis\u00eb.<\/span><\/p>\n<p><span style=\"color: #000000;\"><em>&#8220;Ndodhemi n\u00eb Fark\u00eb ky \u00ebsht\u00eb komunikimi i par\u00eb publik q\u00eb ne po b\u00ebjm\u00eb sa i p\u00ebrket vendimit q\u00eb u mor me VKM, \u00ebsht\u00eb nj\u00eb VKM q\u00eb ka t\u00eb b\u00ebj\u00eb m\u00eb nd\u00ebrtimet pa leje q\u00eb do t\u00eb konfiskohen dhe p\u00ebrdorim n\u00eb t\u00eb mir\u00eb publikut. Ky \u00ebsht\u00eb nj\u00eb shembull pse kemi zgjedhur t\u00eb vij\u00eb n\u00eb Fark\u00eb dhe t\u00eb zgjedhim k\u00ebt\u00eb nd\u00ebrtese. simbolik\u00eb e shklejes s\u00eb ligjit 7 kate mbi tok\u00eb, 9 kate nd\u00ebrtim pa ansj\u00eb let\u00ebr. Sesi kjo ka ndodh \u00ebsht\u00eb nj\u00eb mister p\u00ebr ne.\u201d<\/em>&#8211; tha ajo.<\/span><\/p>\n<p><span style=\"color: #000000;\"><a href=\"https:\/\/www.hashtag.al\/wp-content\/uploads\/2022\/09\/b.jpg\"><img loading=\"lazy\" decoding=\"async\" class=\"aligncenter size-full wp-image-547711\" src=\"https:\/\/www.hashtag.al\/wp-content\/uploads\/2022\/09\/b.jpg\" alt=\"\" width=\"554\" height=\"332\" srcset=\"https:\/\/www.hashtag.al\/wp-content\/uploads\/2022\/09\/b.jpg 554w, https:\/\/www.hashtag.al\/wp-content\/uploads\/2022\/09\/b-300x180.jpg 300w\" sizes=\"auto, (max-width: 554px) 100vw, 554px\" \/><\/a><\/span><\/p>\n<p><span style=\"color: #000000;\">Ministrja shtoi se nd\u00ebrtuesit mund t\u2019i parablejn\u00eb katet apo metrat pa leje me nj\u00eb \u00e7mim t\u00eb indeksuar mbi \u00e7mimin real t\u00eb tregut dhe parat\u00eb e p\u00ebrfituara do t\u00eb derdhen n\u00eb fondin e shpron\u00ebsimeve t\u00eb Unaz\u00ebs s\u00eb Re. Po ashtu ajo tha se investitori mund t\u00eb zgjedh\u00eb dhe t\u2019i dhuroj\u00eb, q\u00eb t\u00eb p\u00ebrdoren si apartamente p\u00ebr strehim social apo mjedise zyrash p\u00ebr institucionet. Balluku paralajm\u00ebron se aksioni i nisur nga Tirana do shtrihet edhe n\u00eb qytete t\u00eb tjera t\u00eb vendit.<\/span><\/p>\n","protected":false,"gt_translate_keys":[{"key":"rendered","format":"html"}]},"excerpt":{"rendered":"<p>Kryeministri Edi Rama ka njoftuar se ka nisur zbatimi i vendimit t\u00eb qeveris\u00eb p\u00ebr konfiskimin e pallateve pa leje. Rama shp\u00ebrndau n\u00eb faqen e tij n\u00eb \u201cFacebook\u201d nj\u00eb video ku tregohet se \u00ebsht\u00eb konfiskuar pallati 9 kate n\u00eb Fark\u00eb q\u00eb u denoncua nj\u00eb dit\u00eb m\u00eb par\u00eb nga ai se kishte kate pa leje. \u201cNis OPERACIONI [&hellip;]<\/p>\n","protected":false,"gt_translate_keys":[{"key":"rendered","format":"html"}]},"author":30,"featured_media":547719,"comment_status":"closed","ping_status":"closed","sticky":false,"template":"","format":"standard","meta":{"footnotes":""},"categories":[65,13],"tags":[],"class_list":["post-547718","post","type-post","status-publish","format-standard","has-post-thumbnail","hentry","category-lajme","category-te-fundit"],"gt_translate_keys":[{"key":"link","format":"url"}],"_links":{"self":[{"href":"https:\/\/www.hashtag.al\/index.php\/wp-json\/wp\/v2\/posts\/547718","targetHints":{"allow":["GET"]}}],"collection":[{"href":"https:\/\/www.hashtag.al\/index.php\/wp-json\/wp\/v2\/posts"}],"about":[{"href":"https:\/\/www.hashtag.al\/index.php\/wp-json\/wp\/v2\/types\/post"}],"author":[{"embeddable":true,"href":"https:\/\/www.hashtag.al\/index.php\/wp-json\/wp\/v2\/users\/30"}],"replies":[{"embeddable":true,"href":"https:\/\/www.hashtag.al\/index.php\/wp-json\/wp\/v2\/comments?post=547718"}],"version-history":[{"count":0,"href":"https:\/\/www.hashtag.al\/index.php\/wp-json\/wp\/v2\/posts\/547718\/revisions"}],"wp:featuredmedia":[{"embeddable":true,"href":"https:\/\/www.hashtag.al\/index.php\/wp-json\/wp\/v2\/media\/547719"}],"wp:attachment":[{"href":"https:\/\/www.hashtag.al\/index.php\/wp-json\/wp\/v2\/media?parent=547718"}],"wp:term":[{"taxonomy":"category","embeddable":true,"href":"https:\/\/www.hashtag.al\/index.php\/wp-json\/wp\/v2\/categories?post=547718"},{"taxonomy":"post_tag","embeddable":true,"href":"https:\/\/www.hashtag.al\/index.php\/wp-json\/wp\/v2\/tags?post=547718"}],"curies":[{"name":"wp","href":"https:\/\/api.w.org\/{rel}","templated":true}]}}