{"id":547715,"date":"2022-09-08T15:59:19","date_gmt":"2022-09-08T13:59:19","guid":{"rendered":"https:\/\/www.hashtag.al\/?p=547715"},"modified":"2022-09-08T15:59:19","modified_gmt":"2022-09-08T13:59:19","slug":"ceshte-kjo-mani-per-te-pushtuar-uluni-berisha-kerkon-fjalen-por-felaj-i-fik-mikrofonin","status":"publish","type":"post","link":"https:\/\/www.hashtag.al\/index.php\/2022\/09\/08\/ceshte-kjo-mani-per-te-pushtuar-uluni-berisha-kerkon-fjalen-por-felaj-i-fik-mikrofonin\/","title":{"rendered":"\u201c\u00c7\u2019\u00ebsht\u00eb kjo mani p\u00ebr t\u00eb pushtuar, uluni\u201d- Berisha k\u00ebrkon fjal\u00ebn por Felaj i fik mikrofonin","gt_translate_keys":[{"key":"rendered","format":"text"}]},"content":{"rendered":"<p><span style=\"color: #000000;\"><a href=\"https:\/\/www.hashtag.al\/wp-content\/uploads\/2022\/09\/berisha-3.jpg\"><img loading=\"lazy\" decoding=\"async\" class=\"aligncenter size-full wp-image-547716\" src=\"https:\/\/www.hashtag.al\/wp-content\/uploads\/2022\/09\/berisha-3.jpg\" alt=\"\" width=\"831\" height=\"466\" srcset=\"https:\/\/www.hashtag.al\/wp-content\/uploads\/2022\/09\/berisha-3.jpg 831w, https:\/\/www.hashtag.al\/wp-content\/uploads\/2022\/09\/berisha-3-300x168.jpg 300w, https:\/\/www.hashtag.al\/wp-content\/uploads\/2022\/09\/berisha-3-768x431.jpg 768w\" sizes=\"auto, (max-width: 831px) 100vw, 831px\" \/><\/a><\/span><\/p>\n<p><span style=\"color: #000000;\">Kryetari i Partis\u00eb Demokratike, Sali Berisha ka k\u00ebrkuar fjal\u00ebn n\u00eb seanc\u00ebn plenare q\u00eb po zhillohet n\u00eb k\u00ebto momente n\u00eb Parlament dhe ka shkuar n\u00eb foltore. Por z\u00ebvend\u00ebskryetarja e Parlamentit Ermonela Felaj nuk ia ka dh\u00ebn\u00eb fjal\u00ebn.<\/span><\/p>\n<p><span style=\"color: #000000;\"><em>\u201cParad\u00eb pashpirt\u00ebsie, kreu i juaj duhet t\u00eb jet\u00eb k\u00ebtu, t\u2019u thot\u00eb qytetar\u00ebve shqiptar\u00eb si ka mund\u00ebsi, pasi u ka grabitur\u2026\u201d<\/em>&#8211;\u00a0tha Berisha t\u00eb cilit i fiket mikrofoni.<\/span><\/p>\n<p><span style=\"color: #000000;\">Felaj e cila ia dha fjal\u00ebn p\u00ebr procedur\u00eb, i k\u00ebrkoi Berish\u00ebs q\u00eb t\u00eb lironte foltoren sepse nuk po i p\u00ebrmbahej k\u00ebrkes\u00ebs s\u00eb b\u00ebr\u00eb.<\/span><\/p>\n<p><span style=\"color: #000000;\"><em>\u00a0\u201cNuk \u00ebsht\u00eb p\u00ebr procedur\u00eb, ju lutem uluni, teknika t\u2019i nd\u00ebrprisni fjal\u00ebn zotit Berisha, nuk \u00ebsht\u00eb p\u00ebr procedur\u00eb. Z\u00ebnia e foltores disiplinohet nga rregullorja e Kuvendit, \u00e7far\u00eb \u00ebsht\u00eb kjo mani p\u00ebr t\u00eb pushtuar, uluni. Mos i fyeni njer\u00ebzit n\u00eb parlament, kur t\u00eb vij\u00eb radha p\u00ebr t\u00eb folur, flisni.\u201d-<\/em> tha Felaj. Debati mes tyre vijoi p\u00ebr pak minuta, derisa Berisha u largua nga foltorja.<\/span><\/p>\n","protected":false,"gt_translate_keys":[{"key":"rendered","format":"html"}]},"excerpt":{"rendered":"<p>Kryetari i Partis\u00eb Demokratike, Sali Berisha ka k\u00ebrkuar fjal\u00ebn n\u00eb seanc\u00ebn plenare q\u00eb po zhillohet n\u00eb k\u00ebto momente n\u00eb Parlament dhe ka shkuar n\u00eb foltore. Por z\u00ebvend\u00ebskryetarja e Parlamentit Ermonela Felaj nuk ia ka dh\u00ebn\u00eb fjal\u00ebn. \u201cParad\u00eb pashpirt\u00ebsie, kreu i juaj duhet t\u00eb jet\u00eb k\u00ebtu, t\u2019u thot\u00eb qytetar\u00ebve shqiptar\u00eb si ka mund\u00ebsi, pasi u ka [&hellip;]<\/p>\n","protected":false,"gt_translate_keys":[{"key":"rendered","format":"html"}]},"author":30,"featured_media":547716,"comment_status":"closed","ping_status":"closed","sticky":false,"template":"","format":"standard","meta":{"footnotes":""},"categories":[65,13],"tags":[],"class_list":["post-547715","post","type-post","status-publish","format-standard","has-post-thumbnail","hentry","category-lajme","category-te-fundit"],"gt_translate_keys":[{"key":"link","format":"url"}],"_links":{"self":[{"href":"https:\/\/www.hashtag.al\/index.php\/wp-json\/wp\/v2\/posts\/547715","targetHints":{"allow":["GET"]}}],"collection":[{"href":"https:\/\/www.hashtag.al\/index.php\/wp-json\/wp\/v2\/posts"}],"about":[{"href":"https:\/\/www.hashtag.al\/index.php\/wp-json\/wp\/v2\/types\/post"}],"author":[{"embeddable":true,"href":"https:\/\/www.hashtag.al\/index.php\/wp-json\/wp\/v2\/users\/30"}],"replies":[{"embeddable":true,"href":"https:\/\/www.hashtag.al\/index.php\/wp-json\/wp\/v2\/comments?post=547715"}],"version-history":[{"count":0,"href":"https:\/\/www.hashtag.al\/index.php\/wp-json\/wp\/v2\/posts\/547715\/revisions"}],"wp:featuredmedia":[{"embeddable":true,"href":"https:\/\/www.hashtag.al\/index.php\/wp-json\/wp\/v2\/media\/547716"}],"wp:attachment":[{"href":"https:\/\/www.hashtag.al\/index.php\/wp-json\/wp\/v2\/media?parent=547715"}],"wp:term":[{"taxonomy":"category","embeddable":true,"href":"https:\/\/www.hashtag.al\/index.php\/wp-json\/wp\/v2\/categories?post=547715"},{"taxonomy":"post_tag","embeddable":true,"href":"https:\/\/www.hashtag.al\/index.php\/wp-json\/wp\/v2\/tags?post=547715"}],"curies":[{"name":"wp","href":"https:\/\/api.w.org\/{rel}","templated":true}]}}