{"id":547630,"date":"2022-09-08T11:50:42","date_gmt":"2022-09-08T09:50:42","guid":{"rendered":"https:\/\/www.hashtag.al\/?p=547630"},"modified":"2022-09-08T11:51:40","modified_gmt":"2022-09-08T09:51:40","slug":"sulmi-kibernetik-ndaj-shqiperise-shtepia-e-bardhe-irani-duhet-te-vihet-para-pergjegjesise-do-punojme-ne-kete-drejtim","status":"publish","type":"post","link":"https:\/\/www.hashtag.al\/index.php\/2022\/09\/08\/sulmi-kibernetik-ndaj-shqiperise-shtepia-e-bardhe-irani-duhet-te-vihet-para-pergjegjesise-do-punojme-ne-kete-drejtim\/","title":{"rendered":"Sulmi kibernetik ndaj Shqip\u00ebris\u00eb, Sht\u00ebpia e Bardh\u00eb: Irani do mbaj\u00eb p\u00ebrgjegj\u00ebsi, do punojm\u00eb n\u00eb k\u00ebt\u00eb drejtim","gt_translate_keys":[{"key":"rendered","format":"text"}]},"content":{"rendered":"<p><span style=\"color: #000000;\"><img loading=\"lazy\" decoding=\"async\" class=\"aligncenter size-full wp-image-547631\" src=\"https:\/\/www.hashtag.al\/wp-content\/uploads\/2022\/09\/jeanpierre-scaled.jpg\" alt=\"\" width=\"2560\" height=\"1705\" srcset=\"https:\/\/www.hashtag.al\/wp-content\/uploads\/2022\/09\/jeanpierre-scaled.jpg 2560w, https:\/\/www.hashtag.al\/wp-content\/uploads\/2022\/09\/jeanpierre-300x200.jpg 300w, https:\/\/www.hashtag.al\/wp-content\/uploads\/2022\/09\/jeanpierre-1024x682.jpg 1024w, https:\/\/www.hashtag.al\/wp-content\/uploads\/2022\/09\/jeanpierre-768x511.jpg 768w, https:\/\/www.hashtag.al\/wp-content\/uploads\/2022\/09\/jeanpierre-1536x1023.jpg 1536w, https:\/\/www.hashtag.al\/wp-content\/uploads\/2022\/09\/jeanpierre-2048x1364.jpg 2048w\" sizes=\"auto, (max-width: 2560px) 100vw, 2560px\" \/><\/span><\/p>\n<p><span style=\"color: #000000;\">SHBA-ja ka shprehur edhe nj\u00ebher\u00eb mb\u00ebshtetjen p\u00ebr Shqip\u00ebrin\u00eb lidhur me sulmin kibernetik t\u00eb 15 korrikut ku u paralizuan p\u00ebr disa dit\u00eb platforma e qeveris\u00eb shqiptare.<\/span><\/p>\n<p><span style=\"color: #000000;\"> N\u00eb nj\u00eb deklarat\u00eb p\u00ebr mediat, z\u00ebdh\u00ebn\u00ebsja e Sht\u00ebpis\u00eb s\u00eb Bardh\u00eb Karine Jean Pierre ka th\u00ebn\u00eb se Irani duhet t\u00eb vihet para p\u00ebrgjegj\u00ebsis\u00eb lidhur me sulmin kibernetik nd\u00ebrsa shtoi se Uashingtoni do punoj\u00eb me Tiran\u00ebn p\u00ebr forcimin e siguris\u00eb kibernetike.<\/span><\/p>\n<p><span style=\"color: #000000;\"><em>\u201cRoli yn\u00eb \u00ebsht\u00eb t\u00eb mb\u00ebshtesim p\u00ebrpjekjet e Shqip\u00ebris\u00eb p\u00ebr t\u00eb v\u00ebn\u00eb para p\u00ebrgjegj\u00ebsis\u00eb Iranin dhe t\u00eb punojm\u00eb me Shqip\u00ebrin\u00eb p\u00ebr t\u00eb p\u00ebrforcuar sigurin\u00eb e saj kibernetike, si dhe t\u00eb fuqizojm\u00eb normat e sjelljes s\u00eb p\u00ebrgjegjshme shtet\u00ebrore n\u00eb hap\u00ebsir\u00ebn kibernetike. Kjo \u00ebsht\u00eb ajo q\u00eb do b\u00ebjm\u00eb. Aleat\u00ebt n\u00eb NATO i marrin vet\u00eb vendimet e tyre sovrane se si t\u2019i kund\u00ebrp\u00ebrgjigjen sulmeve kibernetike, p\u00ebrfshir\u00eb n\u00ebse do p\u00ebrdorin Artikullin 5, pasi e di q\u00eb njer\u00ebzit kan\u00eb pyetur rreth tij, \u00a0por kjo i takon aleat\u00ebve n\u00eb NATO. \u00cbsht\u00eb nj\u00eb proces i shum\u00ebfisht\u00eb p\u00ebrpara se ne mund t\u00eb aktivizojm\u00eb Artikullin 5, pra edhe nj\u00ebher\u00eb, kjo \u00ebsht\u00eb nj\u00eb \u00e7\u00ebshtje q\u00eb aleat\u00ebt n\u00eb NATO do e diskutojn\u00eb.\u201d<\/em> &#8211; tha Jean Pierre.<\/span><\/p>\n<p><span style=\"color: #000000;\">Kryeministri Rama tha dje n\u00eb nj\u00eb konferenc\u00eb t\u00eb jasht\u00ebzakonshme p\u00ebr shtyp se pas hetimit t\u00eb thelluar ishte zbuluar se sulmi kibernetik ndaj Shqip\u00ebris\u00eb ishte orkestruar e sponsorizuar nga Irani. <\/span><\/p>\n<p><span style=\"color: #000000;\">Pas k\u00ebsaj ai njoftoi nd\u00ebrprerjen e menj\u00ebhershme t\u00eb marr\u00ebdh\u00ebnieve diplomastike me Iranin dhe i dha koh\u00eb ambasad\u00ebs iraniane n\u00eb Tiran\u00eb q\u00eb t\u00eb largohet nga vendi brenda 24 or\u00ebsh.<\/span><\/p>\n","protected":false,"gt_translate_keys":[{"key":"rendered","format":"html"}]},"excerpt":{"rendered":"<p>SHBA-ja ka shprehur edhe nj\u00ebher\u00eb mb\u00ebshtetjen p\u00ebr Shqip\u00ebrin\u00eb lidhur me sulmin kibernetik t\u00eb 15 korrikut ku u paralizuan p\u00ebr disa dit\u00eb platforma e qeveris\u00eb shqiptare. N\u00eb nj\u00eb deklarat\u00eb p\u00ebr mediat, z\u00ebdh\u00ebn\u00ebsja e Sht\u00ebpis\u00eb s\u00eb Bardh\u00eb Karine Jean Pierre ka th\u00ebn\u00eb se Irani duhet t\u00eb vihet para p\u00ebrgjegj\u00ebsis\u00eb lidhur me sulmin kibernetik nd\u00ebrsa shtoi se Uashingtoni [&hellip;]<\/p>\n","protected":false,"gt_translate_keys":[{"key":"rendered","format":"html"}]},"author":51,"featured_media":547631,"comment_status":"closed","ping_status":"closed","sticky":false,"template":"","format":"standard","meta":{"footnotes":""},"categories":[65,13],"tags":[],"class_list":["post-547630","post","type-post","status-publish","format-standard","has-post-thumbnail","hentry","category-lajme","category-te-fundit"],"gt_translate_keys":[{"key":"link","format":"url"}],"_links":{"self":[{"href":"https:\/\/www.hashtag.al\/index.php\/wp-json\/wp\/v2\/posts\/547630","targetHints":{"allow":["GET"]}}],"collection":[{"href":"https:\/\/www.hashtag.al\/index.php\/wp-json\/wp\/v2\/posts"}],"about":[{"href":"https:\/\/www.hashtag.al\/index.php\/wp-json\/wp\/v2\/types\/post"}],"author":[{"embeddable":true,"href":"https:\/\/www.hashtag.al\/index.php\/wp-json\/wp\/v2\/users\/51"}],"replies":[{"embeddable":true,"href":"https:\/\/www.hashtag.al\/index.php\/wp-json\/wp\/v2\/comments?post=547630"}],"version-history":[{"count":0,"href":"https:\/\/www.hashtag.al\/index.php\/wp-json\/wp\/v2\/posts\/547630\/revisions"}],"wp:featuredmedia":[{"embeddable":true,"href":"https:\/\/www.hashtag.al\/index.php\/wp-json\/wp\/v2\/media\/547631"}],"wp:attachment":[{"href":"https:\/\/www.hashtag.al\/index.php\/wp-json\/wp\/v2\/media?parent=547630"}],"wp:term":[{"taxonomy":"category","embeddable":true,"href":"https:\/\/www.hashtag.al\/index.php\/wp-json\/wp\/v2\/categories?post=547630"},{"taxonomy":"post_tag","embeddable":true,"href":"https:\/\/www.hashtag.al\/index.php\/wp-json\/wp\/v2\/tags?post=547630"}],"curies":[{"name":"wp","href":"https:\/\/api.w.org\/{rel}","templated":true}]}}