{"id":547482,"date":"2022-09-07T17:38:41","date_gmt":"2022-09-07T15:38:41","guid":{"rendered":"https:\/\/www.hashtag.al\/?p=547482"},"modified":"2022-09-07T18:13:56","modified_gmt":"2022-09-07T16:13:56","slug":"paralajmerimi-i-rames-katet-pa-leje-do-u-merren-dhe-do-perdoren-per-strehim-apo-zyra","status":"publish","type":"post","link":"https:\/\/www.hashtag.al\/index.php\/2022\/09\/07\/paralajmerimi-i-rames-katet-pa-leje-do-u-merren-dhe-do-perdoren-per-strehim-apo-zyra\/","title":{"rendered":"Paralajm\u00ebrimi i Ram\u00ebs: Katet pa leje do u merren dhe do p\u00ebrdoren p\u00ebr strehim apo zyra","gt_translate_keys":[{"key":"rendered","format":"text"}]},"content":{"rendered":"<p><span style=\"color: #000000;\"><a href=\"https:\/\/www.hashtag.al\/wp-content\/uploads\/2022\/09\/rama-2.jpg\"><img loading=\"lazy\" decoding=\"async\" class=\"aligncenter size-full wp-image-547451\" src=\"https:\/\/www.hashtag.al\/wp-content\/uploads\/2022\/09\/rama-2.jpg\" alt=\"\" width=\"857\" height=\"406\" srcset=\"https:\/\/www.hashtag.al\/wp-content\/uploads\/2022\/09\/rama-2.jpg 857w, https:\/\/www.hashtag.al\/wp-content\/uploads\/2022\/09\/rama-2-300x142.jpg 300w, https:\/\/www.hashtag.al\/wp-content\/uploads\/2022\/09\/rama-2-768x364.jpg 768w\" sizes=\"auto, (max-width: 857px) 100vw, 857px\" \/><\/a><\/span><\/p>\n<p><span style=\"color: #000000;\">N\u00eb takimin e sot\u00ebm me drejtuesit e Policis\u00eb s\u00eb Shtetit, kryeministri Edi Rama ka paralajm\u00ebruar nj\u00eb operacion p\u00ebr nd\u00ebrtimet pa leje n\u00eb gjith\u00eb vendin.<\/span><\/p>\n<p><span style=\"color: #000000;\">Ai tha se t\u00eb gjitha katet e nd\u00ebrtuara pa leje, do t\u00eb konfiskohen apo prishen. Objektet q\u00eb do t\u00eb konfiskohen do t\u00eb p\u00ebrdoren ose p\u00ebr strehim social, ose p\u00ebr zyra institucionesh shtet\u00ebrore q\u00eb jan\u00eb me qira.<\/span><\/p>\n<p><span style=\"color: #000000;\">Madje kryeministri u b\u00ebri thirrje nd\u00ebrtuesve abuziv\u00eb q\u00eb t\u2019i dhurojn\u00eb objektet e tyre para se t\u2019i konfiskohen.<\/span><\/p>\n<p><span style=\"color: #000000;\"><em>\u201cM\u00eb falni por \u00ebsht\u00eb e papranueshme q\u00eb t\u00eb lul\u00ebzojn\u00eb katet dhe shtesat pa leje n\u00eb pallatet q\u00eb t\u00eb kamurit nd\u00ebrtojn\u00eb sa n\u00eb det, sa n\u00eb r\u00ebr\u00eb, sa dhe n\u00eb mes t\u00eb Tiran\u00ebs, sa dhe k\u00ebtu ngjitur me sheshin Sk\u00ebnderbej q\u00eb vet\u00ebm nuk b\u00ebrtet pallati, \u2018shihni sa u zgjata o njer\u00ebz me mendje t\u00eb shkurt\u00ebr\u2019, pa i hyr\u00eb gjemb n\u00eb k\u00ebmb\u00eb. P\u00ebrkundrazi gjembat m\u00eb hyjn\u00eb mua t\u00eb parin q\u00eb jam aksioner me t\u00eb gjith\u00eb k\u00ebta dhe m\u00eb pas ju hyjn\u00eb atyre n\u00eb fshat me duart me kallo q\u00eb i kap me zell t\u00eb madh policia p\u00ebr nj\u00eb mur avllie pa leje, apo edhe qytetar\u00ebt q\u00eb kapen p\u00ebr shtrim pllakash pa leje.<\/em><\/span><\/p>\n<p><em><span style=\"color: #000000;\">Ky \u00ebsht\u00eb kontrasti m\u00eb i neveritsh\u00ebm q\u00eb mund t\u00eb b\u00ebhet dhe k\u00ebrkohet adresim i menj\u00ebhersh\u00ebm dhe i pam\u00ebshirsh\u00ebm qoft\u00eb ndaj k\u00ebtyre pasunar\u00ebve q\u00eb kan\u00eb miliona p\u00ebr kate e p\u00ebr lla\u00e7 e p\u00ebr tulla dhe q\u00eb duhen zmbrapsur menj\u00ebher\u00eb, sepse e kan\u00eb b\u00ebr\u00eb vij\u00ebn e ligjit si nj\u00eb litar q\u00eb k\u00ebrcejn\u00eb me lloj lloj marifetesh, qoft\u00eb ndaj punonj\u00ebsve t\u00eb policis\u00eb q\u00eb u puthin k\u00ebmb\u00ebt pasanik\u00ebve p\u00ebr ca lek\u00eb t\u00eb qelbura.<\/span><\/em><\/p>\n<p><em><span style=\"color: #000000;\">Policia t\u00eb angazhohet fuqish\u00ebm e t\u00eb mb\u00ebshtes\u00eb nj\u00eb operacion bazuar n\u00eb vendimin e sot\u00ebm t\u00eb K\u00ebshillit t\u00eb Ministrave p\u00ebr shembjen apo konfiskimin p\u00ebr interes publik, p\u00ebr t\u00eb gjitha sip\u00ebrfa\u00ebqeve n\u00eb pallate e hotele qendra biznesi t\u00eb nd\u00ebrtuara n\u00eb shkelje t\u00eb ligjit. K\u00ebt\u00eb shkruan ligji, por kjo nuk \u00ebsht\u00eb zbatuar. Ato q\u00eb do t\u00eb konfiskohen do t\u00eb \u00e7ohen p\u00ebr strehim social apo p\u00ebr mjedise pune p\u00ebr institucionet se kemi ende q\u00eb jan\u00eb me qera, paguajn\u00eb qera nga taksapaguesit, nd\u00ebrsa 4 -5 mij\u00eb metra jan\u00eb k\u00ebtu ngjitur n\u00eb sheshin Sk\u00ebnderbej n\u00eb vend perfekt.<\/span><\/em><\/p>\n<p><em><span style=\"color: #000000;\">Do t\u2019i marrim ose do t\u00eb na i japin. K\u00ebtu do t\u2019i b\u00ebj thirrje nd\u00ebrtuesve t\u00eb p\u00ebrfshir\u00eb n\u00eb k\u00ebt\u00eb \u00e7orb\u00eb q\u00eb mos p\u00ebrdorin klient\u00ebt si pengje as mos mendojn\u00eb se ka rrug\u00ebdaljeje tjet\u00ebr. Flasim p\u00ebr milioner\u00ebt q\u00eb nd\u00ebrtojn\u00eb kate pa leje q\u00eb hapen majtas ose djathtas, shemben ose konfiskohen, plus paguhet gjob\u00eb dhe d\u00ebrgohet p\u00ebr ndjekje penale.<\/span><\/em><\/p>\n<p><em><span style=\"color: #000000;\">Sot me VKM ju kemi dh\u00ebn\u00eb t\u00eb drejt\u00ebn e parablerjes s\u00eb metrave katror me \u00e7mimin real t\u00eb tregut, jo me at\u00eb q\u00eb deklarojn\u00eb atje. I kemi dh\u00ebn\u00eb mund\u00ebsin\u00eb q\u00eb ta dhurojn\u00eb, si nj\u00eb m\u00ebnyr\u00eb p\u00ebr t\u00eb lar\u00eb pjes\u00ebrisht m\u00ebkatin, ta dhurojn\u00eb p\u00ebr popullin dhe shtetin q\u00eb ti krijojn\u00eb mund\u00ebsi ligj\u00ebrimit t\u00eb objektit q\u00eb do p\u00ebrdoret p\u00ebr t\u00eb pastreh\u00ebt apo p\u00ebr shtetin. \u00c7do\u00a0leke q\u00eb do mblidhet nga parablerja e mundshme, do t\u00eb shkoj\u00eb p\u00ebr shpron\u00ebsime, shpron\u00ebsimet tek unaza e re duan lek\u00eb. K\u00ebto lek\u00ebt k\u00ebtu nuk mjaftojn\u00eb p\u00ebr t\u00eb gjith\u00eb, por do p\u00ebrdoren.<\/span><\/em><\/p>\n<p><span style=\"color: #000000;\"><em>Nj\u00eb gj\u00eb \u00ebsht\u00eb e sigurt ata do bllokojn\u00eb veten e tyre dhe do shuhen si aktor\u00eb ekonomik\u00eb do ken\u00eb pasoja t\u00eb r\u00ebnda m\u00eb shum\u00eb sesa dhurimi i kateve shtes\u00eb q\u00eb nuk i takojn\u00eb, por ja kan\u00eb marr\u00eb qiellit dhe hap\u00ebsir\u00ebs q\u00eb nuk \u00ebsht\u00eb e tyre.\u201d<\/em>&#8211; tha Rama.<\/span><\/p>\n","protected":false,"gt_translate_keys":[{"key":"rendered","format":"html"}]},"excerpt":{"rendered":"<p>N\u00eb takimin e sot\u00ebm me drejtuesit e Policis\u00eb s\u00eb Shtetit, kryeministri Edi Rama ka paralajm\u00ebruar nj\u00eb operacion p\u00ebr nd\u00ebrtimet pa leje n\u00eb gjith\u00eb vendin. Ai tha se t\u00eb gjitha katet e nd\u00ebrtuara pa leje, do t\u00eb konfiskohen apo prishen. Objektet q\u00eb do t\u00eb konfiskohen do t\u00eb p\u00ebrdoren ose p\u00ebr strehim social, ose p\u00ebr zyra institucionesh [&hellip;]<\/p>\n","protected":false,"gt_translate_keys":[{"key":"rendered","format":"html"}]},"author":30,"featured_media":547451,"comment_status":"closed","ping_status":"closed","sticky":false,"template":"","format":"standard","meta":{"footnotes":""},"categories":[65,13],"tags":[],"class_list":["post-547482","post","type-post","status-publish","format-standard","has-post-thumbnail","hentry","category-lajme","category-te-fundit"],"gt_translate_keys":[{"key":"link","format":"url"}],"_links":{"self":[{"href":"https:\/\/www.hashtag.al\/index.php\/wp-json\/wp\/v2\/posts\/547482","targetHints":{"allow":["GET"]}}],"collection":[{"href":"https:\/\/www.hashtag.al\/index.php\/wp-json\/wp\/v2\/posts"}],"about":[{"href":"https:\/\/www.hashtag.al\/index.php\/wp-json\/wp\/v2\/types\/post"}],"author":[{"embeddable":true,"href":"https:\/\/www.hashtag.al\/index.php\/wp-json\/wp\/v2\/users\/30"}],"replies":[{"embeddable":true,"href":"https:\/\/www.hashtag.al\/index.php\/wp-json\/wp\/v2\/comments?post=547482"}],"version-history":[{"count":0,"href":"https:\/\/www.hashtag.al\/index.php\/wp-json\/wp\/v2\/posts\/547482\/revisions"}],"wp:featuredmedia":[{"embeddable":true,"href":"https:\/\/www.hashtag.al\/index.php\/wp-json\/wp\/v2\/media\/547451"}],"wp:attachment":[{"href":"https:\/\/www.hashtag.al\/index.php\/wp-json\/wp\/v2\/media?parent=547482"}],"wp:term":[{"taxonomy":"category","embeddable":true,"href":"https:\/\/www.hashtag.al\/index.php\/wp-json\/wp\/v2\/categories?post=547482"},{"taxonomy":"post_tag","embeddable":true,"href":"https:\/\/www.hashtag.al\/index.php\/wp-json\/wp\/v2\/tags?post=547482"}],"curies":[{"name":"wp","href":"https:\/\/api.w.org\/{rel}","templated":true}]}}