{"id":547231,"date":"2022-09-06T21:33:50","date_gmt":"2022-09-06T19:33:50","guid":{"rendered":"https:\/\/www.hashtag.al\/?p=547231"},"modified":"2022-09-06T21:34:27","modified_gmt":"2022-09-06T19:34:27","slug":"meta-paralajmeron-nxjerrjen-e-fakteve-per-zjarrin-ne-shijak-ajo-qe-ndodhi-me-inceneratoret-nuk-mbulohet","status":"publish","type":"post","link":"https:\/\/www.hashtag.al\/index.php\/2022\/09\/06\/meta-paralajmeron-nxjerrjen-e-fakteve-per-zjarrin-ne-shijak-ajo-qe-ndodhi-me-inceneratoret-nuk-mbulohet\/","title":{"rendered":"Meta paralajm\u00ebron nxjerrjen e fakteve p\u00ebr zjarrin n\u00eb Shijak: Ajo q\u00eb ndodhi me incenerator\u00ebt nuk mbulohet","gt_translate_keys":[{"key":"rendered","format":"text"}]},"content":{"rendered":"<p style=\"text-align: justify;\"><span style=\"color: #000000;\"><a href=\"https:\/\/www.hashtag.al\/wp-content\/uploads\/2022\/09\/meta-abc.png\"><img loading=\"lazy\" decoding=\"async\" class=\"aligncenter size-full wp-image-547232\" src=\"https:\/\/www.hashtag.al\/wp-content\/uploads\/2022\/09\/meta-abc.png\" alt=\"\" width=\"1320\" height=\"702\" srcset=\"https:\/\/www.hashtag.al\/wp-content\/uploads\/2022\/09\/meta-abc.png 1320w, https:\/\/www.hashtag.al\/wp-content\/uploads\/2022\/09\/meta-abc-300x160.png 300w, https:\/\/www.hashtag.al\/wp-content\/uploads\/2022\/09\/meta-abc-1024x545.png 1024w, https:\/\/www.hashtag.al\/wp-content\/uploads\/2022\/09\/meta-abc-768x408.png 768w\" sizes=\"auto, (max-width: 1320px) 100vw, 1320px\" \/><\/a><\/span><\/p>\n<p style=\"text-align: justify;\"><span style=\"color: #000000;\">Kreu i Partis\u00eb s\u00eb Liris\u00eb n\u00eb nj\u00eb intervist\u00eb p\u00ebr emisionin \u201cLog\u201d ka paralajm\u00ebruar publikimin e fakteve t\u00eb reja p\u00ebr zjarrin n\u00eb vend depozitimin e mbeturinave n\u00eb Shijak.<\/span><\/p>\n<p style=\"text-align: justify;\"><span style=\"color: #000000;\">Meta tha se n\u00eb Shijak nuk ishte nj\u00eb zjarr i vog\u00ebl por nj\u00eb afer\u00eb q\u00eb ndodh r\u00ebndom n\u00eb shum\u00eb bashki.<\/span><\/p>\n<p style=\"text-align: justify;\"><span style=\"color: #000000;\"><em>\u201cNes\u00ebr do t\u00eb keni fakte t\u00eb reja nga afera e Shijakut, q\u00eb nuk \u00ebsht\u00eb zjarr i vog\u00ebl. Ajo q\u00eb ka ndodhur me inceneratorin nuk mbulohet. Kjo e Shijakut nuk ndodh vet\u00ebm n\u00eb Shijak, por ndodh edhe n\u00eb shum\u00eb bashki t\u00eb tjera ku plehrat depozitohen n\u00eb vende q\u00eb nuk jan\u00eb p\u00ebr k\u00ebt\u00eb pun\u00eb. E din\u00eb qytetar\u00ebt. Ata p\u00ebr \u00e7\u00ebshtjen e marr\u00ebveshjes le t\u00eb shkojn\u00eb dhe ta sqarojn\u00eb n\u00eb Prokurori. Ne do t\u00eb jemi pran\u00eb komunitetit t\u00eb Shijakut p\u00ebr t\u2019i mbrojtur\u201d-<\/em>deklaroi Meta<em>.<\/em><\/span><\/p>\n<p style=\"text-align: justify;\"><span style=\"color: #000000;\">Meta shkoi personalisht dit\u00ebn e sotme n\u00eb vendin ku ra zjarri, nd\u00ebrsa nga kryetari i Bashkis\u00eb s\u00eb Shijakut u tha se opozita \u00ebsht\u00eb nxit\u00ebse e situatave t\u00eb tilla.<\/span><\/p>\n","protected":false,"gt_translate_keys":[{"key":"rendered","format":"html"}]},"excerpt":{"rendered":"<p>Kreu i Partis\u00eb s\u00eb Liris\u00eb n\u00eb nj\u00eb intervist\u00eb p\u00ebr emisionin \u201cLog\u201d ka paralajm\u00ebruar publikimin e fakteve t\u00eb reja p\u00ebr zjarrin n\u00eb vend depozitimin e mbeturinave n\u00eb Shijak. Meta tha se n\u00eb Shijak nuk ishte nj\u00eb zjarr i vog\u00ebl por nj\u00eb afer\u00eb q\u00eb ndodh r\u00ebndom n\u00eb shum\u00eb bashki. \u201cNes\u00ebr do t\u00eb keni fakte t\u00eb reja nga [&hellip;]<\/p>\n","protected":false,"gt_translate_keys":[{"key":"rendered","format":"html"}]},"author":32,"featured_media":547232,"comment_status":"closed","ping_status":"closed","sticky":false,"template":"","format":"standard","meta":{"footnotes":""},"categories":[65,13],"tags":[],"class_list":["post-547231","post","type-post","status-publish","format-standard","has-post-thumbnail","hentry","category-lajme","category-te-fundit"],"gt_translate_keys":[{"key":"link","format":"url"}],"_links":{"self":[{"href":"https:\/\/www.hashtag.al\/index.php\/wp-json\/wp\/v2\/posts\/547231","targetHints":{"allow":["GET"]}}],"collection":[{"href":"https:\/\/www.hashtag.al\/index.php\/wp-json\/wp\/v2\/posts"}],"about":[{"href":"https:\/\/www.hashtag.al\/index.php\/wp-json\/wp\/v2\/types\/post"}],"author":[{"embeddable":true,"href":"https:\/\/www.hashtag.al\/index.php\/wp-json\/wp\/v2\/users\/32"}],"replies":[{"embeddable":true,"href":"https:\/\/www.hashtag.al\/index.php\/wp-json\/wp\/v2\/comments?post=547231"}],"version-history":[{"count":0,"href":"https:\/\/www.hashtag.al\/index.php\/wp-json\/wp\/v2\/posts\/547231\/revisions"}],"wp:featuredmedia":[{"embeddable":true,"href":"https:\/\/www.hashtag.al\/index.php\/wp-json\/wp\/v2\/media\/547232"}],"wp:attachment":[{"href":"https:\/\/www.hashtag.al\/index.php\/wp-json\/wp\/v2\/media?parent=547231"}],"wp:term":[{"taxonomy":"category","embeddable":true,"href":"https:\/\/www.hashtag.al\/index.php\/wp-json\/wp\/v2\/categories?post=547231"},{"taxonomy":"post_tag","embeddable":true,"href":"https:\/\/www.hashtag.al\/index.php\/wp-json\/wp\/v2\/tags?post=547231"}],"curies":[{"name":"wp","href":"https:\/\/api.w.org\/{rel}","templated":true}]}}