{"id":547031,"date":"2022-09-06T09:04:56","date_gmt":"2022-09-06T07:04:56","guid":{"rendered":"https:\/\/www.hashtag.al\/?p=547031"},"modified":"2022-09-06T09:04:56","modified_gmt":"2022-09-06T07:04:56","slug":"meta-pas-deklarates-se-gledis-nanos-ne-shqiperi-mafia-ka-shtetin-e-vet-ta-shporrim-kryeministrin-e-krimit","status":"publish","type":"post","link":"https:\/\/www.hashtag.al\/index.php\/2022\/09\/06\/meta-pas-deklarates-se-gledis-nanos-ne-shqiperi-mafia-ka-shtetin-e-vet-ta-shporrim-kryeministrin-e-krimit\/","title":{"rendered":"Meta pas deklarat\u00ebs s\u00eb Gledis Nanos: N\u00eb Shqip\u00ebri mafia ka shtetin e vet, ta shporrim kryeministrin e krimit","gt_translate_keys":[{"key":"rendered","format":"text"}]},"content":{"rendered":"<p><span style=\"color: #000000;\"><img loading=\"lazy\" decoding=\"async\" class=\"aligncenter size-full wp-image-546893\" src=\"https:\/\/www.hashtag.al\/wp-content\/uploads\/2022\/09\/Ilir-Meta-3.jpg\" alt=\"\" width=\"835\" height=\"428\" srcset=\"https:\/\/www.hashtag.al\/wp-content\/uploads\/2022\/09\/Ilir-Meta-3.jpg 835w, https:\/\/www.hashtag.al\/wp-content\/uploads\/2022\/09\/Ilir-Meta-3-300x154.jpg 300w, https:\/\/www.hashtag.al\/wp-content\/uploads\/2022\/09\/Ilir-Meta-3-768x394.jpg 768w, https:\/\/www.hashtag.al\/wp-content\/uploads\/2022\/09\/Ilir-Meta-3-568x290.jpg 568w\" sizes=\"auto, (max-width: 835px) 100vw, 835px\" \/><\/span><\/p>\n<p><span style=\"color: #000000;\">Kreu i Partis\u00eb s\u00eb Liris\u00eb ka reaguar pas deklaratave t\u00eb b\u00ebra nga ish-drejtori i Policis\u00eb s\u00eb Shtetit p\u00ebr median franceze ku tha se 14 kriminel\u00eb ishin arratisur p\u00ebr shkak t\u00eb dekonspirimit t\u00eb aksioneve t\u00eb policis\u00eb. <\/span><\/p>\n<p><span style=\"color: #000000;\">Meta shkruan se \u00e7do shtet ka mafien e tij nd\u00ebrsa n\u00eb Shqip\u00ebria mafia ka shtetin e vet. <\/span><\/p>\n<p><span style=\"color: #000000;\">Ai shkruan se kjo qeveri e kryeministrit t\u00eb krimit e shpopullimit duhet shporrur nj\u00eb or\u00eb e m\u00eb par\u00eb.<\/span><\/p>\n<p><span style=\"color: #000000;\"><em>\u201cTani \u00ebsht\u00eb e qart\u00eb se cili \u00ebsht\u00eb objektivi q\u00eb nuk realizoi Policia e Shtetit, q\u00eb solli si pasoj\u00eb shkarkimin e Drejtorit t\u00eb P\u00ebrgjithsh\u00ebm. U dekonspiruan vet\u00ebm 14, por duhej t\u00eb dekonspiroheshin t\u00eb gjith\u00eb.<\/em><\/span><\/p>\n<p><span style=\"color: #000000;\"><em>\u00c7do shtet ka mafien e tij por k\u00ebtu mafia ka shtetin e vet. Ndaj nj\u00eb or\u00eb e m\u00eb par\u00eb p\u00ebr t\u00eb shporrur Kryeministrin e Krimit dhe Shpopullimit!\u201d<\/em> &#8211; shkruan Meta.<\/span><\/p>\n","protected":false,"gt_translate_keys":[{"key":"rendered","format":"html"}]},"excerpt":{"rendered":"<p>Kreu i Partis\u00eb s\u00eb Liris\u00eb ka reaguar pas deklaratave t\u00eb b\u00ebra nga ish-drejtori i Policis\u00eb s\u00eb Shtetit p\u00ebr median franceze ku tha se 14 kriminel\u00eb ishin arratisur p\u00ebr shkak t\u00eb dekonspirimit t\u00eb aksioneve t\u00eb policis\u00eb. Meta shkruan se \u00e7do shtet ka mafien e tij nd\u00ebrsa n\u00eb Shqip\u00ebria mafia ka shtetin e vet. Ai shkruan se [&hellip;]<\/p>\n","protected":false,"gt_translate_keys":[{"key":"rendered","format":"html"}]},"author":51,"featured_media":546893,"comment_status":"closed","ping_status":"closed","sticky":false,"template":"","format":"standard","meta":{"footnotes":""},"categories":[65,13],"tags":[],"class_list":["post-547031","post","type-post","status-publish","format-standard","has-post-thumbnail","hentry","category-lajme","category-te-fundit"],"gt_translate_keys":[{"key":"link","format":"url"}],"_links":{"self":[{"href":"https:\/\/www.hashtag.al\/index.php\/wp-json\/wp\/v2\/posts\/547031","targetHints":{"allow":["GET"]}}],"collection":[{"href":"https:\/\/www.hashtag.al\/index.php\/wp-json\/wp\/v2\/posts"}],"about":[{"href":"https:\/\/www.hashtag.al\/index.php\/wp-json\/wp\/v2\/types\/post"}],"author":[{"embeddable":true,"href":"https:\/\/www.hashtag.al\/index.php\/wp-json\/wp\/v2\/users\/51"}],"replies":[{"embeddable":true,"href":"https:\/\/www.hashtag.al\/index.php\/wp-json\/wp\/v2\/comments?post=547031"}],"version-history":[{"count":0,"href":"https:\/\/www.hashtag.al\/index.php\/wp-json\/wp\/v2\/posts\/547031\/revisions"}],"wp:featuredmedia":[{"embeddable":true,"href":"https:\/\/www.hashtag.al\/index.php\/wp-json\/wp\/v2\/media\/546893"}],"wp:attachment":[{"href":"https:\/\/www.hashtag.al\/index.php\/wp-json\/wp\/v2\/media?parent=547031"}],"wp:term":[{"taxonomy":"category","embeddable":true,"href":"https:\/\/www.hashtag.al\/index.php\/wp-json\/wp\/v2\/categories?post=547031"},{"taxonomy":"post_tag","embeddable":true,"href":"https:\/\/www.hashtag.al\/index.php\/wp-json\/wp\/v2\/tags?post=547031"}],"curies":[{"name":"wp","href":"https:\/\/api.w.org\/{rel}","templated":true}]}}