{"id":546897,"date":"2022-09-05T14:50:10","date_gmt":"2022-09-05T12:50:10","guid":{"rendered":"https:\/\/www.hashtag.al\/?p=546897"},"modified":"2022-09-05T14:56:34","modified_gmt":"2022-09-05T12:56:34","slug":"si-u-kthye-nga-liberale-ne-konservatore-te-thekur-njihuni-me-kryeministren-e-ardhshme-te-britanise-liz-truss-foto","status":"publish","type":"post","link":"https:\/\/www.hashtag.al\/index.php\/2022\/09\/05\/si-u-kthye-nga-liberale-ne-konservatore-te-thekur-njihuni-me-kryeministren-e-ardhshme-te-britanise-liz-truss-foto\/","title":{"rendered":"Si u kthye nga liberale n\u00eb konservatore t\u00eb thekur &#8211; Njihuni me kryeministren e ardhshme t\u00eb Britanis\u00eb, Liz Truss (FOTO)","gt_translate_keys":[{"key":"rendered","format":"text"}]},"content":{"rendered":"<p><span style=\"color: #000000;\"><a href=\"https:\/\/www.hashtag.al\/wp-content\/uploads\/2022\/09\/TRUSS-1.jpg\"><img loading=\"lazy\" decoding=\"async\" class=\"aligncenter size-full wp-image-546899\" src=\"https:\/\/www.hashtag.al\/wp-content\/uploads\/2022\/09\/TRUSS-1.jpg\" alt=\"\" width=\"768\" height=\"491\" srcset=\"https:\/\/www.hashtag.al\/wp-content\/uploads\/2022\/09\/TRUSS-1.jpg 768w, https:\/\/www.hashtag.al\/wp-content\/uploads\/2022\/09\/TRUSS-1-300x192.jpg 300w\" sizes=\"auto, (max-width: 768px) 100vw, 768px\" \/><\/a><\/span><\/p>\n<p><span style=\"color: #000000;\">Liz Truss do t\u00eb b\u00ebhet kryeministrja e ardhshme e Mbret\u00ebris\u00eb s\u00eb Bashkuar pasi fitoi gar\u00ebn p\u00ebr t\u00eb z\u00ebvend\u00ebsuar Boris Johnsonin si lider t\u00eb Partis\u00eb Konservatore. Por nga vjen ajo dhe \u00e7far\u00eb e b\u00ebri at\u00eb t\u00eb fitoj\u00eb?<\/span><\/p>\n<p><span style=\"color: #000000;\">Truss \u00ebsht\u00eb nj\u00eb ish-aktiviste liberale-demokrate, e cila marshoi kund\u00ebr Margaret Thatcher n\u00eb vitet 1980, por q\u00eb tani pretendon se \u00ebsht\u00eb rojtare e \u201c<em>flak\u00ebs<\/em>\u201d s\u00eb ndezur nga Thatcher.<\/span><\/p>\n<p><span style=\"color: #000000;\">Ajo mund t\u00eb mos jet\u00eb nj\u00eb em\u00ebr i njohur si\u00e7 ishte paraardh\u00ebsi i saj dhe as nuk ishte zgjedhja e par\u00eb e deputet\u00ebve konservator\u00eb p\u00ebr t\u00eb z\u00ebvend\u00ebsuar Boris Johnson. <\/span><span style=\"color: #000000;\">Por premtimi i saj p\u00ebr t&#8217;u kthyer n\u00eb vlerat themelore konservatore, ulja e taksave dhe tkurrja e shtetit, rezultoi t\u00eb ishte pik\u00ebrisht ajo q\u00eb donin t\u00eb d\u00ebgjonin an\u00ebtar\u00ebt e partis\u00eb.<\/span><\/p>\n<p><span style=\"color: #000000;\">Dhe, m\u00eb e r\u00ebnd\u00ebsishmja, si sekretare e jashtme ajo i q\u00ebndroi besnike zotit Johnson deri n\u00eb fund edhe pasi ministrat e tjer\u00eb e braktis\u00ebn at\u00eb, duke fituar pik\u00eb nga besnik\u00ebt e Johnsonit.<\/span><\/p>\n<p><span style=\"color: #000000;\">Mb\u00ebshtet\u00ebsit e konservator\u00ebve baz\u00eb t\u00eb Liz Truss shohin tek ajo cil\u00ebsit\u00eb e pal\u00ebkundura, k\u00ebmb\u00ebngulja dhe vendosm\u00ebria q\u00eb ata admironin te Margaret Thatcher &#8211; nj\u00eb imazh q\u00eb vet\u00eb zonja Truss \u00ebsht\u00eb p\u00ebrpjekur ta kultivoj\u00eb. <\/span><span style=\"color: #000000;\">Por pavar\u00ebsisht ndryshimit t\u00eb pozicioneve dhe besnik\u00ebris\u00eb s\u00eb saj politike gjat\u00eb viteve, k\u00ebto fjal\u00eb shfaqen shpesh kur miqve dhe familjes u k\u00ebrkohet t\u00eb p\u00ebrshkruajn\u00eb karakterin e saj &#8211; s\u00eb bashku me &#8220;<em>ambicioze<\/em>&#8220;.<\/span><\/p>\n<p><span style=\"color: #000000;\"><em>\u201cAjo \u00ebsht\u00eb nj\u00eb person me shum\u00eb opinion p\u00ebr sa i p\u00ebrket asaj q\u00eb d\u00ebshiron.\u201d-<\/em> tha v\u00ebllai i saj Fran\u00e7esku n\u00eb vitin 2017, kur kujtonte dashurin\u00eb adoleshente t\u00eb motr\u00ebs s\u00eb tij m\u00eb t\u00eb madhe me vegjetarianizmin.<\/span><\/p>\n<p><span style=\"color: #000000;\"><em>&#8220;Kur shkon n\u00eb nj\u00eb restorant, mund t\u00eb jesh 14 vje\u00e7, por ajo ishte e parakohshme p\u00ebr at\u00eb q\u00eb do, \u00e7far\u00eb nuk do.&#8221;<\/em>&#8211; shtoi ai sipas <span style=\"color: #0000ff;\"><a style=\"color: #0000ff;\" href=\"https:\/\/www.bbc.com\/news\/uk-politics-58575895\">BBC<\/a><\/span>.<\/span><\/p>\n<p><span style=\"color: #000000;\">Kur familja luante Cluedo ose Monopoly, <em>&#8220;ajo ishte dikush q\u00eb duhej t\u00eb fitonte&#8221;.<\/em><\/span><\/p>\n<p><span style=\"color: #000000;\">Debati serioz politik ishte rend i dit\u00ebs n\u00eb familjen Truss, sipas v\u00ebllait m\u00eb t\u00eb vog\u00ebl t\u00eb saj.<\/span><\/p>\n<div id=\"attachment_546901\" style=\"width: 788px\" class=\"wp-caption aligncenter\"><a href=\"https:\/\/www.hashtag.al\/wp-content\/uploads\/2022\/09\/3-2.jpg\"><img loading=\"lazy\" decoding=\"async\" aria-describedby=\"caption-attachment-546901\" class=\"size-full wp-image-546901\" src=\"https:\/\/www.hashtag.al\/wp-content\/uploads\/2022\/09\/3-2.jpg\" alt=\"\" width=\"778\" height=\"433\" srcset=\"https:\/\/www.hashtag.al\/wp-content\/uploads\/2022\/09\/3-2.jpg 778w, https:\/\/www.hashtag.al\/wp-content\/uploads\/2022\/09\/3-2-300x167.jpg 300w, https:\/\/www.hashtag.al\/wp-content\/uploads\/2022\/09\/3-2-768x427.jpg 768w\" sizes=\"auto, (max-width: 778px) 100vw, 778px\" \/><\/a><p id=\"caption-attachment-546901\" class=\"wp-caption-text\"><span style=\"color: #000000;\"><em>Truss adoleshente b\u00ebri buj\u00eb n\u00eb konferenc\u00ebn e Liberal-Demokrat\u00ebve me q\u00ebndrimin e saj kund\u00ebr monarkis\u00eb<\/em><\/span><\/p><\/div>\n<p><span style=\"color: #000000;\">Duhet t\u00eb jet\u00eb ndjer\u00eb e pashmangshme q\u00eb ajo t\u00eb p\u00ebrfshihej n\u00eb politik\u00eb n\u00eb nj\u00eb far\u00eb mase kur t\u00eb rritej, por askush n\u00eb familjen e saj nuk do ta kishte parashikuar rrug\u00ebn q\u00eb ajo mori p\u00ebrfundimisht.<\/span><\/p>\n<p><span style=\"color: #000000;\">E lindur n\u00eb Oksford n\u00eb vitin 1975, Liz Truss e ka p\u00ebrshkruar baban\u00eb e saj, nj\u00eb profesor matematike, dhe n\u00ebn\u00ebn e saj, nj\u00eb infermiere, si mb\u00ebshtet\u00ebs &#8220;<em>t\u00eb krahut t\u00eb majt\u00eb&#8221;.\u00a0<\/em><\/span><\/p>\n<p><span style=\"color: #000000;\">Kur ishte vajz\u00eb e re, bashk\u00eb me n\u00ebn\u00ebn e saj mori pjes\u00eb n\u00eb marshime p\u00ebr fushat\u00ebn p\u00ebr \u00e7armatimin b\u00ebrthamor, nj\u00eb organizat\u00eb q\u00eb kund\u00ebrshtoi ashp\u00ebr vendimin e qeveris\u00eb Thatcher p\u00ebr t\u00eb lejuar instalimin e kokave b\u00ebrthamore amerikane n\u00eb per\u00ebndim t\u00eb Londr\u00ebs.<\/span><\/p>\n<div id=\"attachment_546898\" style=\"width: 790px\" class=\"wp-caption aligncenter\"><a href=\"https:\/\/www.hashtag.al\/wp-content\/uploads\/2022\/09\/p-1.jpg\"><img loading=\"lazy\" decoding=\"async\" aria-describedby=\"caption-attachment-546898\" class=\"size-full wp-image-546898\" src=\"https:\/\/www.hashtag.al\/wp-content\/uploads\/2022\/09\/p-1.jpg\" alt=\"\" width=\"780\" height=\"439\" srcset=\"https:\/\/www.hashtag.al\/wp-content\/uploads\/2022\/09\/p-1.jpg 780w, https:\/\/www.hashtag.al\/wp-content\/uploads\/2022\/09\/p-1-300x169.jpg 300w, https:\/\/www.hashtag.al\/wp-content\/uploads\/2022\/09\/p-1-768x432.jpg 768w\" sizes=\"auto, (max-width: 780px) 100vw, 780px\" \/><\/a><p id=\"caption-attachment-546898\" class=\"wp-caption-text\"><span style=\"color: #000000;\"><em>Familja Truss n\u00eb fushat\u00eb p\u00ebr \u00e7armatimin b\u00ebrthamor<\/em><\/span><\/p><\/div>\n<p><span style=\"color: #000000;\">Edhe pse ajo tani \u00ebsht\u00eb nj\u00eb konservatore krenare, at\u00ebher\u00eb ajo ishte nj\u00eb liberale skoceze.<\/span><\/p>\n<p><span style=\"color: #000000;\">Familja u zhvendos n\u00eb Paisley, n\u00eb per\u00ebndim t\u00eb Glasgo\u00eb, kur Truss ishte kat\u00ebr vje\u00e7. Familja Truss m\u00eb von\u00eb u zhvendos n\u00eb Leeds, ku ndoqi shkoll\u00ebn e mesme shtet\u00ebrore Roundhay. Ajo ka p\u00ebrshkruar se ka par\u00eb <em>&#8220;f\u00ebmij\u00eb q\u00eb d\u00ebshtuan dhe u zhg\u00ebnjyen nga pritshm\u00ebrit\u00eb e ul\u00ebta<\/em>&#8221; gjat\u00eb koh\u00ebs s\u00eb saj atje.<\/span><\/p>\n<p><span style=\"color: #000000;\">Konvertimi i saj n\u00eb konservatoriz\u00ebm, thuhet se i ka tronditur prind\u00ebrit e saj me prirje t\u00eb majta, por p\u00ebr Mark Littlewood, nj\u00eb koleg i Oxford, ishte nj\u00eb p\u00ebrparim i natyrsh\u00ebm.<\/span><\/p>\n<p><span style=\"color: #000000;\">Ai shtoi se Truss ndryshoi qart\u00eb partit\u00eb, por ky<em> &#8220;ishte nj\u00eb gjykim rreth asaj se cili \u00ebsht\u00eb mjeti m\u00eb i mir\u00eb dhe m\u00eb i mundsh\u00ebm p\u00ebr t\u00eb q\u00eb t\u00eb ket\u00eb sukses n\u00eb politik\u00eb dhe t\u00eb arrij\u00eb at\u00eb q\u00eb d\u00ebshiron t\u00eb arrij\u00eb.&#8221;<\/em><\/span><\/p>\n<p><span style=\"color: #000000;\">Liz Truss, studioi politik\u00eb, filozofi dhe ekonomi n\u00eb Oksford dhe punoi p\u00ebr kompanin\u00eb e naft\u00ebs Shell.<\/span><\/p>\n<div id=\"attachment_546900\" style=\"width: 590px\" class=\"wp-caption aligncenter\"><a href=\"https:\/\/www.hashtag.al\/wp-content\/uploads\/2022\/09\/1-6.jpg\"><img loading=\"lazy\" decoding=\"async\" aria-describedby=\"caption-attachment-546900\" class=\"size-full wp-image-546900\" src=\"https:\/\/www.hashtag.al\/wp-content\/uploads\/2022\/09\/1-6.jpg\" alt=\"\" width=\"580\" height=\"497\" srcset=\"https:\/\/www.hashtag.al\/wp-content\/uploads\/2022\/09\/1-6.jpg 580w, https:\/\/www.hashtag.al\/wp-content\/uploads\/2022\/09\/1-6-300x257.jpg 300w\" sizes=\"auto, (max-width: 580px) 100vw, 580px\" \/><\/a><p id=\"caption-attachment-546900\" class=\"wp-caption-text\"><span style=\"color: #000000;\"><em>Liz Truss u b\u00eb deputete n\u00eb vitin 2010<\/em><\/span><\/p><\/div>\n<p><span style=\"color: #000000;\">N\u00ebn qeverisjen e Theresa May, Truss u b\u00eb Sekretare e Drejt\u00ebsis\u00eb. Boris Johnson e em\u00ebroi at\u00eb fillimisht ministre t\u00eb financave dhe m\u00eb pas si shefe t\u00eb Ministris\u00eb s\u00eb Jashtme. Madje n\u00ebnshkroi nj\u00eb s\u00ebr\u00eb marr\u00ebveshjesh tregtare pas Brexit, megjith\u00ebse dikur b\u00ebri fushat\u00eb q\u00eb Britania t\u00eb q\u00ebndronte n\u00eb Bashkimin Evropian.<\/span><\/p>\n<p><span style=\"color: #000000;\">Truss \u00ebsht\u00eb e martuar dhe ka dy vajza.\u00a0<\/span><\/p>\n<p>&nbsp;<\/p>\n<div id=\"attachment_546903\" style=\"width: 783px\" class=\"wp-caption aligncenter\"><a href=\"https:\/\/www.hashtag.al\/wp-content\/uploads\/2022\/09\/t-1.jpg\"><img loading=\"lazy\" decoding=\"async\" aria-describedby=\"caption-attachment-546903\" class=\"size-full wp-image-546903\" src=\"https:\/\/www.hashtag.al\/wp-content\/uploads\/2022\/09\/t-1.jpg\" alt=\"\" width=\"773\" height=\"435\" srcset=\"https:\/\/www.hashtag.al\/wp-content\/uploads\/2022\/09\/t-1.jpg 773w, https:\/\/www.hashtag.al\/wp-content\/uploads\/2022\/09\/t-1-300x169.jpg 300w, https:\/\/www.hashtag.al\/wp-content\/uploads\/2022\/09\/t-1-768x432.jpg 768w\" sizes=\"auto, (max-width: 773px) 100vw, 773px\" \/><\/a><p id=\"caption-attachment-546903\" class=\"wp-caption-text\"><span style=\"color: #000000;\"><em>Truss hipur mbi nj\u00eb tank nd\u00ebrsa vizitonte trupat britanike n\u00eb Estoni vitin e kaluar<\/em><\/span><\/p><\/div>\n","protected":false,"gt_translate_keys":[{"key":"rendered","format":"html"}]},"excerpt":{"rendered":"<p>Liz Truss do t\u00eb b\u00ebhet kryeministrja e ardhshme e Mbret\u00ebris\u00eb s\u00eb Bashkuar pasi fitoi gar\u00ebn p\u00ebr t\u00eb z\u00ebvend\u00ebsuar Boris Johnsonin si lider t\u00eb Partis\u00eb Konservatore. Por nga vjen ajo dhe \u00e7far\u00eb e b\u00ebri at\u00eb t\u00eb fitoj\u00eb? Truss \u00ebsht\u00eb nj\u00eb ish-aktiviste liberale-demokrate, e cila marshoi kund\u00ebr Margaret Thatcher n\u00eb vitet 1980, por q\u00eb tani pretendon se [&hellip;]<\/p>\n","protected":false,"gt_translate_keys":[{"key":"rendered","format":"html"}]},"author":30,"featured_media":546899,"comment_status":"closed","ping_status":"closed","sticky":false,"template":"","format":"standard","meta":{"footnotes":""},"categories":[22,6,13],"tags":[],"class_list":["post-546897","post","type-post","status-publish","format-standard","has-post-thumbnail","hentry","category-ballina","category-nderkombetare","category-te-fundit"],"gt_translate_keys":[{"key":"link","format":"url"}],"_links":{"self":[{"href":"https:\/\/www.hashtag.al\/index.php\/wp-json\/wp\/v2\/posts\/546897","targetHints":{"allow":["GET"]}}],"collection":[{"href":"https:\/\/www.hashtag.al\/index.php\/wp-json\/wp\/v2\/posts"}],"about":[{"href":"https:\/\/www.hashtag.al\/index.php\/wp-json\/wp\/v2\/types\/post"}],"author":[{"embeddable":true,"href":"https:\/\/www.hashtag.al\/index.php\/wp-json\/wp\/v2\/users\/30"}],"replies":[{"embeddable":true,"href":"https:\/\/www.hashtag.al\/index.php\/wp-json\/wp\/v2\/comments?post=546897"}],"version-history":[{"count":0,"href":"https:\/\/www.hashtag.al\/index.php\/wp-json\/wp\/v2\/posts\/546897\/revisions"}],"wp:featuredmedia":[{"embeddable":true,"href":"https:\/\/www.hashtag.al\/index.php\/wp-json\/wp\/v2\/media\/546899"}],"wp:attachment":[{"href":"https:\/\/www.hashtag.al\/index.php\/wp-json\/wp\/v2\/media?parent=546897"}],"wp:term":[{"taxonomy":"category","embeddable":true,"href":"https:\/\/www.hashtag.al\/index.php\/wp-json\/wp\/v2\/categories?post=546897"},{"taxonomy":"post_tag","embeddable":true,"href":"https:\/\/www.hashtag.al\/index.php\/wp-json\/wp\/v2\/tags?post=546897"}],"curies":[{"name":"wp","href":"https:\/\/api.w.org\/{rel}","templated":true}]}}