{"id":546892,"date":"2022-09-05T14:22:44","date_gmt":"2022-09-05T12:22:44","guid":{"rendered":"https:\/\/www.hashtag.al\/?p=546892"},"modified":"2022-09-05T14:23:40","modified_gmt":"2022-09-05T12:23:40","slug":"kallezimi-ndaj-autoritetit-te-dosjeve-meta-spak-me-njoftoi-se-ia-ka-kaluar-per-kompetence-prokurorise-se-tiranes-do-bejme-kallezime-shtese","status":"publish","type":"post","link":"https:\/\/www.hashtag.al\/index.php\/2022\/09\/05\/kallezimi-ndaj-autoritetit-te-dosjeve-meta-spak-me-njoftoi-se-ia-ka-kaluar-per-kompetence-prokurorise-se-tiranes-do-bejme-kallezime-shtese\/","title":{"rendered":"Kall\u00ebzimi ndaj Autoritetit t\u00eb Dosjeve, Meta: SPAK m\u00eb njoftoi se ia ka kaluar p\u00ebr kompetenc\u00eb Prokuroris\u00eb s\u00eb Tiran\u00ebs, do b\u00ebjm\u00eb kall\u00ebzime shtes\u00eb","gt_translate_keys":[{"key":"rendered","format":"text"}]},"content":{"rendered":"<p><span style=\"color: #000000;\"><a href=\"https:\/\/www.hashtag.al\/wp-content\/uploads\/2022\/09\/Ilir-Meta-3.jpg\"><img loading=\"lazy\" decoding=\"async\" class=\"aligncenter size-full wp-image-546893\" src=\"https:\/\/www.hashtag.al\/wp-content\/uploads\/2022\/09\/Ilir-Meta-3.jpg\" alt=\"\" width=\"835\" height=\"428\" srcset=\"https:\/\/www.hashtag.al\/wp-content\/uploads\/2022\/09\/Ilir-Meta-3.jpg 835w, https:\/\/www.hashtag.al\/wp-content\/uploads\/2022\/09\/Ilir-Meta-3-300x154.jpg 300w, https:\/\/www.hashtag.al\/wp-content\/uploads\/2022\/09\/Ilir-Meta-3-768x394.jpg 768w, https:\/\/www.hashtag.al\/wp-content\/uploads\/2022\/09\/Ilir-Meta-3-568x290.jpg 568w\" sizes=\"auto, (max-width: 835px) 100vw, 835px\" \/><\/a><\/span><\/p>\n<p><span style=\"color: #000000;\">N\u00eb konferenc\u00ebn e sotme me gazetar\u00ebt, kryetari i PL-s\u00eb dhe ish-presidenti Ilir Meta ka folur p\u00ebr kall\u00ebzimin q\u00eb ai ka b\u00ebr\u00eb ndaj Autoritetit t\u00eb Dosjeve.<\/span><\/p>\n<p><span style=\"color: #000000;\">Meta tha se SPAK e ka kaluar k\u00ebt\u00eb \u00e7\u00ebshtje p\u00ebr kompetenc\u00eb n\u00eb Prokurorin\u00eb e Tiran\u00ebs si dhe paralajm\u00ebroi se do t\u00eb depozitoj\u00eb t\u00eb tjera kall\u00ebzime p\u00ebr falsifikimet q\u00eb jan\u00eb b\u00ebr\u00eb p\u00ebr t\u00eb p;rishur imazhin\u00a0 e tij.<\/span><\/p>\n<p><em><span style=\"color: #000000;\">\u00a0\u201cPartia e Liris\u00eb dhe Petrit Vasili mund t\u2019u njoh\u00eb me nismat p\u00ebr integritetin e personave publik\u00eb ku p\u00ebrve\u00e7 kontrollit t\u00eb sh\u00ebndetit mendor e psiqik q\u00eb \u00ebsht\u00eb emergjent n\u00eb m\u00ebnyr\u00eb t\u00eb ve\u00e7ant\u00eb p\u00ebr kryeministrin aktual, sjellja e fundit \u00ebsht\u00eb skizofrenike n\u00eb gjith\u00eb dimensionet e saj e po k\u00ebshtu p\u00ebr testin e drog\u00ebs p\u00ebr gjith\u00eb politkan\u00ebt e iniciativa t\u00eb tjera.<\/span><\/em><\/p>\n<p><em><span style=\"color: #000000;\">Ligji i ashtuquajtur i spiun\u00ebve \u00ebsht\u00eb ligj q\u00eb e ka b\u00ebr\u00eb vet\u00eb PS n\u00eb 2015 sipas modelit gjoja gjerman, e ka shkelur vet\u00eb PS me p\u00ebrfaq\u00ebsuesit e saj n\u00eb autoritetin e Dosjeve. Q\u00ebndrimi yn\u00eb si PL, dhe i imi si politikan ka qen\u00eb hapja e dosjeve dhe demonstrimi i tyre p\u00ebrpara opinionit publik p\u00ebr cilindo q\u00eb do t\u00eb zgjidhet, nd\u00ebrsa p\u00ebr rastin konkret ju e dini q\u00eb kemi t\u00eb b\u00ebjm\u00eb me nj\u00eb falsifikim shum\u00eb t\u00eb trash\u00eb dhe idiot t\u00eb Edi Ram\u00ebs dhe gjith\u00eb kukullave t\u00eb tij tek autoriteti i manipulimit t\u00eb dosjeve dhe n\u00eb arkiva t\u00eb tjera shtet\u00ebrore.<\/span><\/em><\/p>\n<p><em><span style=\"color: #000000;\">Falsifikimi \u00ebsht\u00eb b\u00ebr\u00eb evident, e kam b\u00ebr\u00eb kall\u00ebzim penal p\u00ebr an\u00ebtar\u00ebt e k\u00ebtij autoriteti q\u00eb ia kam adresuar dhe SPAK.<\/span><\/em><\/p>\n<p><em><span style=\"color: #000000;\">Dje jam njoftuar nga SPAK q\u00eb e kan\u00eb kaluar p\u00ebr kompetenc\u00eb t\u00eb Prokuroris\u00eb s\u00eb Tiran\u00ebs dhe hapi i dyt\u00eb i imi ka qen\u00eb pajtimi apo zgjedhja e nj\u00eb avokati jo mbrojt\u00ebs por sulmues, e ky \u00ebsht\u00eb Genc Gjokutaj. Them sulmues se ne jemi n\u00eb sulm, jemi kall\u00ebzues, jo t\u00eb kall\u00ebzuar p\u00ebr k\u00ebt\u00eb \u00e7\u00ebshtje e nga nes\u00ebr Gjokutaj do paraqitet n\u00eb prokurori se kemi kall\u00ebzime t\u00eb reja shtes\u00eb p\u00ebr falsifikimet e tjera idiote q\u00eb kan\u00eb b\u00ebr\u00eb k\u00ebta duke shkelur ligjin e duke falsifikur materiale ordinere.<\/span><\/em><\/p>\n<p><span style=\"color: #000000;\"><em>Dekomunistizimi dhe denazifikmi i Shqip\u00ebris\u00eb fillon me shporrjen e Ram\u00ebs dhe kukullave t\u00eb tij, kudo q\u00eb ndodhen me rivendosjen e shtetit t\u00eb s\u00eb drejt\u00ebs, kushtetshm\u00ebris\u00eb dhe mbrojtjes s\u00eb t\u00eb drejtave themelore p\u00ebrfshir\u00eb dhe lirin\u00eb e medias e gazetar\u00ebve.<\/em>\u201d- u shpreh Meta.<\/span><\/p>\n","protected":false,"gt_translate_keys":[{"key":"rendered","format":"html"}]},"excerpt":{"rendered":"<p>N\u00eb konferenc\u00ebn e sotme me gazetar\u00ebt, kryetari i PL-s\u00eb dhe ish-presidenti Ilir Meta ka folur p\u00ebr kall\u00ebzimin q\u00eb ai ka b\u00ebr\u00eb ndaj Autoritetit t\u00eb Dosjeve. Meta tha se SPAK e ka kaluar k\u00ebt\u00eb \u00e7\u00ebshtje p\u00ebr kompetenc\u00eb n\u00eb Prokurorin\u00eb e Tiran\u00ebs si dhe paralajm\u00ebroi se do t\u00eb depozitoj\u00eb t\u00eb tjera kall\u00ebzime p\u00ebr falsifikimet q\u00eb jan\u00eb b\u00ebr\u00eb [&hellip;]<\/p>\n","protected":false,"gt_translate_keys":[{"key":"rendered","format":"html"}]},"author":30,"featured_media":546893,"comment_status":"closed","ping_status":"closed","sticky":false,"template":"","format":"standard","meta":{"footnotes":""},"categories":[65,13],"tags":[],"class_list":["post-546892","post","type-post","status-publish","format-standard","has-post-thumbnail","hentry","category-lajme","category-te-fundit"],"gt_translate_keys":[{"key":"link","format":"url"}],"_links":{"self":[{"href":"https:\/\/www.hashtag.al\/index.php\/wp-json\/wp\/v2\/posts\/546892","targetHints":{"allow":["GET"]}}],"collection":[{"href":"https:\/\/www.hashtag.al\/index.php\/wp-json\/wp\/v2\/posts"}],"about":[{"href":"https:\/\/www.hashtag.al\/index.php\/wp-json\/wp\/v2\/types\/post"}],"author":[{"embeddable":true,"href":"https:\/\/www.hashtag.al\/index.php\/wp-json\/wp\/v2\/users\/30"}],"replies":[{"embeddable":true,"href":"https:\/\/www.hashtag.al\/index.php\/wp-json\/wp\/v2\/comments?post=546892"}],"version-history":[{"count":0,"href":"https:\/\/www.hashtag.al\/index.php\/wp-json\/wp\/v2\/posts\/546892\/revisions"}],"wp:featuredmedia":[{"embeddable":true,"href":"https:\/\/www.hashtag.al\/index.php\/wp-json\/wp\/v2\/media\/546893"}],"wp:attachment":[{"href":"https:\/\/www.hashtag.al\/index.php\/wp-json\/wp\/v2\/media?parent=546892"}],"wp:term":[{"taxonomy":"category","embeddable":true,"href":"https:\/\/www.hashtag.al\/index.php\/wp-json\/wp\/v2\/categories?post=546892"},{"taxonomy":"post_tag","embeddable":true,"href":"https:\/\/www.hashtag.al\/index.php\/wp-json\/wp\/v2\/tags?post=546892"}],"curies":[{"name":"wp","href":"https:\/\/api.w.org\/{rel}","templated":true}]}}