{"id":546816,"date":"2022-09-05T10:52:40","date_gmt":"2022-09-05T08:52:40","guid":{"rendered":"https:\/\/www.hashtag.al\/?p=546816"},"modified":"2022-09-05T10:52:40","modified_gmt":"2022-09-05T08:52:40","slug":"faturen-per-sanksionet-kunder-rusise-ta-paguaje-be-ja-po-ato-sduhet-te-hiqen-salvini","status":"publish","type":"post","link":"https:\/\/www.hashtag.al\/index.php\/2022\/09\/05\/faturen-per-sanksionet-kunder-rusise-ta-paguaje-be-ja-po-ato-sduhet-te-hiqen-salvini\/","title":{"rendered":"\u201cFatur\u00ebn p\u00ebr sanksionet kund\u00ebr Rusis\u00eb ta paguaj\u00eb BE-ja, po ato s\u2019duhet t\u00eb hiqen\u201d &#8211; Salvini","gt_translate_keys":[{"key":"rendered","format":"text"}]},"content":{"rendered":"<p><span style=\"color: #000000;\"><img loading=\"lazy\" decoding=\"async\" class=\"aligncenter size-full wp-image-546817\" src=\"https:\/\/www.hashtag.al\/wp-content\/uploads\/2022\/09\/salvini.jpg\" alt=\"\" width=\"768\" height=\"432\" srcset=\"https:\/\/www.hashtag.al\/wp-content\/uploads\/2022\/09\/salvini.jpg 768w, https:\/\/www.hashtag.al\/wp-content\/uploads\/2022\/09\/salvini-300x169.jpg 300w\" sizes=\"auto, (max-width: 768px) 100vw, 768px\" \/><\/span><\/p>\n<p><span style=\"color: #000000;\">Bashkimi Evropian duhet t\u00eb kompensoj\u00eb qytetar\u00ebt e tij p\u00ebr \u2018pandemin\u00eb e energjis\u00eb\u2019 q\u00eb rezulton nga sanksionet anti-ruse p\u00ebr konfliktin n\u00eb Ukrain\u00eb, tha t\u00eb diel\u00ebn ish-z\u00ebvend\u00ebskryeministri i Italis\u00eb, Matteo Salvini.<\/span><\/p>\n<p><span style=\"color: #000000;\">Duke folur p\u00ebr radion RTL, Salvini, nj\u00eb an\u00ebtar i Senatit q\u00eb drejton partin\u00eb e krahut t\u00eb djatht\u00eb Lega Nord, t\u00ebrhoqi nj\u00eb paralele me paketat stimuluese financiare gjat\u00eb bllokimeve t\u00eb Covid.<\/span><\/p>\n<p><span style=\"color: #000000;\"><em>&#8220;L\u00ebreni Evrop\u00ebn, si\u00e7 ndodhi gjat\u00eb pandemis\u00eb, t\u00eb vendos\u00eb nj\u00eb mburoj\u00eb p\u00ebr t\u00eb mbrojtur familjet dhe bizneset dhe p\u00ebr t\u00eb mbuluar faturat shtes\u00eb q\u00eb familjet duhet t\u00eb paguajn\u00eb.&#8221;<\/em> &#8211; tha ai, duke shtuar se Brukseli do duhet t\u00eb miratoj\u00eb masa t\u00eb tilla p\u00ebr t\u00eb shmangur papun\u00ebsin\u00eb masive.<\/span><\/p>\n<p><span style=\"color: #000000;\">Salvini sinjalizoi gjithashtu mb\u00ebshtetjen e tij p\u00ebr sanksionet kund\u00ebr Rusis\u00eb, pavar\u00ebsisht nga joefikasiteti i tyre i duksh\u00ebm. Ai vuri n\u00eb dukje se partia e tij ka mb\u00ebshtetur t\u00eb gjitha llojet e mb\u00ebshtetjes p\u00ebr Ukrain\u00ebn dhe ka d\u00ebnuar ofensiv\u00ebn ushtarake t\u00eb Rusis\u00eb. <\/span><\/p>\n<p><span style=\"color: #000000;\">Megjithat\u00eb, ai vuri n\u00eb dukje se Moska po grumbullon fitime nga \u00e7mimet e larta t\u00eb naft\u00ebs dhe gazit, nd\u00ebrsa Evropa po vuan nga kriza e energjis\u00eb.<\/span><\/p>\n<p><span style=\"color: #000000;\"><em>\u201cDo t\u00eb ishte i vetmi rast n\u00eb t\u00eb cilin personi i sanksionuar fiton para dhe ai q\u00eb sanksionon vuan.\u201d<\/em> &#8211; vuri n\u00eb dukje ai, duke shtuar se Brukseli e pranon se lufta ekonomike \u00ebsht\u00eb nj\u00eb thik\u00eb me dy tehe.<\/span><\/p>\n<p><span style=\"color: #000000;\">Sipas politikanit italian, BE-ja nuk mund t\u2019i heq\u00eb sanksionet, pasi kjo do t\u00eb n\u00ebnkuptonte dor\u00ebzimin ndaj Rusis\u00eb.<\/span><\/p>\n<p><span style=\"color: #000000;\">Megjithat\u00eb, jav\u00ebn e kaluar, Salvini i k\u00ebrkoi BE-s\u00eb t\u00eb rishikonte politik\u00ebn e saj t\u00eb sanksioneve kund\u00ebr Rusis\u00eb, duke th\u00ebn\u00eb se kjo mund t\u00eb d\u00ebmtoj\u00eb m\u00eb shum\u00eb vendet an\u00ebtare sesa Mosk\u00ebn.<\/span><\/p>\n<p><span style=\"color: #000000;\">Italia do mbaj\u00eb zgjedhjet e p\u00ebrgjithshme m\u00eb 25 shtator pas r\u00ebnies s\u00eb qeveris\u00eb s\u00eb Mario Draghit n\u00eb korrik. Sipas nj\u00eb studimi t\u00eb publikuar muajin e kaluar nga Instituti Cattaneo, blloku i krahut t\u00eb djatht\u00eb t\u00eb Italis\u00eb, pjes\u00eb e t\u00eb cilit \u00ebsht\u00eb Lega Nord e Salvinit, \u00ebsht\u00eb n\u00eb rrug\u00ebn e duhur p\u00ebr t\u00eb fituar nj\u00eb shumic\u00eb t\u00eb gjer\u00eb n\u00eb t\u00eb dyja dhomat e parlamentit.<\/span><\/p>\n","protected":false,"gt_translate_keys":[{"key":"rendered","format":"html"}]},"excerpt":{"rendered":"<p>Bashkimi Evropian duhet t\u00eb kompensoj\u00eb qytetar\u00ebt e tij p\u00ebr \u2018pandemin\u00eb e energjis\u00eb\u2019 q\u00eb rezulton nga sanksionet anti-ruse p\u00ebr konfliktin n\u00eb Ukrain\u00eb, tha t\u00eb diel\u00ebn ish-z\u00ebvend\u00ebskryeministri i Italis\u00eb, Matteo Salvini. Duke folur p\u00ebr radion RTL, Salvini, nj\u00eb an\u00ebtar i Senatit q\u00eb drejton partin\u00eb e krahut t\u00eb djatht\u00eb Lega Nord, t\u00ebrhoqi nj\u00eb paralele me paketat stimuluese financiare [&hellip;]<\/p>\n","protected":false,"gt_translate_keys":[{"key":"rendered","format":"html"}]},"author":51,"featured_media":546817,"comment_status":"closed","ping_status":"closed","sticky":false,"template":"","format":"standard","meta":{"footnotes":""},"categories":[6],"tags":[],"class_list":["post-546816","post","type-post","status-publish","format-standard","has-post-thumbnail","hentry","category-nderkombetare"],"gt_translate_keys":[{"key":"link","format":"url"}],"_links":{"self":[{"href":"https:\/\/www.hashtag.al\/index.php\/wp-json\/wp\/v2\/posts\/546816","targetHints":{"allow":["GET"]}}],"collection":[{"href":"https:\/\/www.hashtag.al\/index.php\/wp-json\/wp\/v2\/posts"}],"about":[{"href":"https:\/\/www.hashtag.al\/index.php\/wp-json\/wp\/v2\/types\/post"}],"author":[{"embeddable":true,"href":"https:\/\/www.hashtag.al\/index.php\/wp-json\/wp\/v2\/users\/51"}],"replies":[{"embeddable":true,"href":"https:\/\/www.hashtag.al\/index.php\/wp-json\/wp\/v2\/comments?post=546816"}],"version-history":[{"count":0,"href":"https:\/\/www.hashtag.al\/index.php\/wp-json\/wp\/v2\/posts\/546816\/revisions"}],"wp:featuredmedia":[{"embeddable":true,"href":"https:\/\/www.hashtag.al\/index.php\/wp-json\/wp\/v2\/media\/546817"}],"wp:attachment":[{"href":"https:\/\/www.hashtag.al\/index.php\/wp-json\/wp\/v2\/media?parent=546816"}],"wp:term":[{"taxonomy":"category","embeddable":true,"href":"https:\/\/www.hashtag.al\/index.php\/wp-json\/wp\/v2\/categories?post=546816"},{"taxonomy":"post_tag","embeddable":true,"href":"https:\/\/www.hashtag.al\/index.php\/wp-json\/wp\/v2\/tags?post=546816"}],"curies":[{"name":"wp","href":"https:\/\/api.w.org\/{rel}","templated":true}]}}