{"id":546804,"date":"2022-09-05T10:14:07","date_gmt":"2022-09-05T08:14:07","guid":{"rendered":"https:\/\/www.hashtag.al\/?p=546804"},"modified":"2022-09-05T10:14:07","modified_gmt":"2022-09-05T08:14:07","slug":"gjermania-do-e-kaloje-kete-dimer-te-veshtire-scholz","status":"publish","type":"post","link":"https:\/\/www.hashtag.al\/index.php\/2022\/09\/05\/gjermania-do-e-kaloje-kete-dimer-te-veshtire-scholz\/","title":{"rendered":"Gjermania \u2018do e kaloj\u00eb k\u00ebt\u00eb dim\u00ebr t\u00eb v\u00ebshtir\u00eb\u2019 &#8211; Scholz","gt_translate_keys":[{"key":"rendered","format":"text"}]},"content":{"rendered":"<p><span style=\"color: #000000;\"><img loading=\"lazy\" decoding=\"async\" class=\"aligncenter size-full wp-image-546805\" src=\"https:\/\/www.hashtag.al\/wp-content\/uploads\/2022\/09\/scholz-1-scaled-e1662365628836.jpg\" alt=\"\" width=\"2560\" height=\"1608\" srcset=\"https:\/\/www.hashtag.al\/wp-content\/uploads\/2022\/09\/scholz-1-scaled-e1662365628836.jpg 2560w, https:\/\/www.hashtag.al\/wp-content\/uploads\/2022\/09\/scholz-1-scaled-e1662365628836-300x188.jpg 300w, https:\/\/www.hashtag.al\/wp-content\/uploads\/2022\/09\/scholz-1-scaled-e1662365628836-1024x643.jpg 1024w, https:\/\/www.hashtag.al\/wp-content\/uploads\/2022\/09\/scholz-1-scaled-e1662365628836-768x482.jpg 768w, https:\/\/www.hashtag.al\/wp-content\/uploads\/2022\/09\/scholz-1-scaled-e1662365628836-1536x965.jpg 1536w, https:\/\/www.hashtag.al\/wp-content\/uploads\/2022\/09\/scholz-1-scaled-e1662365628836-2048x1286.jpg 2048w\" sizes=\"auto, (max-width: 2560px) 100vw, 2560px\" \/><\/span><\/p>\n<p><span style=\"color: #000000;\">Berlini ka marr\u00eb tashm\u00eb disa \u2018vendime n\u00eb koh\u00eb\u2019 p\u00ebr t\u00eb shmangur nj\u00eb kriz\u00eb dim\u00ebrore dhe qeveria gjermane \u00ebsht\u00eb gati t\u00eb dyfishoj\u00eb ndihm\u00ebn dhe \u2018t\u00eb ndryshoj\u00eb rregullat e tregut\u2019 p\u00ebr t\u00eb mbrojtur qytetar\u00ebt dhe kompanit\u00eb nga rritja e kostove t\u00eb energjis\u00eb, tha kancelari Olaf Scholz t\u00eb diel\u00ebn, teksa paraqiti nj\u00eb plan t\u00eb ri ndihme prej 65 miliard\u00eb eurosh.<\/span><\/p>\n<p><span style=\"color: #000000;\"><em>&#8220;Ne do e kalojm\u00eb k\u00ebt\u00eb dim\u00ebr. Gjermania q\u00ebndron s\u00eb bashku n\u00eb k\u00ebt\u00eb koh\u00eb t\u00eb v\u00ebshtir\u00eb.&#8221;<\/em> &#8211; siguroi Scholz kombin.<\/span><\/p>\n<p><span style=\"color: #000000;\">Scholz tha se ai \u00ebsht\u00eb \u2018shum\u00eb i vet\u00ebdijsh\u00ebm\u2019 se shum\u00eb gjerman\u00eb po luftojn\u00eb me \u00e7mimet n\u00eb rritje dhe se qeveria \u2018i merr k\u00ebto shqet\u00ebsime shum\u00eb, shum\u00eb seriozisht\u2019.<\/span><\/p>\n<p><span style=\"color: #000000;\">Raundi i tret\u00eb i masave t\u00eb ndihm\u00ebs t\u00eb shpallur t\u00eb diel\u00ebn vler\u00ebsohet t\u00eb jet\u00eb rreth 65 miliard\u00eb euro dhe p\u00ebrfshin nj\u00eb pages\u00eb t\u00eb nj\u00ebhershme prej 300 eurosh p\u00ebr pensionist\u00ebt gjerman\u00eb dhe nj\u00eb pages\u00eb m\u00eb t\u00eb vog\u00ebl prej 200 eurosh p\u00ebr student\u00ebt. <\/span><\/p>\n<p><span style=\"color: #000000;\">Qeveria gjithashtu d\u00ebshiron t\u00eb zgjas\u00eb programin e p\u00ebrfitimeve shtet\u00ebrore p\u00ebr strehim nga 700,000 n\u00eb 2 milion\u00eb njer\u00ebz dhe t\u00eb ul\u00eb taksat e sigurimeve shoq\u00ebrore p\u00ebr ata me t\u00eb ardhura mujore n\u00ebn 2,000 euro.<\/span><\/p>\n<p><span style=\"color: #000000;\">P\u00ebr t\u00eb financuar nismat e reja, t\u00eb cilat me dy paketa t\u00eb m\u00ebparshme t\u00eb ndihm\u00ebs do arrinin n\u00eb rreth 95 miliard\u00eb euro, Scholz k\u00ebrkon t\u00eb p\u00ebrfitoj\u00eb nga \u2018fitimet e tep\u00ebrta\u2019 t\u00eb ofruesve gjerman\u00eb t\u00eb energjis\u00eb. <\/span><\/p>\n<p><span style=\"color: #000000;\">Qeveria d\u00ebshiron t\u00eb vendos\u00eb nj\u00eb kufi \u00e7mimi p\u00ebr ata ofrues q\u00eb prodhojn\u00eb energji elektrike nga burime t\u00eb tilla si qymyri, era, dielli dhe nuk duhet t\u00eb paguajn\u00eb gazin natyror t\u00eb kushtuesh\u00ebm, por p\u00ebrfitojn\u00eb nga \u00e7mimet e larta t\u00eb energjis\u00eb elektrike.<\/span><\/p>\n<p><span style=\"color: #000000;\"><em>\u201cNe jemi t\u00eb vendosur fort t\u00eb ndryshojm\u00eb rregullat e tregut n\u00eb m\u00ebnyr\u00eb t\u00eb till\u00eb q\u00eb fitime t\u00eb tilla t\u00eb papritura t\u00eb mos ndodhin m\u00eb, ose q\u00eb ato t\u00eb pak\u00ebsohen.\u201d<\/em> &#8211; premtoi Kancelari socialdemokrat.<\/span><\/p>\n<p><span style=\"color: #000000;\">Gjermania, e cila \u00ebsht\u00eb shum\u00eb e varur nga importet ruse t\u00eb energjis\u00eb p\u00ebr t\u00eb p\u00ebrmbushur nevojat e saj, ka par\u00eb q\u00eb \u00e7mimet e energjis\u00eb t\u00eb rriten si spirale pasi furnizimet me gaz natyror nga Rusia jan\u00eb ulur n\u00eb m\u00ebnyr\u00eb dramatike gjat\u00eb disa muajve t\u00eb fundit. <\/span><\/p>\n<p><span style=\"color: #000000;\">Nd\u00ebrsa Moska faj\u00ebson sanksionet per\u00ebndimore p\u00ebr pengimin e mir\u00ebmbajtjes s\u00eb rregullt t\u00eb pajisjeve t\u00eb pompimit t\u00eb gazit, t\u00eb diel\u00ebn Scholz pohoi se Rusia nuk mund t\u00eb konsiderohet m\u00eb nj\u00eb furnizues i besuesh\u00ebm i energjis\u00eb. <\/span><\/p>\n<p><span style=\"color: #000000;\">N\u00eb gusht, inflacioni gjerman u rrit n\u00eb 7.9%. Rritja e \u00e7mimeve t\u00eb energjis\u00eb parashikohet ta \u00e7oj\u00eb at\u00eb n\u00eb rritje me rreth 10% n\u00eb Gjermani dhe n\u00eb Eurozon\u00eb deri n\u00eb fund t\u00eb vitit 2022, m\u00eb e larta n\u00eb dekada.<\/span><\/p>\n","protected":false,"gt_translate_keys":[{"key":"rendered","format":"html"}]},"excerpt":{"rendered":"<p>Berlini ka marr\u00eb tashm\u00eb disa \u2018vendime n\u00eb koh\u00eb\u2019 p\u00ebr t\u00eb shmangur nj\u00eb kriz\u00eb dim\u00ebrore dhe qeveria gjermane \u00ebsht\u00eb gati t\u00eb dyfishoj\u00eb ndihm\u00ebn dhe \u2018t\u00eb ndryshoj\u00eb rregullat e tregut\u2019 p\u00ebr t\u00eb mbrojtur qytetar\u00ebt dhe kompanit\u00eb nga rritja e kostove t\u00eb energjis\u00eb, tha kancelari Olaf Scholz t\u00eb diel\u00ebn, teksa paraqiti nj\u00eb plan t\u00eb ri ndihme prej 65 [&hellip;]<\/p>\n","protected":false,"gt_translate_keys":[{"key":"rendered","format":"html"}]},"author":51,"featured_media":546805,"comment_status":"closed","ping_status":"closed","sticky":false,"template":"","format":"standard","meta":{"footnotes":""},"categories":[53],"tags":[],"class_list":["post-546804","post","type-post","status-publish","format-standard","has-post-thumbnail","hentry","category-fast-foodi"],"gt_translate_keys":[{"key":"link","format":"url"}],"_links":{"self":[{"href":"https:\/\/www.hashtag.al\/index.php\/wp-json\/wp\/v2\/posts\/546804","targetHints":{"allow":["GET"]}}],"collection":[{"href":"https:\/\/www.hashtag.al\/index.php\/wp-json\/wp\/v2\/posts"}],"about":[{"href":"https:\/\/www.hashtag.al\/index.php\/wp-json\/wp\/v2\/types\/post"}],"author":[{"embeddable":true,"href":"https:\/\/www.hashtag.al\/index.php\/wp-json\/wp\/v2\/users\/51"}],"replies":[{"embeddable":true,"href":"https:\/\/www.hashtag.al\/index.php\/wp-json\/wp\/v2\/comments?post=546804"}],"version-history":[{"count":0,"href":"https:\/\/www.hashtag.al\/index.php\/wp-json\/wp\/v2\/posts\/546804\/revisions"}],"wp:featuredmedia":[{"embeddable":true,"href":"https:\/\/www.hashtag.al\/index.php\/wp-json\/wp\/v2\/media\/546805"}],"wp:attachment":[{"href":"https:\/\/www.hashtag.al\/index.php\/wp-json\/wp\/v2\/media?parent=546804"}],"wp:term":[{"taxonomy":"category","embeddable":true,"href":"https:\/\/www.hashtag.al\/index.php\/wp-json\/wp\/v2\/categories?post=546804"},{"taxonomy":"post_tag","embeddable":true,"href":"https:\/\/www.hashtag.al\/index.php\/wp-json\/wp\/v2\/tags?post=546804"}],"curies":[{"name":"wp","href":"https:\/\/api.w.org\/{rel}","templated":true}]}}