{"id":546799,"date":"2022-09-05T09:53:54","date_gmt":"2022-09-05T07:53:54","guid":{"rendered":"https:\/\/www.hashtag.al\/?p=546799"},"modified":"2022-09-05T09:55:36","modified_gmt":"2022-09-05T07:55:36","slug":"alibeaj-mbledh-grupin-parlamentar-te-pd-se","status":"publish","type":"post","link":"https:\/\/www.hashtag.al\/index.php\/2022\/09\/05\/alibeaj-mbledh-grupin-parlamentar-te-pd-se\/","title":{"rendered":"Alibeaj mbledh sot grupin parlamentar t\u00eb PD-s\u00eb","gt_translate_keys":[{"key":"rendered","format":"text"}]},"content":{"rendered":"<p><span style=\"color: #000000;\"><img loading=\"lazy\" decoding=\"async\" class=\"aligncenter size-full wp-image-546801\" src=\"https:\/\/www.hashtag.al\/wp-content\/uploads\/2022\/09\/alibeaj.png\" alt=\"\" width=\"1280\" height=\"720\" srcset=\"https:\/\/www.hashtag.al\/wp-content\/uploads\/2022\/09\/alibeaj.png 1280w, https:\/\/www.hashtag.al\/wp-content\/uploads\/2022\/09\/alibeaj-300x169.png 300w, https:\/\/www.hashtag.al\/wp-content\/uploads\/2022\/09\/alibeaj-1024x576.png 1024w, https:\/\/www.hashtag.al\/wp-content\/uploads\/2022\/09\/alibeaj-768x432.png 768w\" sizes=\"auto, (max-width: 1280px) 100vw, 1280px\" \/><\/span><\/p>\n<p><span style=\"color: #000000;\">Kreu i grupit parlamentar t\u00eb PD-s\u00eb Alibeaj do mbledh\u00eb sot deputet\u00ebt para nisjes s\u00eb sesionit t\u00eb ri parlamentar.<\/span><\/p>\n<p><span style=\"color: #000000;\"> Mbledhja pritet t\u00eb nis\u00eb rreth 10 e 30 e do zhvillohet n\u00eb mjediset e Kuvendit. Sesioni i ri parlamentar \u00ebsht\u00eb parashikuar t\u00eb nis\u00eb sot n\u00eb or\u00ebn 18:00. <\/span><\/p>\n<p><span style=\"color: #000000;\">Deputet\u00ebt e Berish\u00ebs pritet t\u00eb b\u00ebjn\u00eb k\u00ebrkes\u00eb p\u00ebr z\u00ebvend\u00ebsimin e kreut t\u00eb grupit parlamentar duke propozuar n\u00ebnkryetarin Bo\u00e7i n\u00eb vend t\u00eb Alibeajt. <\/span><\/p>\n<p><span style=\"color: #000000;\">Pak dit\u00eb m\u00eb par\u00eb, deputet\u00ebt e Bash\u00ebs, mes t\u00eb cil\u00ebve edhe Alibeaj u mblodh\u00ebn n\u00eb nj\u00eb hotel n\u00eb Tiran\u00eb.<\/span><\/p>\n","protected":false,"gt_translate_keys":[{"key":"rendered","format":"html"}]},"excerpt":{"rendered":"<p>Kreu i grupit parlamentar t\u00eb PD-s\u00eb Alibeaj do mbledh\u00eb sot deputet\u00ebt para nisjes s\u00eb sesionit t\u00eb ri parlamentar. Mbledhja pritet t\u00eb nis\u00eb rreth 10 e 30 e do zhvillohet n\u00eb mjediset e Kuvendit. Sesioni i ri parlamentar \u00ebsht\u00eb parashikuar t\u00eb nis\u00eb sot n\u00eb or\u00ebn 18:00. Deputet\u00ebt e Berish\u00ebs pritet t\u00eb b\u00ebjn\u00eb k\u00ebrkes\u00eb p\u00ebr z\u00ebvend\u00ebsimin e [&hellip;]<\/p>\n","protected":false,"gt_translate_keys":[{"key":"rendered","format":"html"}]},"author":51,"featured_media":546801,"comment_status":"closed","ping_status":"closed","sticky":false,"template":"","format":"standard","meta":{"footnotes":""},"categories":[65,13],"tags":[],"class_list":["post-546799","post","type-post","status-publish","format-standard","has-post-thumbnail","hentry","category-lajme","category-te-fundit"],"gt_translate_keys":[{"key":"link","format":"url"}],"_links":{"self":[{"href":"https:\/\/www.hashtag.al\/index.php\/wp-json\/wp\/v2\/posts\/546799","targetHints":{"allow":["GET"]}}],"collection":[{"href":"https:\/\/www.hashtag.al\/index.php\/wp-json\/wp\/v2\/posts"}],"about":[{"href":"https:\/\/www.hashtag.al\/index.php\/wp-json\/wp\/v2\/types\/post"}],"author":[{"embeddable":true,"href":"https:\/\/www.hashtag.al\/index.php\/wp-json\/wp\/v2\/users\/51"}],"replies":[{"embeddable":true,"href":"https:\/\/www.hashtag.al\/index.php\/wp-json\/wp\/v2\/comments?post=546799"}],"version-history":[{"count":0,"href":"https:\/\/www.hashtag.al\/index.php\/wp-json\/wp\/v2\/posts\/546799\/revisions"}],"wp:featuredmedia":[{"embeddable":true,"href":"https:\/\/www.hashtag.al\/index.php\/wp-json\/wp\/v2\/media\/546801"}],"wp:attachment":[{"href":"https:\/\/www.hashtag.al\/index.php\/wp-json\/wp\/v2\/media?parent=546799"}],"wp:term":[{"taxonomy":"category","embeddable":true,"href":"https:\/\/www.hashtag.al\/index.php\/wp-json\/wp\/v2\/categories?post=546799"},{"taxonomy":"post_tag","embeddable":true,"href":"https:\/\/www.hashtag.al\/index.php\/wp-json\/wp\/v2\/tags?post=546799"}],"curies":[{"name":"wp","href":"https:\/\/api.w.org\/{rel}","templated":true}]}}