{"id":546548,"date":"2022-09-03T21:11:04","date_gmt":"2022-09-03T19:11:04","guid":{"rendered":"https:\/\/www.hashtag.al\/?p=546548"},"modified":"2022-09-03T21:16:59","modified_gmt":"2022-09-03T19:16:59","slug":"athina-reagon-pas-deklaratave-te-erdoganit-do-njoftojme-menjehere-aleatet-per-keto-provokime","status":"publish","type":"post","link":"https:\/\/www.hashtag.al\/index.php\/2022\/09\/03\/athina-reagon-pas-deklaratave-te-erdoganit-do-njoftojme-menjehere-aleatet-per-keto-provokime\/","title":{"rendered":"Athina reagon pas deklaratave t\u00eb Erdoganit: Do njoftojm\u00eb menj\u00ebher\u00eb aleat\u00ebt p\u00ebr k\u00ebto provokime","gt_translate_keys":[{"key":"rendered","format":"text"}]},"content":{"rendered":"<p><span style=\"color: #000000;\"><a href=\"https:\/\/www.hashtag.al\/wp-content\/uploads\/2022\/09\/erdogan.jpg\"><img loading=\"lazy\" decoding=\"async\" class=\"aligncenter size-full wp-image-546530\" src=\"https:\/\/www.hashtag.al\/wp-content\/uploads\/2022\/09\/erdogan.jpg\" alt=\"\" width=\"670\" height=\"445\" srcset=\"https:\/\/www.hashtag.al\/wp-content\/uploads\/2022\/09\/erdogan.jpg 670w, https:\/\/www.hashtag.al\/wp-content\/uploads\/2022\/09\/erdogan-300x199.jpg 300w\" sizes=\"auto, (max-width: 670px) 100vw, 670px\" \/><\/a><\/span><\/p>\n<p><span style=\"color: #000000;\">Greqia ka reaguar pas deklaratave t\u00eb sotme t\u00eb presidentit turk Recep Tayyip Erdogan, i cili sfidoi drejtp\u00ebrdrejt sovranitetin grek mbi ishujt e Egjeut duke th\u00ebn\u00eb se Ankaraja \u00ebsht\u00eb e gatshme t\u00eb b\u00ebj\u00eb gjith\u00e7ka kur t\u00eb vij\u00eb koha.<\/span><\/p>\n<p><span style=\"color: #000000;\">Ministria e Jashtme e Greqis\u00eb n\u00eb nj\u00eb <span style=\"color: #0000ff;\"><a style=\"color: #0000ff;\" href=\"https:\/\/www.protothema.gr\/politics\/article\/1280391\/upex-pera-apo-kathe-orio-oi-apeiles-den-tha-akolouthisoume-tin-tourkia-ston-katiforo\/\">reagim<\/a> <\/span>tha k\u00ebto deklarata t\u00eb Erdoganit jan\u00eb provokime dhe theksoi se \u201ck\u00ebrc\u00ebnimet e Turqis\u00eb jan\u00eb p\u00ebrtej \u00e7do kufiri\u201d.<\/span><\/p>\n<p><strong><span style=\"color: #000000;\">Njoftimi i Ministris\u00eb s\u00eb Jashtme:<\/span><\/strong><\/p>\n<p><span style=\"color: #000000;\">\u201cGreqia nuk do t\u00eb ndjek\u00eb Turqin\u00eb n\u00eb zbritjen e p\u00ebrditshme t\u00eb eg\u00ebr dhe p\u00ebrtej \u00e7do kufiri t\u00eb deklaratave dhe k\u00ebrc\u00ebnimeve.<\/span><\/p>\n<p><span style=\"color: #000000;\">Ne do t\u00eb informojm\u00eb menj\u00ebher\u00eb aleat\u00ebt dhe partner\u00ebt tan\u00eb p\u00ebr p\u00ebrmbajtjen e deklaratave provokuese t\u00eb dit\u00ebve t\u00eb fundit, p\u00ebr t\u00eb b\u00ebr\u00eb t\u00eb qart\u00eb se kush po e dinamizon kohezionin e aleanc\u00ebs son\u00eb n\u00eb nj\u00eb periudh\u00eb ve\u00e7an\u00ebrisht t\u00eb rrezikshme.<\/span><\/p>\n<p><span style=\"color: #000000;\">N\u00eb t\u00eb nj\u00ebjt\u00ebn koh\u00eb, ne do t\u00eb vazhdojm\u00eb t\u00eb operojm\u00eb, bazuar n\u00eb rregullat e s\u00eb drejt\u00ebs nd\u00ebrkomb\u00ebtare dhe t\u00eb ligjit t\u00eb detit, si nj\u00eb shtyll\u00eb stabiliteti dhe sigurie p\u00ebr rajonin\u201d.<\/span><\/p>\n","protected":false,"gt_translate_keys":[{"key":"rendered","format":"html"}]},"excerpt":{"rendered":"<p>Greqia ka reaguar pas deklaratave t\u00eb sotme t\u00eb presidentit turk Recep Tayyip Erdogan, i cili sfidoi drejtp\u00ebrdrejt sovranitetin grek mbi ishujt e Egjeut duke th\u00ebn\u00eb se Ankaraja \u00ebsht\u00eb e gatshme t\u00eb b\u00ebj\u00eb gjith\u00e7ka kur t\u00eb vij\u00eb koha. Ministria e Jashtme e Greqis\u00eb n\u00eb nj\u00eb reagim tha k\u00ebto deklarata t\u00eb Erdoganit jan\u00eb provokime dhe theksoi se [&hellip;]<\/p>\n","protected":false,"gt_translate_keys":[{"key":"rendered","format":"html"}]},"author":30,"featured_media":546530,"comment_status":"closed","ping_status":"closed","sticky":false,"template":"","format":"standard","meta":{"footnotes":""},"categories":[6,13],"tags":[],"class_list":["post-546548","post","type-post","status-publish","format-standard","has-post-thumbnail","hentry","category-nderkombetare","category-te-fundit"],"gt_translate_keys":[{"key":"link","format":"url"}],"_links":{"self":[{"href":"https:\/\/www.hashtag.al\/index.php\/wp-json\/wp\/v2\/posts\/546548","targetHints":{"allow":["GET"]}}],"collection":[{"href":"https:\/\/www.hashtag.al\/index.php\/wp-json\/wp\/v2\/posts"}],"about":[{"href":"https:\/\/www.hashtag.al\/index.php\/wp-json\/wp\/v2\/types\/post"}],"author":[{"embeddable":true,"href":"https:\/\/www.hashtag.al\/index.php\/wp-json\/wp\/v2\/users\/30"}],"replies":[{"embeddable":true,"href":"https:\/\/www.hashtag.al\/index.php\/wp-json\/wp\/v2\/comments?post=546548"}],"version-history":[{"count":0,"href":"https:\/\/www.hashtag.al\/index.php\/wp-json\/wp\/v2\/posts\/546548\/revisions"}],"wp:featuredmedia":[{"embeddable":true,"href":"https:\/\/www.hashtag.al\/index.php\/wp-json\/wp\/v2\/media\/546530"}],"wp:attachment":[{"href":"https:\/\/www.hashtag.al\/index.php\/wp-json\/wp\/v2\/media?parent=546548"}],"wp:term":[{"taxonomy":"category","embeddable":true,"href":"https:\/\/www.hashtag.al\/index.php\/wp-json\/wp\/v2\/categories?post=546548"},{"taxonomy":"post_tag","embeddable":true,"href":"https:\/\/www.hashtag.al\/index.php\/wp-json\/wp\/v2\/tags?post=546548"}],"curies":[{"name":"wp","href":"https:\/\/api.w.org\/{rel}","templated":true}]}}