{"id":546544,"date":"2022-09-03T20:56:51","date_gmt":"2022-09-03T18:56:51","guid":{"rendered":"https:\/\/www.hashtag.al\/?p=546544"},"modified":"2022-09-03T20:56:51","modified_gmt":"2022-09-03T18:56:51","slug":"shefi-i-inteligjences-ruse-njerezit-qe-mendojne-e-dine-se-rusia-eshte-ne-anen-e-se-vertetes-po-pengon-nje-rikthim-global-nazist","status":"publish","type":"post","link":"https:\/\/www.hashtag.al\/index.php\/2022\/09\/03\/shefi-i-inteligjences-ruse-njerezit-qe-mendojne-e-dine-se-rusia-eshte-ne-anen-e-se-vertetes-po-pengon-nje-rikthim-global-nazist\/","title":{"rendered":"Shefi i inteligjenc\u00ebs ruse: Njer\u00ebzit \u201cq\u00eb mendojn\u00eb\u201d e din\u00eb se Rusia \u00ebsht\u00eb n\u00eb an\u00ebn e s\u00eb v\u00ebrtet\u00ebs, po pengon nj\u00eb rikthim global nazist","gt_translate_keys":[{"key":"rendered","format":"text"}]},"content":{"rendered":"<p><span style=\"color: #000000;\"><a href=\"https:\/\/www.hashtag.al\/wp-content\/uploads\/2022\/09\/Naryshkin.jpg\"><img loading=\"lazy\" decoding=\"async\" class=\"aligncenter size-full wp-image-546545\" src=\"https:\/\/www.hashtag.al\/wp-content\/uploads\/2022\/09\/Naryshkin.jpg\" alt=\"\" width=\"787\" height=\"496\" srcset=\"https:\/\/www.hashtag.al\/wp-content\/uploads\/2022\/09\/Naryshkin.jpg 787w, https:\/\/www.hashtag.al\/wp-content\/uploads\/2022\/09\/Naryshkin-300x189.jpg 300w, https:\/\/www.hashtag.al\/wp-content\/uploads\/2022\/09\/Naryshkin-768x484.jpg 768w\" sizes=\"auto, (max-width: 787px) 100vw, 787px\" \/><\/a><br \/>\nDrejtori i Sh\u00ebrbimit t\u00eb Inteligjenc\u00ebs s\u00eb Jashtme ruse Sergey Naryshkin thot\u00eb se shumica e njer\u00ebzve \u201cq\u00eb mendojn\u00eb\u201d n\u00eb mbar\u00eb bot\u00ebn e kuptojn\u00eb se Rusia ajo q\u00eb \u00ebsht\u00eb n\u00eb an\u00ebn e s\u00eb v\u00ebrtet\u00ebs. Madje sipas tij, Rusia po b\u00ebn \u00e7mos p\u00ebr t\u00eb penguar nj\u00eb rikthim global nazist.<\/span><\/p>\n<p><span style=\"color: #000000;\"><em>&#8220;Shumica e njer\u00ebzve q\u00eb mendojn\u00eb anemban\u00eb globit e shohin t\u00eb qart\u00eb se \u00ebsht\u00eb Rusia ajo q\u00eb \u00ebsht\u00eb n\u00eb an\u00ebn e s\u00eb v\u00ebrtet\u00ebs, duke luftuar agresionin dhe duke b\u00ebr\u00eb m\u00eb t\u00eb mir\u00ebn p\u00ebr t\u00eb parandaluar nj\u00eb rikthim global nazist.&#8221;<\/em>&#8211; tha ai sipas agjencis\u00eb s\u00eb lajmeve <span style=\"color: #0000ff;\"><a style=\"color: #0000ff;\" href=\"https:\/\/tass.com\/politics\/1502123\">TASS<\/a><\/span>, n\u00eb nj\u00eb ceremoni hap\u00ebse p\u00ebr aksionin patriotik nd\u00ebrkomb\u00ebtar Victory Dictation 2022.<\/span><\/p>\n<p><span style=\"color: #000000;\"><em>&#8220;Un\u00eb jam i bindur se shkat\u00ebrrimi i pashmangsh\u00ebm i hegjemonis\u00eb s\u00eb regjimeve liberale-totalitare t\u00eb Per\u00ebndimit do ta b\u00ebj\u00eb gjithashtu bot\u00ebn nj\u00eb vend m\u00eb t\u00eb hapur, t\u00eb ndersh\u00ebm dhe t\u00eb drejt\u00eb.&#8221;-<\/em> shtoi ai.<\/span><\/p>\n","protected":false,"gt_translate_keys":[{"key":"rendered","format":"html"}]},"excerpt":{"rendered":"<p>Drejtori i Sh\u00ebrbimit t\u00eb Inteligjenc\u00ebs s\u00eb Jashtme ruse Sergey Naryshkin thot\u00eb se shumica e njer\u00ebzve \u201cq\u00eb mendojn\u00eb\u201d n\u00eb mbar\u00eb bot\u00ebn e kuptojn\u00eb se Rusia ajo q\u00eb \u00ebsht\u00eb n\u00eb an\u00ebn e s\u00eb v\u00ebrtet\u00ebs. Madje sipas tij, Rusia po b\u00ebn \u00e7mos p\u00ebr t\u00eb penguar nj\u00eb rikthim global nazist. &#8220;Shumica e njer\u00ebzve q\u00eb mendojn\u00eb anemban\u00eb globit e shohin [&hellip;]<\/p>\n","protected":false,"gt_translate_keys":[{"key":"rendered","format":"html"}]},"author":30,"featured_media":546545,"comment_status":"closed","ping_status":"closed","sticky":false,"template":"","format":"standard","meta":{"footnotes":""},"categories":[6,13],"tags":[],"class_list":["post-546544","post","type-post","status-publish","format-standard","has-post-thumbnail","hentry","category-nderkombetare","category-te-fundit"],"gt_translate_keys":[{"key":"link","format":"url"}],"_links":{"self":[{"href":"https:\/\/www.hashtag.al\/index.php\/wp-json\/wp\/v2\/posts\/546544","targetHints":{"allow":["GET"]}}],"collection":[{"href":"https:\/\/www.hashtag.al\/index.php\/wp-json\/wp\/v2\/posts"}],"about":[{"href":"https:\/\/www.hashtag.al\/index.php\/wp-json\/wp\/v2\/types\/post"}],"author":[{"embeddable":true,"href":"https:\/\/www.hashtag.al\/index.php\/wp-json\/wp\/v2\/users\/30"}],"replies":[{"embeddable":true,"href":"https:\/\/www.hashtag.al\/index.php\/wp-json\/wp\/v2\/comments?post=546544"}],"version-history":[{"count":0,"href":"https:\/\/www.hashtag.al\/index.php\/wp-json\/wp\/v2\/posts\/546544\/revisions"}],"wp:featuredmedia":[{"embeddable":true,"href":"https:\/\/www.hashtag.al\/index.php\/wp-json\/wp\/v2\/media\/546545"}],"wp:attachment":[{"href":"https:\/\/www.hashtag.al\/index.php\/wp-json\/wp\/v2\/media?parent=546544"}],"wp:term":[{"taxonomy":"category","embeddable":true,"href":"https:\/\/www.hashtag.al\/index.php\/wp-json\/wp\/v2\/categories?post=546544"},{"taxonomy":"post_tag","embeddable":true,"href":"https:\/\/www.hashtag.al\/index.php\/wp-json\/wp\/v2\/tags?post=546544"}],"curies":[{"name":"wp","href":"https:\/\/api.w.org\/{rel}","templated":true}]}}