{"id":546529,"date":"2022-09-03T19:45:30","date_gmt":"2022-09-03T17:45:30","guid":{"rendered":"https:\/\/www.hashtag.al\/?p=546529"},"modified":"2022-09-03T21:08:16","modified_gmt":"2022-09-03T19:08:16","slug":"kercenim-per-greqine-erdogan-mos-e-harroni-historine-do-bejme-gjithcka-kur-te-vije-koha","status":"publish","type":"post","link":"https:\/\/www.hashtag.al\/index.php\/2022\/09\/03\/kercenim-per-greqine-erdogan-mos-e-harroni-historine-do-bejme-gjithcka-kur-te-vije-koha\/","title":{"rendered":"K\u00ebrc\u00ebnim p\u00ebr Greqin\u00eb? Erdogan: Mos e harroni historin\u00eb, do b\u00ebjm\u00eb gjith\u00e7ka kur t\u00eb vij\u00eb koha","gt_translate_keys":[{"key":"rendered","format":"text"}]},"content":{"rendered":"<p><span style=\"color: #000000;\"><a href=\"https:\/\/www.hashtag.al\/wp-content\/uploads\/2022\/09\/rd.jpg\"><img loading=\"lazy\" decoding=\"async\" class=\"aligncenter size-full wp-image-546531\" src=\"https:\/\/www.hashtag.al\/wp-content\/uploads\/2022\/09\/rd.jpg\" alt=\"\" width=\"664\" height=\"441\" srcset=\"https:\/\/www.hashtag.al\/wp-content\/uploads\/2022\/09\/rd.jpg 664w, https:\/\/www.hashtag.al\/wp-content\/uploads\/2022\/09\/rd-300x199.jpg 300w\" sizes=\"auto, (max-width: 664px) 100vw, 664px\" \/><\/a><\/span><\/p>\n<p><span style=\"color: #000000;\">Presidenti i Turqis\u00eb Recep Tayyip Erdogan ka folur p\u00ebr \u00e7\u00ebshtjen me Greqin\u00eb gjat\u00eb nj\u00eb ceremonia duke b\u00ebr\u00eb nj\u00eb k\u00ebrc\u00ebnim t\u00eb hapur ndaj Athin\u00ebs.<\/span><\/p>\n<p><span style=\"color: #000000;\">Erdogan mori pjes\u00eb n\u00eb ceremonin\u00eb hap\u00ebse t\u00eb \u201cTEKNOFEST 2022\u201d n\u00eb aeroportin Samsun \u00c7ar\u015famba, q\u00eb p\u00ebrb\u00ebn nj\u00eb manifestim t\u00eb inovacionit turk n\u00eb fush\u00ebn e pajisjeve t\u00eb reja ushtarake.<\/span><\/p>\n<p><span style=\"color: #000000;\"><em>\u201cTurqia \u00ebsht\u00eb aktualisht n\u00eb vendin e dyt\u00eb p\u00ebr nga rritja. Kur thon\u00eb \u2018turq t\u00eb \u00e7mendur\u2019, ata e din\u00eb se turqit e \u00e7mendur vazhdojn\u00eb rrug\u00ebn e tyre\u00a0me zhvillime.\u201d-<\/em> tha ai sipas <span style=\"color: #0000ff;\"><a style=\"color: #0000ff;\" href=\"https:\/\/www.haberturk.com\/son-dakika-cumhurbaskani-erdogan-dan-yunanistan-a-izmir-i-unutma-3517212\">medieve<\/a> <\/span>turke.<\/span><\/p>\n<p><span style=\"color: #000000;\">M\u00eb pas Erdogan sfidoi drejtp\u00ebrdrejt sovranitetin grek mbi ishujt e Egjeut duke th\u00ebn\u00eb se Ankaraja \u00ebsht\u00eb e gatshme t\u00eb b\u00ebj\u00eb gjith\u00e7ka kur t\u00eb vij\u00eb koha.<\/span><\/p>\n<p><span style=\"color: #000000;\"><em>\u201cOh, shikoni historin\u00eb greke. N\u00ebse shkon shum\u00eb larg, \u00e7mimi do t\u00eb jet\u00eb i r\u00ebnd\u00eb. Mos harroni Izmirin. Pushtimi i ishujve, kur t\u00eb vij\u00eb koha, ne do t\u00eb b\u00ebjm\u00eb at\u00eb q\u00eb \u00ebsht\u00eb e nevojshme. Mund t\u00eb vijm\u00eb papritur nj\u00eb nat\u00eb. Sigurohuni q\u00eb diku t\u00eb presin ata q\u00eb bllokuan p\u00ebrparimin e vendit ton\u00eb duke v\u00ebn\u00eb pengesa n\u00ebn rrota dje. Ne nuk do t\u2019i lejojm\u00eb ata.\u201d<\/em>&#8211; shtoi Erdogan.<\/span><\/p>\n<p><a href=\"https:\/\/www.hashtag.al\/wp-content\/uploads\/2022\/09\/erdogan.jpg\"><img loading=\"lazy\" decoding=\"async\" class=\"aligncenter size-full wp-image-546530\" src=\"https:\/\/www.hashtag.al\/wp-content\/uploads\/2022\/09\/erdogan.jpg\" alt=\"\" width=\"670\" height=\"445\" srcset=\"https:\/\/www.hashtag.al\/wp-content\/uploads\/2022\/09\/erdogan.jpg 670w, https:\/\/www.hashtag.al\/wp-content\/uploads\/2022\/09\/erdogan-300x199.jpg 300w\" sizes=\"auto, (max-width: 670px) 100vw, 670px\" \/><\/a><\/p>\n","protected":false,"gt_translate_keys":[{"key":"rendered","format":"html"}]},"excerpt":{"rendered":"<p>Presidenti i Turqis\u00eb Recep Tayyip Erdogan ka folur p\u00ebr \u00e7\u00ebshtjen me Greqin\u00eb gjat\u00eb nj\u00eb ceremonia duke b\u00ebr\u00eb nj\u00eb k\u00ebrc\u00ebnim t\u00eb hapur ndaj Athin\u00ebs. Erdogan mori pjes\u00eb n\u00eb ceremonin\u00eb hap\u00ebse t\u00eb \u201cTEKNOFEST 2022\u201d n\u00eb aeroportin Samsun \u00c7ar\u015famba, q\u00eb p\u00ebrb\u00ebn nj\u00eb manifestim t\u00eb inovacionit turk n\u00eb fush\u00ebn e pajisjeve t\u00eb reja ushtarake. \u201cTurqia \u00ebsht\u00eb aktualisht n\u00eb vendin [&hellip;]<\/p>\n","protected":false,"gt_translate_keys":[{"key":"rendered","format":"html"}]},"author":30,"featured_media":546531,"comment_status":"closed","ping_status":"closed","sticky":false,"template":"","format":"standard","meta":{"footnotes":""},"categories":[6,13],"tags":[],"class_list":["post-546529","post","type-post","status-publish","format-standard","has-post-thumbnail","hentry","category-nderkombetare","category-te-fundit"],"gt_translate_keys":[{"key":"link","format":"url"}],"_links":{"self":[{"href":"https:\/\/www.hashtag.al\/index.php\/wp-json\/wp\/v2\/posts\/546529","targetHints":{"allow":["GET"]}}],"collection":[{"href":"https:\/\/www.hashtag.al\/index.php\/wp-json\/wp\/v2\/posts"}],"about":[{"href":"https:\/\/www.hashtag.al\/index.php\/wp-json\/wp\/v2\/types\/post"}],"author":[{"embeddable":true,"href":"https:\/\/www.hashtag.al\/index.php\/wp-json\/wp\/v2\/users\/30"}],"replies":[{"embeddable":true,"href":"https:\/\/www.hashtag.al\/index.php\/wp-json\/wp\/v2\/comments?post=546529"}],"version-history":[{"count":0,"href":"https:\/\/www.hashtag.al\/index.php\/wp-json\/wp\/v2\/posts\/546529\/revisions"}],"wp:featuredmedia":[{"embeddable":true,"href":"https:\/\/www.hashtag.al\/index.php\/wp-json\/wp\/v2\/media\/546531"}],"wp:attachment":[{"href":"https:\/\/www.hashtag.al\/index.php\/wp-json\/wp\/v2\/media?parent=546529"}],"wp:term":[{"taxonomy":"category","embeddable":true,"href":"https:\/\/www.hashtag.al\/index.php\/wp-json\/wp\/v2\/categories?post=546529"},{"taxonomy":"post_tag","embeddable":true,"href":"https:\/\/www.hashtag.al\/index.php\/wp-json\/wp\/v2\/tags?post=546529"}],"curies":[{"name":"wp","href":"https:\/\/api.w.org\/{rel}","templated":true}]}}