{"id":546403,"date":"2022-09-02T21:31:27","date_gmt":"2022-09-02T19:31:27","guid":{"rendered":"https:\/\/www.hashtag.al\/?p=546403"},"modified":"2022-09-02T21:31:27","modified_gmt":"2022-09-02T19:31:27","slug":"rusia-shba-ende-si-ka-dhene-viza-lavrovit-dhe-delegacionit-te-tij-per-te-marre-pjese-ne-asamblene-e-okb-se","status":"publish","type":"post","link":"https:\/\/www.hashtag.al\/index.php\/2022\/09\/02\/rusia-shba-ende-si-ka-dhene-viza-lavrovit-dhe-delegacionit-te-tij-per-te-marre-pjese-ne-asamblene-e-okb-se\/","title":{"rendered":"Rusia: SHBA ende s\u2019i ka dh\u00ebn\u00eb viza Lavrovit dhe delegacionit t\u00eb tij p\u00ebr t\u00eb marr\u00eb pjes\u00eb n\u00eb Asamblen\u00eb e OKB-s\u00eb","gt_translate_keys":[{"key":"rendered","format":"text"}]},"content":{"rendered":"<p><span style=\"color: #000000;\"><a href=\"https:\/\/www.hashtag.al\/wp-content\/uploads\/2022\/09\/lavrov.jpg\"><img loading=\"lazy\" decoding=\"async\" class=\"aligncenter size-full wp-image-546405\" src=\"https:\/\/www.hashtag.al\/wp-content\/uploads\/2022\/09\/lavrov.jpg\" alt=\"\" width=\"960\" height=\"640\" srcset=\"https:\/\/www.hashtag.al\/wp-content\/uploads\/2022\/09\/lavrov.jpg 960w, https:\/\/www.hashtag.al\/wp-content\/uploads\/2022\/09\/lavrov-300x200.jpg 300w, https:\/\/www.hashtag.al\/wp-content\/uploads\/2022\/09\/lavrov-768x512.jpg 768w\" sizes=\"auto, (max-width: 960px) 100vw, 960px\" \/><\/a><\/span><\/p>\n<p><span style=\"color: #000000;\">Rusia ka k\u00ebrkuar 56 viza nga Shtetet e Bashkuara p\u00ebr t\u00eb lejuar ministrin e Jasht\u00ebm rus Sergei Lavrov dhe delegacionin e tij t\u00eb udh\u00ebtojn\u00eb n\u00eb Nju Jork p\u00ebr mbledhjen vjetore t\u00eb lider\u00ebve bot\u00ebror\u00eb n\u00eb Kombet e Bashkuara k\u00ebt\u00eb muaj. Por deri m\u00eb tani nuk ka marr\u00eb asnj\u00eb viz\u00eb.<\/span><\/p>\n<p><span style=\"color: #000000;\">Si\u00e7 shkruan <span style=\"color: #0000ff;\"><a style=\"color: #0000ff;\" href=\"https:\/\/www.reuters.com\/world\/russia-says-no-us-visas-yet-lavrov-visit-united-nations-2022-09-02\/\">Reuters<\/a><\/span>, n\u00eb nj\u00eb let\u00ebr drejtuar Sekretarit t\u00eb P\u00ebrgjithsh\u00ebm t\u00eb OKB-s\u00eb, Antonio Guterres, ambasadori rus i Kombeve t\u00eb Bashkuara Vassily Nebenzia tha se kjo ishte &#8220;<em>alarmante<\/em>&#8221; sepse gjat\u00eb disa muajve t\u00eb fundit Uashingtoni &#8220;<em>kishte refuzuar vazhdimisht t&#8217;u jepte viza hyrjeje<\/em>&#8221; nj\u00eb numri delegat\u00ebsh rus\u00eb p\u00ebr aktivitete t\u00eb tjera t\u00eb OKB-s\u00eb.<\/span><\/p>\n<p><span style=\"color: #000000;\">Por nj\u00eb z\u00ebdh\u00ebn\u00ebs i Departamentit t\u00eb Shtetit, tha se Shtetet e Bashkuara i marrin seriozisht detyrimet e tyre si vend prit\u00ebs i OKB-s\u00eb dhe se t\u00eb dh\u00ebnat e vizave jan\u00eb konfidenciale sipas ligjit t\u00eb SHBA-s\u00eb, k\u00ebshtu q\u00eb nuk mund t\u00eb komentoj\u00eb p\u00ebr rastet individuale.<\/span><\/p>\n<p><span style=\"color: #000000;\">Sipas &#8220;<em>marr\u00ebveshjes s\u00eb selis\u00eb s\u00eb OKB-s\u00eb<\/em>&#8221; t\u00eb vitit 1947, Shteteve t\u00eb Bashkuara p\u00ebrgjith\u00ebsisht u k\u00ebrkohet t\u00eb lejojn\u00eb hyrjen p\u00ebr diplomat\u00ebt e huaj. Por Uashingtoni thot\u00eb se mund t\u00eb refuzoj\u00eb vizat p\u00ebr arsye t\u00eb<em> &#8220;siguris\u00eb, terrorizmit dhe politik\u00ebs s\u00eb jashtme&#8221;.<\/em><\/span><\/p>\n<p><span style=\"color: #000000;\">Marr\u00ebdh\u00ebniet midis Shteteve t\u00eb Bashkuara dhe Rusis\u00eb jan\u00eb prishur q\u00eb kur Moska pushtoi Ukrain\u00ebn fqinje n\u00eb shkurt.<\/span><\/p>\n<p><span style=\"color: #000000;\"><em>&#8220;Ne p\u00ebrpunojm\u00eb qindra viza \u00e7do vit p\u00ebr delegat\u00ebt e Federat\u00ebs Ruse n\u00eb ngjarjet e OKB-s\u00eb.&#8221;<\/em>&#8211; tha z\u00ebdh\u00ebn\u00ebsi i Departamentit t\u00eb Shtetit, duke shtuar se aplikimet duhet t\u00eb dor\u00ebzohen sa m\u00eb shpejt q\u00eb t\u00eb jet\u00eb e mundur p\u00ebr t\u00eb siguruar p\u00ebrpunimin n\u00eb koh\u00eb.<\/span><\/p>\n<p><span style=\"color: #000000;\"><em>&#8220;Kjo \u00ebsht\u00eb ve\u00e7an\u00ebrisht e r\u00ebnd\u00ebsishme p\u00ebr shkak t\u00eb veprimeve t\u00eb pajustifikuara t\u00eb Rusis\u00eb kund\u00ebr ambasad\u00ebs son\u00eb n\u00eb Rusi, duke p\u00ebrfshir\u00eb nd\u00ebrprerjen e detyruar t\u00eb stafit komb\u00ebtar vendas dhe t\u00eb vendeve t\u00eb treta, t\u00eb cilat kan\u00eb kufizuar r\u00ebnd\u00eb stafin ton\u00eb dhe p\u00ebr rrjedhoj\u00eb kapacitetin ton\u00eb p\u00ebr t\u00eb p\u00ebrpunuar vizat.<\/em>&#8220;- tha z\u00ebdh\u00ebn\u00ebsi sipas <span style=\"color: #0000ff;\"><a style=\"color: #0000ff;\" href=\"https:\/\/www.reuters.com\/world\/russia-says-no-us-visas-yet-lavrov-visit-united-nations-2022-09-02\/\">Reuters<\/a><\/span>.<\/span><\/p>\n<p><span style=\"color: #000000;\">Ambasadori rus Nebenzia tha se aplikimet e nevojshme ishin dor\u00ebzuar n\u00eb Ambasad\u00ebn e SHBA-s\u00eb n\u00eb Mosk\u00eb.<\/span><\/p>\n<p><span style=\"color: #000000;\">56 vizat e k\u00ebrkuara nga Moska p\u00ebrfshijn\u00eb nj\u00eb ekip paraprak diplomat\u00ebsh p\u00ebr t&#8217;u p\u00ebrgatitur p\u00ebr ardhjen e Lavrovit dhe delegacionit t\u00eb tij p\u00ebr takimin e nivelit t\u00eb lart\u00eb t\u00eb Asambles\u00eb s\u00eb P\u00ebrgjithshme t\u00eb OKB-s\u00eb n\u00eb Nju Jork, q\u00eb fillon m\u00eb 20 shtator.<\/span><\/p>\n<p><span style=\"color: #000000;\">Nebenzia shtoi se asnj\u00eb viz\u00eb nuk ishte dh\u00ebn\u00eb ende p\u00ebr gazetar\u00ebt q\u00eb shoq\u00ebronin Lavrov dhe ekuipazhin e fluturimit.<\/span><\/p>\n<p><span style=\"color: #000000;\">Ai i k\u00ebrkoi Guterres q\u00eb <em>&#8220;t\u00eb theksoj\u00eb edhe nj\u00eb her\u00eb autoriteteve t\u00eb Shteteve t\u00eb Bashkuara se ata duhet t\u00eb l\u00ebshojn\u00eb menj\u00ebher\u00eb vizat e k\u00ebrkuara p\u00ebr t\u00eb gjith\u00eb delegat\u00ebt rus\u00eb dhe personat shoq\u00ebrues, p\u00ebrfshir\u00eb gazetar\u00ebt rus\u00eb&#8221;.<\/em><\/span><\/p>\n<p><span style=\"color: #000000;\">Z\u00ebdh\u00ebn\u00ebsi i OKB-s\u00eb Eri Kaneko tha se Guterres dhe zyrtar\u00eb t\u00eb tjer\u00eb t\u00eb lart\u00eb t\u00eb OKB-s\u00eb jan\u00eb n\u00eb kontakt t\u00eb ngusht\u00eb me Shtetet e Bashkuara dhe Rusin\u00eb lidhur me vizat.<\/span><\/p>\n<p><span style=\"color: #000000;\"><em>&#8220;Ne angazhohemi n\u00eb m\u00ebnyr\u00eb proaktive me Misionin e SHBA-ve p\u00ebr vizat &#8230; dhe lidhemi me Misionin p\u00ebr raste t\u00eb ve\u00e7anta q\u00eb na jan\u00eb v\u00ebn\u00eb n\u00eb v\u00ebmendje. Ne po e b\u00ebjm\u00eb k\u00ebt\u00eb n\u00eb k\u00ebt\u00eb rast.&#8221;-<\/em> tha Kaneko.<\/span><\/p>\n<p><span style=\"color: #000000;\">Shtetet e Bashkuara kan\u00eb kufizuar prej koh\u00ebsh diplomat\u00ebt rus\u00eb t\u00eb OKB-s\u00eb dhe delegacionet ruse t\u00eb udh\u00ebtojn\u00eb m\u00eb shum\u00eb se 40 km nga qyteti i Nju Jorkut pa miratimin paraprak t\u00eb Uashingtonit.<\/span><\/p>\n","protected":false,"gt_translate_keys":[{"key":"rendered","format":"html"}]},"excerpt":{"rendered":"<p>Rusia ka k\u00ebrkuar 56 viza nga Shtetet e Bashkuara p\u00ebr t\u00eb lejuar ministrin e Jasht\u00ebm rus Sergei Lavrov dhe delegacionin e tij t\u00eb udh\u00ebtojn\u00eb n\u00eb Nju Jork p\u00ebr mbledhjen vjetore t\u00eb lider\u00ebve bot\u00ebror\u00eb n\u00eb Kombet e Bashkuara k\u00ebt\u00eb muaj. Por deri m\u00eb tani nuk ka marr\u00eb asnj\u00eb viz\u00eb. Si\u00e7 shkruan Reuters, n\u00eb nj\u00eb let\u00ebr drejtuar [&hellip;]<\/p>\n","protected":false,"gt_translate_keys":[{"key":"rendered","format":"html"}]},"author":30,"featured_media":546405,"comment_status":"closed","ping_status":"closed","sticky":false,"template":"","format":"standard","meta":{"footnotes":""},"categories":[6,13],"tags":[],"class_list":["post-546403","post","type-post","status-publish","format-standard","has-post-thumbnail","hentry","category-nderkombetare","category-te-fundit"],"gt_translate_keys":[{"key":"link","format":"url"}],"_links":{"self":[{"href":"https:\/\/www.hashtag.al\/index.php\/wp-json\/wp\/v2\/posts\/546403","targetHints":{"allow":["GET"]}}],"collection":[{"href":"https:\/\/www.hashtag.al\/index.php\/wp-json\/wp\/v2\/posts"}],"about":[{"href":"https:\/\/www.hashtag.al\/index.php\/wp-json\/wp\/v2\/types\/post"}],"author":[{"embeddable":true,"href":"https:\/\/www.hashtag.al\/index.php\/wp-json\/wp\/v2\/users\/30"}],"replies":[{"embeddable":true,"href":"https:\/\/www.hashtag.al\/index.php\/wp-json\/wp\/v2\/comments?post=546403"}],"version-history":[{"count":0,"href":"https:\/\/www.hashtag.al\/index.php\/wp-json\/wp\/v2\/posts\/546403\/revisions"}],"wp:featuredmedia":[{"embeddable":true,"href":"https:\/\/www.hashtag.al\/index.php\/wp-json\/wp\/v2\/media\/546405"}],"wp:attachment":[{"href":"https:\/\/www.hashtag.al\/index.php\/wp-json\/wp\/v2\/media?parent=546403"}],"wp:term":[{"taxonomy":"category","embeddable":true,"href":"https:\/\/www.hashtag.al\/index.php\/wp-json\/wp\/v2\/categories?post=546403"},{"taxonomy":"post_tag","embeddable":true,"href":"https:\/\/www.hashtag.al\/index.php\/wp-json\/wp\/v2\/tags?post=546403"}],"curies":[{"name":"wp","href":"https:\/\/api.w.org\/{rel}","templated":true}]}}