{"id":546377,"date":"2022-09-02T19:21:21","date_gmt":"2022-09-02T17:21:21","guid":{"rendered":"https:\/\/www.hashtag.al\/?p=546377"},"modified":"2022-09-02T19:22:22","modified_gmt":"2022-09-02T17:22:22","slug":"ardi-veliu-eshte-zyrtarisht-drejtori-i-ri-i-agjencise-se-mbikeqyrjes-policore","status":"publish","type":"post","link":"https:\/\/www.hashtag.al\/index.php\/2022\/09\/02\/ardi-veliu-eshte-zyrtarisht-drejtori-i-ri-i-agjencise-se-mbikeqyrjes-policore\/","title":{"rendered":"Ardi Veliu \u00ebsht\u00eb zyrtarisht drejtori i ri i Agjencis\u00eb s\u00eb Mbik\u00ebqyrjes Policore","gt_translate_keys":[{"key":"rendered","format":"text"}]},"content":{"rendered":"<p><span style=\"color: #000000;\"><a href=\"https:\/\/www.hashtag.al\/wp-content\/uploads\/2019\/05\/veliu-12.jpeg\"><img loading=\"lazy\" decoding=\"async\" class=\"aligncenter size-full wp-image-299125\" src=\"https:\/\/www.hashtag.al\/wp-content\/uploads\/2019\/05\/veliu-12.jpeg\" alt=\"\" width=\"1242\" height=\"833\" srcset=\"https:\/\/www.hashtag.al\/wp-content\/uploads\/2019\/05\/veliu-12.jpeg 1242w, https:\/\/www.hashtag.al\/wp-content\/uploads\/2019\/05\/veliu-12-300x201.jpeg 300w, https:\/\/www.hashtag.al\/wp-content\/uploads\/2019\/05\/veliu-12-768x515.jpeg 768w, https:\/\/www.hashtag.al\/wp-content\/uploads\/2019\/05\/veliu-12-1024x687.jpeg 1024w\" sizes=\"auto, (max-width: 1242px) 100vw, 1242px\" \/><\/a><\/span><\/p>\n<p><span style=\"color: #000000;\">Ish-drejtori i P\u00ebrgjithsh\u00ebm i Policis\u00eb s\u00eb Shtetit, Ardi Veliu, \u00ebsht\u00eb em\u00ebruar si drejtor i Agjencis\u00eb s\u00eb Mbik\u00ebqyrjes Policore (AMP).<\/span><\/p>\n<p><span style=\"color: #000000;\">Prezantimi i tij para punonj\u00ebsve n\u00eb postin u ri u b\u00eb k\u00ebt\u00eb t\u00eb premte sipas nj\u00eb njoftimi nga ky institucion.<\/span><\/p>\n<p><span style=\"color: #000000;\">Deri n\u00eb dit\u00ebn e fundit t\u00eb gushtit, Veliu mbante postin e z\u00ebvend\u00ebsministrit t\u00eb Energjetik\u00ebs. Por u shkarkua nga detyra p\u00ebr t\u2019u em\u00ebruar n\u00eb nj\u00eb detyr\u00eb t\u00eb re.<\/span><\/p>\n<p><span style=\"color: #000000;\">N\u00eb krye t\u00eb AMP-s\u00eb Veliu z\u00ebvend\u00ebson Muhamet Rrumbullakun.<\/span><\/p>\n<p><strong><span style=\"color: #000000;\">NJOFTIMI i AMP-s\u00eb<\/span><\/strong><\/p>\n<p><span style=\"color: #000000;\">U prezantua sot Drejtori i ri i Agjencis\u00eb s\u00eb Mbik\u00ebqyrjes Policore (AMP) Ardi Veliu, i cili z\u00ebvend\u00ebson n\u00eb k\u00ebt\u00eb post zotin Muhamet Rrumbullaku.<\/span><\/p>\n<p><span style=\"color: #000000;\">Ish-Drejtori Rrumbullaku drejtoi Agjencin\u00eb me rezultate t\u00eb larta n\u00eb nj\u00eb proces reformimi, duke u shnd\u00ebrruar n\u00eb nj\u00eb struktur\u00eb m\u00eb civile n\u00eb ushtrimin e kontrollit dhe mbik\u00ebqyrjen e Policis\u00eb s\u00eb Shtetit, Gard\u00ebn e Republik\u00ebs dhe Sh\u00ebrbimin Zjarrfik\u00ebs.<\/span><\/p>\n<p><span style=\"color: #000000;\">Fal\u00eb pun\u00ebs k\u00ebmb\u00ebngul\u00ebse dhe intensive t\u00eb AMP n\u00ebn drejtimin e z. Rrumbullaku, Agjencia ka kaluar p\u00ebrmes nj\u00eb procesi transformues duke u shnd\u00ebruar n\u00eb pararoj\u00eb e zbatimit t\u00eb ligjit n\u00eb kuadrin e goditjes s\u00eb fenomeneve negative si paligjshm\u00ebria dhe korrupsioni n\u00eb rradh\u00ebt e punonj\u00ebsve t\u00eb Policis\u00eb s\u00eb Shtetit.<\/span><\/p>\n<p><span style=\"color: #000000;\">Rezultatet e arritura nga AMP gjat\u00eb k\u00ebsaj periudhe, e kan\u00eb b\u00ebr\u00eb Agjencin\u00eb nj\u00eb nga institucionet m\u00eb t\u00eb mb\u00ebshtetura nga publiku sa i p\u00ebrket reagueshm\u00ebris\u00eb dhe zbatimit t\u00eb ligjit.<\/span><\/p>\n<p><span style=\"color: #000000;\">Drejtor Veliu em\u00ebrohet n\u00eb krye t\u00eb AMP pas nj\u00eb p\u00ebrvoje t\u00eb gjat\u00eb menaxheriale n\u00eb strukturat e Policis\u00eb s\u00eb Shtetit, si dhe detyr\u00ebs si zv.minist\u00ebr i Infrastruktur\u00ebs dhe Energjis\u00eb. Ai u angazhua p\u00ebr vijimin e pun\u00ebs, n\u00eb thellimin e reformave t\u00eb nisura.<\/span><\/p>\n","protected":false,"gt_translate_keys":[{"key":"rendered","format":"html"}]},"excerpt":{"rendered":"<p>Ish-drejtori i P\u00ebrgjithsh\u00ebm i Policis\u00eb s\u00eb Shtetit, Ardi Veliu, \u00ebsht\u00eb em\u00ebruar si drejtor i Agjencis\u00eb s\u00eb Mbik\u00ebqyrjes Policore (AMP). Prezantimi i tij para punonj\u00ebsve n\u00eb postin u ri u b\u00eb k\u00ebt\u00eb t\u00eb premte sipas nj\u00eb njoftimi nga ky institucion. Deri n\u00eb dit\u00ebn e fundit t\u00eb gushtit, Veliu mbante postin e z\u00ebvend\u00ebsministrit t\u00eb Energjetik\u00ebs. Por u [&hellip;]<\/p>\n","protected":false,"gt_translate_keys":[{"key":"rendered","format":"html"}]},"author":30,"featured_media":380042,"comment_status":"closed","ping_status":"closed","sticky":false,"template":"","format":"standard","meta":{"footnotes":""},"categories":[65,13],"tags":[],"class_list":["post-546377","post","type-post","status-publish","format-standard","has-post-thumbnail","hentry","category-lajme","category-te-fundit"],"gt_translate_keys":[{"key":"link","format":"url"}],"_links":{"self":[{"href":"https:\/\/www.hashtag.al\/index.php\/wp-json\/wp\/v2\/posts\/546377","targetHints":{"allow":["GET"]}}],"collection":[{"href":"https:\/\/www.hashtag.al\/index.php\/wp-json\/wp\/v2\/posts"}],"about":[{"href":"https:\/\/www.hashtag.al\/index.php\/wp-json\/wp\/v2\/types\/post"}],"author":[{"embeddable":true,"href":"https:\/\/www.hashtag.al\/index.php\/wp-json\/wp\/v2\/users\/30"}],"replies":[{"embeddable":true,"href":"https:\/\/www.hashtag.al\/index.php\/wp-json\/wp\/v2\/comments?post=546377"}],"version-history":[{"count":0,"href":"https:\/\/www.hashtag.al\/index.php\/wp-json\/wp\/v2\/posts\/546377\/revisions"}],"wp:featuredmedia":[{"embeddable":true,"href":"https:\/\/www.hashtag.al\/index.php\/wp-json\/wp\/v2\/media\/380042"}],"wp:attachment":[{"href":"https:\/\/www.hashtag.al\/index.php\/wp-json\/wp\/v2\/media?parent=546377"}],"wp:term":[{"taxonomy":"category","embeddable":true,"href":"https:\/\/www.hashtag.al\/index.php\/wp-json\/wp\/v2\/categories?post=546377"},{"taxonomy":"post_tag","embeddable":true,"href":"https:\/\/www.hashtag.al\/index.php\/wp-json\/wp\/v2\/tags?post=546377"}],"curies":[{"name":"wp","href":"https:\/\/api.w.org\/{rel}","templated":true}]}}