{"id":546328,"date":"2022-09-02T16:15:22","date_gmt":"2022-09-02T14:15:22","guid":{"rendered":"https:\/\/www.hashtag.al\/?p=546328"},"modified":"2022-09-02T16:27:25","modified_gmt":"2022-09-02T14:27:25","slug":"u-qellua-pak-metra-larg-baneses-policia-jep-detaje-per-vrasjen-e-ismet-cekores-ne-shkoder","status":"publish","type":"post","link":"https:\/\/www.hashtag.al\/index.php\/2022\/09\/02\/u-qellua-pak-metra-larg-baneses-policia-jep-detaje-per-vrasjen-e-ismet-cekores-ne-shkoder\/","title":{"rendered":"U q\u00ebllua pak metra larg banes\u00ebs, Policia jep detaje p\u00ebr vrasjen e Ismet \u00c7ekores n\u00eb Shkod\u00ebr","gt_translate_keys":[{"key":"rendered","format":"text"}]},"content":{"rendered":"<p><span style=\"color: #000000;\"><a href=\"https:\/\/www.hashtag.al\/wp-content\/uploads\/2022\/09\/ismet-cekorja.jpg\"><img loading=\"lazy\" decoding=\"async\" class=\"aligncenter size-full wp-image-546329\" src=\"https:\/\/www.hashtag.al\/wp-content\/uploads\/2022\/09\/ismet-cekorja.jpg\" alt=\"\" width=\"1280\" height=\"720\" srcset=\"https:\/\/www.hashtag.al\/wp-content\/uploads\/2022\/09\/ismet-cekorja.jpg 1280w, https:\/\/www.hashtag.al\/wp-content\/uploads\/2022\/09\/ismet-cekorja-300x169.jpg 300w, https:\/\/www.hashtag.al\/wp-content\/uploads\/2022\/09\/ismet-cekorja-1024x576.jpg 1024w, https:\/\/www.hashtag.al\/wp-content\/uploads\/2022\/09\/ismet-cekorja-768x432.jpg 768w\" sizes=\"auto, (max-width: 1280px) 100vw, 1280px\" \/><\/a><\/span><\/p>\n<p><span style=\"color: #000000;\">Ismet \u00c7ekorja u vra pasditen e sotme n\u00eb Shkod\u00ebr n\u00eb nj\u00eb atentat me arm\u00eb zjarri.<\/span><\/p>\n<p><span style=\"color: #000000;\">Policia thot\u00eb se 58-vje\u00e7ari u plagos n\u00eb rrethana t\u00eb paqarta n\u00eb lagjen \u201cGuerrile\u201d dhe nd\u00ebrroi jet\u00eb n\u00eb spital.<\/span><\/p>\n<p><em><span style=\"color: #000000;\">\u201cN\u00eb lagjen &#8216;Guerrile&#8217;, n\u00eb Shkod\u00ebr, n\u00eb rrethana ende t\u00eb paqarta \u00ebsht\u00eb plagosur me arm\u00eb zjarri shtetasi I. \u00c7., 57 vje\u00e7, banues n\u00eb lagjen &#8216;Guerrile&#8217;, Shkod\u00ebr, i cili m\u00eb pas ka nd\u00ebrruar jet\u00eb n\u00eb Spitalin Rajonal Shkod\u00ebr.<\/span><\/em><\/p>\n<p><em><span style=\"color: #000000;\">Grupi hetimor, n\u00ebn drejtimin e Prokuroris\u00eb, vijon pun\u00ebn n\u00eb vendngjarje, p\u00ebr sqarimin e plot\u00eb t\u00eb rrethanave, dokumentimin ligjor t\u00eb k\u00ebsaj ngjarjeje, me q\u00ebllim identifikimin dhe kapjen e autorit\/\u00ebve.<\/span><\/em><\/p>\n<p><span style=\"color: #000000;\"><em>Sh\u00ebrbimet e Policis\u00eb vijojn\u00eb kontrollet, me pika kontrolli n\u00eb zon\u00ebn p\u00ebrreth, me q\u00ebllim kapjen e autorit\/\u00ebve.\u201d<\/em>&#8211; thot\u00eb Policia.<\/span><\/p>\n<p><span style=\"color: #000000;\">Ismet \u00c7ekorja ishte babai i Bajram \u00c7ekores, i dyshuar si autor i atentatit ndaj shtetasit Alban Bru\u00e7i t\u00eb ndodhur n\u00eb mbr\u00ebmjen e 25 gushtit n\u00eb Shkod\u00ebr.<\/span><\/p>\n<p><span style=\"color: #000000;\">Pak dit\u00eb m\u00eb par\u00eb, \u00c7ekorja foli p\u00ebr gazetar\u00ebt lidhur me akuzat ndaj t\u00eb birit duke e mbrojtur at\u00eb.<\/span><\/p>\n<p><span style=\"color: #000000;\"><em>\u201cRasti i fundit \u00ebsht\u00eb me Alban Bru\u00e7in, djalin e Lad Bru\u00e7it, t\u00eb cilin un\u00eb e kam shum\u00eb mik dhe nuk ka asnj\u00eb shans q\u00eb djali im t\u00eb q\u00eblloj\u00eb djalin e tij kur ne kemi shum\u00eb miq\u00ebsi aq m\u00eb tep\u00ebr q\u00eb Bajrami, djali im \u00ebsht\u00eb i monitoruar me kamera.\u201d-<\/em> shprehej ai p\u00ebr mediat. \u00c7ekorja shprehej se k\u00ebto sulme me ndaj familjes s\u00eb tij, i b\u00ebjn\u00eb disa bandit\u00eb t\u00eb veshur me pushtet.<\/span><\/p>\n","protected":false,"gt_translate_keys":[{"key":"rendered","format":"html"}]},"excerpt":{"rendered":"<p>Ismet \u00c7ekorja u vra pasditen e sotme n\u00eb Shkod\u00ebr n\u00eb nj\u00eb atentat me arm\u00eb zjarri. Policia thot\u00eb se 58-vje\u00e7ari u plagos n\u00eb rrethana t\u00eb paqarta n\u00eb lagjen \u201cGuerrile\u201d dhe nd\u00ebrroi jet\u00eb n\u00eb spital. \u201cN\u00eb lagjen &#8216;Guerrile&#8217;, n\u00eb Shkod\u00ebr, n\u00eb rrethana ende t\u00eb paqarta \u00ebsht\u00eb plagosur me arm\u00eb zjarri shtetasi I. \u00c7., 57 vje\u00e7, banues n\u00eb [&hellip;]<\/p>\n","protected":false,"gt_translate_keys":[{"key":"rendered","format":"html"}]},"author":30,"featured_media":546329,"comment_status":"closed","ping_status":"closed","sticky":false,"template":"","format":"standard","meta":{"footnotes":""},"categories":[22,65,13],"tags":[],"class_list":["post-546328","post","type-post","status-publish","format-standard","has-post-thumbnail","hentry","category-ballina","category-lajme","category-te-fundit"],"gt_translate_keys":[{"key":"link","format":"url"}],"_links":{"self":[{"href":"https:\/\/www.hashtag.al\/index.php\/wp-json\/wp\/v2\/posts\/546328","targetHints":{"allow":["GET"]}}],"collection":[{"href":"https:\/\/www.hashtag.al\/index.php\/wp-json\/wp\/v2\/posts"}],"about":[{"href":"https:\/\/www.hashtag.al\/index.php\/wp-json\/wp\/v2\/types\/post"}],"author":[{"embeddable":true,"href":"https:\/\/www.hashtag.al\/index.php\/wp-json\/wp\/v2\/users\/30"}],"replies":[{"embeddable":true,"href":"https:\/\/www.hashtag.al\/index.php\/wp-json\/wp\/v2\/comments?post=546328"}],"version-history":[{"count":0,"href":"https:\/\/www.hashtag.al\/index.php\/wp-json\/wp\/v2\/posts\/546328\/revisions"}],"wp:featuredmedia":[{"embeddable":true,"href":"https:\/\/www.hashtag.al\/index.php\/wp-json\/wp\/v2\/media\/546329"}],"wp:attachment":[{"href":"https:\/\/www.hashtag.al\/index.php\/wp-json\/wp\/v2\/media?parent=546328"}],"wp:term":[{"taxonomy":"category","embeddable":true,"href":"https:\/\/www.hashtag.al\/index.php\/wp-json\/wp\/v2\/categories?post=546328"},{"taxonomy":"post_tag","embeddable":true,"href":"https:\/\/www.hashtag.al\/index.php\/wp-json\/wp\/v2\/tags?post=546328"}],"curies":[{"name":"wp","href":"https:\/\/api.w.org\/{rel}","templated":true}]}}