{"id":546277,"date":"2022-09-02T13:13:01","date_gmt":"2022-09-02T11:13:01","guid":{"rendered":"https:\/\/www.hashtag.al\/?p=546277"},"modified":"2022-09-02T13:13:01","modified_gmt":"2022-09-02T11:13:01","slug":"berisha-akuza-rames-po-ben-grusht-shteti-te-pjesshem-me-policine-e-shtetit-e-shish-in","status":"publish","type":"post","link":"https:\/\/www.hashtag.al\/index.php\/2022\/09\/02\/berisha-akuza-rames-po-ben-grusht-shteti-te-pjesshem-me-policine-e-shtetit-e-shish-in\/","title":{"rendered":"Berisha akuza Ram\u00ebs: Po b\u00ebn grusht shteti t\u00eb pjessh\u00ebm me Policin\u00eb e Shtetit e SHISH-in","gt_translate_keys":[{"key":"rendered","format":"text"}]},"content":{"rendered":"<p><span style=\"color: #000000;\"><img loading=\"lazy\" decoding=\"async\" class=\"aligncenter size-full wp-image-546278\" src=\"https:\/\/www.hashtag.al\/wp-content\/uploads\/2022\/09\/berisha34.jpeg\" alt=\"\" width=\"768\" height=\"512\" srcset=\"https:\/\/www.hashtag.al\/wp-content\/uploads\/2022\/09\/berisha34.jpeg 768w, https:\/\/www.hashtag.al\/wp-content\/uploads\/2022\/09\/berisha34-300x200.jpeg 300w\" sizes=\"auto, (max-width: 768px) 100vw, 768px\" \/><\/span><\/p>\n<p><span style=\"color: #000000;\">Kreu i PD-s\u00eb Berisha ka deklaruar sot se kryeministri Rama po b\u00ebn grusht shteti me l\u00ebvizjet e fundit n\u00eb Policin\u00eb e Shtetit dhe Sh\u00ebrbimin Informativ Shtet\u00ebror. <\/span><\/p>\n<p><span style=\"color: #000000;\">Gjat\u00eb nj\u00eb bashk\u00ebbisedimi me gazetar\u00ebt n\u00eb selin\u00eb blu ai tha se zhvillimet e dy dit\u00ebve t\u00eb fundit kan\u00eb element\u00eb t\u00eb nj\u00eb grushti shteti t\u00eb pjessh\u00ebm duke p\u00ebrmendur shkarkimin e drejtorit t\u00eb Policis\u00eb s\u00eb Shtetit dhe largimin e kreut t\u00eb SHISH-it, Helidon Bendo.<\/span><\/p>\n<p><span style=\"color: #000000;\">Po k\u00ebshtu ai denoncoi kryeministrin Rama e t\u00eb v\u00ebllan\u00eb, Olsi Ram\u00ebn si t\u00eb p\u00ebrfshir\u00eb n\u00eb \u00e7\u00ebshtjen e basteve sportive, t\u00eb incenerator\u00ebve e n\u00eb shum\u00eb afera t\u00eb tjera.<\/span><\/p>\n<p><span style=\"color: #000000;\"><em>\u201cZhvillimet e dy dit\u00ebve t\u00eb fundit kan\u00eb qen\u00eb zhvillime q\u00eb n\u00eb nj\u00eb far\u00eb m\u00ebnyre, n\u00eb nj\u00eb shtet normal t\u00eb kujtojn\u00eb grushte shteti t\u00eb pjesshme. Ti je kryeminist\u00ebr, por nuk mund ta heq\u00ebsh drejtorin e Policis\u00eb s\u00eb Shtetit pa motiv. Ti nuk mund t\u00eb z\u00ebvend\u00ebsosh drejtorin e SHISH pa shkarkuar drejtorin q\u00eb e ka \u00e7uar n\u00eb SHBA. Ti je kryeminist\u00ebr, por ti nuk mund t\u2019i shkarkosh sepse jan\u00eb institucionet m\u00eb sensitive. Nuk mund t\u00eb shkarkosh drejtorin e agjencis\u00eb kund\u00ebr larjes s\u00eb parave, pa dh\u00ebn\u00eb motivin. N\u00eb munges\u00eb t\u00eb shkaqeve \u00e7do qytetar shqiptar ka t\u00eb drejt\u00eb t\u00eb besoj se kan\u00eb qen\u00eb arsye personale. <\/em><\/span><\/p>\n<p><span style=\"color: #000000;\"><em>Klani Rama \u00ebsht\u00eb tashm\u00eb i p\u00ebrfolur n\u00eb t\u00eb gjitha k\u00ebto afera. Te bastet, \u00ebsht\u00eb p\u00ebrfolur te incenerator\u00ebt dhe call center. Dy persona kan\u00eb qen\u00eb t\u00eb njohur n\u00eb fush\u00ebn e basteve, Ervis Martini si njeriu m\u00eb kryesor i k\u00ebsaj industrie. Fill pas zhdukjes, eleminimit apo largimit t\u00eb tij, bastet u rikthyen p\u00ebr t\u2019i marr\u00eb kush? Olsi Rama. Ai ka qen\u00eb njeriu n\u00eb hije i basteve. T\u00eb gjitha k\u00ebto q\u00eb ndodhin nuk jan\u00eb pa lidhje njera me tjetr\u00ebn. L\u00ebvizjet e fundit q\u00eb ka b\u00ebr\u00eb jan\u00eb nj\u00eb grusht shteti i pjessh\u00ebm. Policia, SHISH dhe institucioni i luft\u00ebs kund\u00ebr parave jan\u00eb shum\u00eb t\u00eb r\u00ebnd\u00ebsishme. Sot mbreti i basteve \u00ebsht\u00eb Olsi Rama, tani \u00ebsht\u00eb i legalizuar.\u201d<\/em> &#8211; tha Berisha.<\/span><\/p>\n","protected":false,"gt_translate_keys":[{"key":"rendered","format":"html"}]},"excerpt":{"rendered":"<p>Kreu i PD-s\u00eb Berisha ka deklaruar sot se kryeministri Rama po b\u00ebn grusht shteti me l\u00ebvizjet e fundit n\u00eb Policin\u00eb e Shtetit dhe Sh\u00ebrbimin Informativ Shtet\u00ebror. Gjat\u00eb nj\u00eb bashk\u00ebbisedimi me gazetar\u00ebt n\u00eb selin\u00eb blu ai tha se zhvillimet e dy dit\u00ebve t\u00eb fundit kan\u00eb element\u00eb t\u00eb nj\u00eb grushti shteti t\u00eb pjessh\u00ebm duke p\u00ebrmendur shkarkimin e [&hellip;]<\/p>\n","protected":false,"gt_translate_keys":[{"key":"rendered","format":"html"}]},"author":51,"featured_media":546278,"comment_status":"closed","ping_status":"closed","sticky":false,"template":"","format":"standard","meta":{"footnotes":""},"categories":[65,13],"tags":[],"class_list":["post-546277","post","type-post","status-publish","format-standard","has-post-thumbnail","hentry","category-lajme","category-te-fundit"],"gt_translate_keys":[{"key":"link","format":"url"}],"_links":{"self":[{"href":"https:\/\/www.hashtag.al\/index.php\/wp-json\/wp\/v2\/posts\/546277","targetHints":{"allow":["GET"]}}],"collection":[{"href":"https:\/\/www.hashtag.al\/index.php\/wp-json\/wp\/v2\/posts"}],"about":[{"href":"https:\/\/www.hashtag.al\/index.php\/wp-json\/wp\/v2\/types\/post"}],"author":[{"embeddable":true,"href":"https:\/\/www.hashtag.al\/index.php\/wp-json\/wp\/v2\/users\/51"}],"replies":[{"embeddable":true,"href":"https:\/\/www.hashtag.al\/index.php\/wp-json\/wp\/v2\/comments?post=546277"}],"version-history":[{"count":0,"href":"https:\/\/www.hashtag.al\/index.php\/wp-json\/wp\/v2\/posts\/546277\/revisions"}],"wp:featuredmedia":[{"embeddable":true,"href":"https:\/\/www.hashtag.al\/index.php\/wp-json\/wp\/v2\/media\/546278"}],"wp:attachment":[{"href":"https:\/\/www.hashtag.al\/index.php\/wp-json\/wp\/v2\/media?parent=546277"}],"wp:term":[{"taxonomy":"category","embeddable":true,"href":"https:\/\/www.hashtag.al\/index.php\/wp-json\/wp\/v2\/categories?post=546277"},{"taxonomy":"post_tag","embeddable":true,"href":"https:\/\/www.hashtag.al\/index.php\/wp-json\/wp\/v2\/tags?post=546277"}],"curies":[{"name":"wp","href":"https:\/\/api.w.org\/{rel}","templated":true}]}}