{"id":546257,"date":"2022-09-02T12:08:39","date_gmt":"2022-09-02T10:08:39","guid":{"rendered":"https:\/\/www.hashtag.al\/?p=546257"},"modified":"2022-09-02T12:08:39","modified_gmt":"2022-09-02T10:08:39","slug":"perplasja-perfaqesuesit-e-prestige-resort-nxorren-dokumentin-me-firmen-e-rames-pergjigjet-ministria-manipulim-i-publikut-kushtet-e-lejes-su-plotesuan","status":"publish","type":"post","link":"https:\/\/www.hashtag.al\/index.php\/2022\/09\/02\/perplasja-perfaqesuesit-e-prestige-resort-nxorren-dokumentin-me-firmen-e-rames-pergjigjet-ministria-manipulim-i-publikut-kushtet-e-lejes-su-plotesuan\/","title":{"rendered":"P\u00ebrplasja\/ P\u00ebrfaq\u00ebsuesit e \u2018Prestige Resort\u2019 nxorr\u00ebn dokumentin me firm\u00ebn e Ram\u00ebs. P\u00ebrgjigjet ministria: Manipulim i publikut, kushtet e lejes s\u2019u plot\u00ebsuan","gt_translate_keys":[{"key":"rendered","format":"text"}]},"content":{"rendered":"<p><span style=\"color: #000000;\"><img loading=\"lazy\" decoding=\"async\" class=\"aligncenter size-full wp-image-546261\" src=\"https:\/\/www.hashtag.al\/wp-content\/uploads\/2022\/09\/shembjet-prestig-2.jpg\" alt=\"\" width=\"1280\" height=\"720\" srcset=\"https:\/\/www.hashtag.al\/wp-content\/uploads\/2022\/09\/shembjet-prestig-2.jpg 1280w, https:\/\/www.hashtag.al\/wp-content\/uploads\/2022\/09\/shembjet-prestig-2-300x169.jpg 300w, https:\/\/www.hashtag.al\/wp-content\/uploads\/2022\/09\/shembjet-prestig-2-1024x576.jpg 1024w, https:\/\/www.hashtag.al\/wp-content\/uploads\/2022\/09\/shembjet-prestig-2-768x432.jpg 768w\" sizes=\"auto, (max-width: 1280px) 100vw, 1280px\" \/><\/span><\/p>\n<p><span style=\"color: #000000;\">T\u00eb paligjsh\u00ebm e kan\u00eb cil\u00ebsuar aksionin e IMT-s\u00eb p\u00ebr prishjen e dy pishinave t\u00eb kompleksit turistik Prestige Resort n\u00eb Golem, p\u00ebrfaq\u00ebsuesit ligjor\u00eb t\u00eb biznesit n\u00eb fjal\u00eb, n\u00eb pron\u00ebsi t\u00eb Hysenbelliu Group si dhe mediat e lidhura me grupin, News24, BW e Panorama. <\/span><\/p>\n<p><span style=\"color: #000000;\">Ato kan\u00eb paraqitur nj\u00eb dokument duke deklaruar se objekti ka qen\u00eb me leje, krejt\u00ebsisht i ligjsh\u00ebm dhe me firm\u00ebn e kryeministrit Rama. ata e kan\u00eb quajtur sulm politik me urdh\u00ebt t\u00eb kryeministrit Rama aksionin e IMT-s\u00eb p\u00ebr t\u00eb heshtur e k\u00ebrc\u00ebnuar median.<\/span><\/p>\n<p><span style=\"color: #000000;\"><img loading=\"lazy\" decoding=\"async\" class=\"aligncenter size-full wp-image-546258\" src=\"https:\/\/www.hashtag.al\/wp-content\/uploads\/2022\/09\/media.jpg\" alt=\"\" width=\"768\" height=\"576\" srcset=\"https:\/\/www.hashtag.al\/wp-content\/uploads\/2022\/09\/media.jpg 768w, https:\/\/www.hashtag.al\/wp-content\/uploads\/2022\/09\/media-300x225.jpg 300w\" sizes=\"auto, (max-width: 768px) 100vw, 768px\" \/><\/span><\/p>\n<p><span style=\"color: #000000;\">K\u00ebtij pretendimi i \u00ebsht\u00eb p\u00ebrgjigjur Ministria e Brendshme e cila ka publikuar nj\u00eb dokument duke theksuar se dokumenti i paraqitur nga media \u00ebsht\u00eb manipulim i opinionit publik. <\/span><\/p>\n<p><span style=\"color: #000000;\">N\u00eb reagimin e ministris\u00eb thuhet se dokumenti n\u00eb fjal\u00eb provon t\u00eb kund\u00ebrt\u00ebn. <\/span><\/p>\n<p><span style=\"color: #000000;\">Sipas saj leja \u00ebsht\u00eb dh\u00ebn\u00eb me kusht pasi t\u00eb plot\u00ebsohej dokumenti tekniko-ligjor e t\u00eb paguheshin taksat respektive, gj\u00eb q\u00eb sipas ministris\u00eb nuk ka ndodhur.<\/span><\/p>\n<p><span style=\"color: #000000;\"><em>\u201cPretendimi i mediave t\u00eb zotit Irfan Hysenbelliu se nd\u00ebrhyrja e sotme e IKMT \u00ebsht\u00eb e paligjshme pasi resorti paska leje t\u00eb miratuar \u00ebsht\u00eb nj\u00eb tjet\u00ebr manipulim i opinionit publik.\u00a0 Dokumenti i nxjerr\u00eb n\u00eb mediat n\u00eb fjal\u00eb me firm\u00ebn e kryeministrit Edi Rama si kryetar i KKT provon t\u00eb kund\u00ebrt\u00ebn e pretendimit.\u00a0 Leja \u00ebsht\u00eb nj\u00eb leje me kusht, ku thuhet qart\u00ebsisht se dokumenti i lejes s\u00eb nd\u00ebrtimit do t\u00eb jepet vet\u00ebm pasi t\u0113 plot\u00ebsohet dokumentacioni tekniko-ligjor dhe t\u00eb paguhen taksat p\u00ebrkat\u00ebse. Asnj\u00ebri nga kushtet nuk \u00ebsht\u00eb plot\u00ebsuar dhe sot zoti Irfan Hysenbelliu i detyrohet shtetit dhe qytetar\u00ebve kthimin e sip\u00ebrfaqeve t\u00eb zaptuara si edhe borxhin financiar nga mospagimi i taksave.&#8221;<\/em> &#8211; thuhet n\u00eb reagim.<\/span><\/p>\n<p><img loading=\"lazy\" decoding=\"async\" class=\"aligncenter size-full wp-image-546260\" src=\"https:\/\/www.hashtag.al\/wp-content\/uploads\/2022\/09\/dokumenti.jpg2_.jpg\" alt=\"\" width=\"540\" height=\"960\" srcset=\"https:\/\/www.hashtag.al\/wp-content\/uploads\/2022\/09\/dokumenti.jpg2_.jpg 540w, https:\/\/www.hashtag.al\/wp-content\/uploads\/2022\/09\/dokumenti.jpg2_-169x300.jpg 169w\" sizes=\"auto, (max-width: 540px) 100vw, 540px\" \/><img loading=\"lazy\" decoding=\"async\" class=\"aligncenter size-full wp-image-546259\" src=\"https:\/\/www.hashtag.al\/wp-content\/uploads\/2022\/09\/dokumenti.jpg\" alt=\"\" width=\"807\" height=\"960\" srcset=\"https:\/\/www.hashtag.al\/wp-content\/uploads\/2022\/09\/dokumenti.jpg 807w, https:\/\/www.hashtag.al\/wp-content\/uploads\/2022\/09\/dokumenti-252x300.jpg 252w, https:\/\/www.hashtag.al\/wp-content\/uploads\/2022\/09\/dokumenti-768x914.jpg 768w\" sizes=\"auto, (max-width: 807px) 100vw, 807px\" \/><\/p>\n","protected":false,"gt_translate_keys":[{"key":"rendered","format":"html"}]},"excerpt":{"rendered":"<p>T\u00eb paligjsh\u00ebm e kan\u00eb cil\u00ebsuar aksionin e IMT-s\u00eb p\u00ebr prishjen e dy pishinave t\u00eb kompleksit turistik Prestige Resort n\u00eb Golem, p\u00ebrfaq\u00ebsuesit ligjor\u00eb t\u00eb biznesit n\u00eb fjal\u00eb, n\u00eb pron\u00ebsi t\u00eb Hysenbelliu Group si dhe mediat e lidhura me grupin, News24, BW e Panorama. Ato kan\u00eb paraqitur nj\u00eb dokument duke deklaruar se objekti ka qen\u00eb me leje, [&hellip;]<\/p>\n","protected":false,"gt_translate_keys":[{"key":"rendered","format":"html"}]},"author":51,"featured_media":546261,"comment_status":"closed","ping_status":"closed","sticky":false,"template":"","format":"standard","meta":{"footnotes":""},"categories":[65,13],"tags":[],"class_list":["post-546257","post","type-post","status-publish","format-standard","has-post-thumbnail","hentry","category-lajme","category-te-fundit"],"gt_translate_keys":[{"key":"link","format":"url"}],"_links":{"self":[{"href":"https:\/\/www.hashtag.al\/index.php\/wp-json\/wp\/v2\/posts\/546257","targetHints":{"allow":["GET"]}}],"collection":[{"href":"https:\/\/www.hashtag.al\/index.php\/wp-json\/wp\/v2\/posts"}],"about":[{"href":"https:\/\/www.hashtag.al\/index.php\/wp-json\/wp\/v2\/types\/post"}],"author":[{"embeddable":true,"href":"https:\/\/www.hashtag.al\/index.php\/wp-json\/wp\/v2\/users\/51"}],"replies":[{"embeddable":true,"href":"https:\/\/www.hashtag.al\/index.php\/wp-json\/wp\/v2\/comments?post=546257"}],"version-history":[{"count":0,"href":"https:\/\/www.hashtag.al\/index.php\/wp-json\/wp\/v2\/posts\/546257\/revisions"}],"wp:featuredmedia":[{"embeddable":true,"href":"https:\/\/www.hashtag.al\/index.php\/wp-json\/wp\/v2\/media\/546261"}],"wp:attachment":[{"href":"https:\/\/www.hashtag.al\/index.php\/wp-json\/wp\/v2\/media?parent=546257"}],"wp:term":[{"taxonomy":"category","embeddable":true,"href":"https:\/\/www.hashtag.al\/index.php\/wp-json\/wp\/v2\/categories?post=546257"},{"taxonomy":"post_tag","embeddable":true,"href":"https:\/\/www.hashtag.al\/index.php\/wp-json\/wp\/v2\/tags?post=546257"}],"curies":[{"name":"wp","href":"https:\/\/api.w.org\/{rel}","templated":true}]}}