{"id":546254,"date":"2022-09-02T11:53:44","date_gmt":"2022-09-02T09:53:44","guid":{"rendered":"https:\/\/www.hashtag.al\/?p=546254"},"modified":"2022-09-02T11:53:44","modified_gmt":"2022-09-02T09:53:44","slug":"pd-sulmi-ndaj-biznesit-e-medias-dhune-shteterore-e-pushtetit-privat-te-edi-rames-koha-ta-ndalim","status":"publish","type":"post","link":"https:\/\/www.hashtag.al\/index.php\/2022\/09\/02\/pd-sulmi-ndaj-biznesit-e-medias-dhune-shteterore-e-pushtetit-privat-te-edi-rames-koha-ta-ndalim\/","title":{"rendered":"PD: Sulmi ndaj biznesit e medias dhun\u00eb shtet\u00ebrore e pushtetit privat t\u00eb Edi Ram\u00ebs, koha ta ndalim","gt_translate_keys":[{"key":"rendered","format":"text"}]},"content":{"rendered":"<p><span style=\"color: #000000;\"><img loading=\"lazy\" decoding=\"async\" class=\"aligncenter size-full wp-image-546255\" src=\"https:\/\/www.hashtag.al\/wp-content\/uploads\/2022\/09\/vokshialbana.jpg\" alt=\"\" width=\"768\" height=\"512\" srcset=\"https:\/\/www.hashtag.al\/wp-content\/uploads\/2022\/09\/vokshialbana.jpg 768w, https:\/\/www.hashtag.al\/wp-content\/uploads\/2022\/09\/vokshialbana-300x200.jpg 300w\" sizes=\"auto, (max-width: 768px) 100vw, 768px\" \/><\/span><\/p>\n<p><span style=\"color: #000000;\">Partia Demokratike e ka quajtur hakmarrje politike aksionin e IMT-s\u00eb ndaj \u2018Prestige Resort\u2019. <\/span><\/p>\n<p><span style=\"color: #000000;\">N\u00eb nj\u00eb deklarat\u00eb p\u00ebr mediat nga selia blu, deputetja Albana Vokshi tha se kryeministri Rama q\u00eb \u00ebsht\u00eb v\u00ebn\u00eb n\u00eb sh\u00ebnjestr\u00ebn e mediave News24, BW e Panorama p\u00ebr korrupsion po b\u00ebn sot terroristin me fadrom\u00eb. <\/span><\/p>\n<p><span style=\"color: #000000;\">Vokshi tha m\u00eb tej se Rama k\u00ebrkon t\u00eb jap\u00eb mesazhin se kritik\u00ebt duhet t\u00eb heshtin nd\u00ebrsa kryeministri po e p\u00ebrdor shtetin si pushtet personal. <\/span><\/p>\n<p><span style=\"color: #000000;\">Deputetja e PD-s\u00eb u b\u00ebri thirrje institucioneve q\u00eb t\u00eb ngren\u00eb z\u00ebrin pasi media e fjala e lir\u00eb n\u00eb Shqip\u00ebri jan\u00eb n\u00eb rrezik.<\/span><\/p>\n<p><span style=\"color: #000000;\"><strong>Deklarata e Vokshit<\/strong><\/span><\/p>\n<p><span style=\"color: #000000;\">M\u00ebsymja me fadroma dhe rruspa n\u00eb nj\u00eb rezort turistik me 5 yje, n\u00eb pron\u00ebsi t\u00eb nj\u00eb grupi t\u00eb r\u00ebnd\u00ebsish\u00ebm mediatik, Hysenbelliu Group, nuk \u00ebsht\u00eb asgj\u00eb m\u00eb pak se hakmarrje politike. I v\u00ebn\u00eb n\u00eb sh\u00ebnjestr\u00ebn e News 24, Balkan \u00cbeb dhe Panorama p\u00ebr korrupsionin dhe skandalet e adminstrat\u00ebs s\u00eb tij, Edi Rama ka b\u00ebr\u00eb sot at\u00eb q\u00eb b\u00ebn m\u00eb mir\u00eb: Terroristin me fadrom\u00eb.<\/span><\/p>\n<p><span style=\"color: #000000;\">Edhe pse sezoni turistik \u00ebsht\u00eb ende n\u00eb vijim, n\u00eb shkelje t\u00eb \u00e7do procedure ligjore, Rama ka d\u00ebrguar IKMT e tij, t\u00eb st\u00ebrvitur n\u00eb prishjen e sht\u00ebpive t\u00eb qytetar\u00ebve dhe pronave t\u00eb kund\u00ebrshtar\u00ebve politik\u00eb, p\u00ebr t\u00eb dh\u00ebn\u00eb mesazhin e frik\u00ebs. Qindra turist\u00eb t\u00eb huaj e vendas, punonj\u00ebs t\u00eb kompanis\u00eb, jan\u00eb tronditur nga nd\u00ebrhyrja e dhunshme e fadromave n\u00eb or\u00ebt e para t\u00eb m\u00ebngjesit.<\/span><\/p>\n<p><span style=\"color: #000000;\">Mesazhi i Ram\u00ebs \u00ebsht\u00eb i qart\u00eb: Kritik\u00ebt duhet t\u00eb heshtin.<\/span><\/p>\n<p><span style=\"color: #000000;\">Ata q\u00eb nuk binden duhen \u00e7uar p\u00ebr riedukim.<\/span><\/p>\n<p><span style=\"color: #000000;\">Ato koka q\u00eb nuk han\u00eb nj\u00ebra-tjetr\u00ebn n\u00eb p\u00ebrplasje p\u00ebr territore kriminale n\u00eb rrug\u00ebt e Shqip\u00ebris\u00eb, i ha qeveria e tij. N\u00eb mos me t\u00eb but\u00eb, me k\u00ebrc\u00ebnime e shantazhe.<\/span><\/p>\n<p><span style=\"color: #000000;\">N\u00eb mos me para, me tentakulat e forc\u00ebs t\u00eb pushtetit personal t\u00eb Edi Ram\u00ebs, q\u00eb paraqiten si shtet ligjor.<\/span><\/p>\n<p><span style=\"color: #000000;\">U b\u00ebjm\u00eb thirrje t\u00eb gjith\u00eb institucioneve ende t\u00eb interesuara p\u00ebr mbajtjen e Shqip\u00ebris\u00eb n\u00eb an\u00ebn e vendeve t\u00eb lira t\u00eb reagojn\u00eb, t\u00eb ngren\u00eb z\u00ebrin.<\/span><\/p>\n<p><span style=\"color: #000000;\">Media e lir\u00eb n\u00eb Shqip\u00ebri \u00ebsht\u00eb n\u00eb rrezik, fjala e lir\u00eb e lir\u00eb \u00ebsht\u00eb n\u00eb rrezik!<\/span><\/p>\n<p><span style=\"color: #000000;\">Nd\u00ebrkoh\u00eb q\u00eb Edi Rama b\u00ebn si kampion i hapjes nga Beogradi, ai urdh\u00ebron shkat\u00ebrrimin e nj\u00eb biznesi q\u00eb \u00ebsht\u00eb n\u00eb pun\u00eb t\u00eb vet.<\/span><\/p>\n<p><span style=\"color: #000000;\">E jo t\u00eb \u00e7far\u00ebdo biznesi, por t\u00eb \u201cPrestige Resort\u201d, ku ai me ministrat e tij shpenzonin koh\u00eb me t\u00eb ngr\u00ebna e t\u00eb pira, n\u00eb krah t\u00eb pronarit.<\/span><\/p>\n<p><span style=\"color: #000000;\">\u00cbsht\u00eb i nj\u00ebjti \u201cPrestige Resort\u201d q\u00eb ngrihej n\u00eb qiell kur rriste prestigjin e kryeministrit n\u00eb syt\u00eb e nd\u00ebrkomb\u00ebtar\u00ebve, duke strehuar qindra afgan\u00eb q\u00eb u iknin taleban\u00ebve.<\/span><\/p>\n<p><span style=\"color: #000000;\">Disa muaj m\u00eb von\u00eb \u00ebsht\u00eb Edi Rama q\u00eb si taleban, u v\u00ebrsulet kritik\u00ebve dhe kund\u00ebrshtar\u00ebve me syt\u00eb e err\u00ebsuar nga urrejtja q\u00eb ka p\u00ebr k\u00ebdo q\u00eb nuk i bindet.<\/span><\/p>\n<p><span style=\"color: #000000;\">E pati th\u00ebn\u00eb vet\u00eb n\u00eb krye t\u00eb her\u00ebs: Nuk keni par\u00eb gj\u00eb akoma!<\/span><\/p>\n<p><span style=\"color: #000000;\">\u00cbsht\u00eb koha q\u00eb t\u00eb gjith\u00eb t\u00eb reagojm\u00eb! \u00cbsht\u00eb koha t\u00eb mbrojm\u00eb lirit\u00eb e t\u00eb drejtat!<\/span><\/p>\n<p><span style=\"color: #000000;\">Edi Rama t\u00eb shoh\u00eb se \u00e7\u2019mund t\u2019i b\u00ebj\u00eb nj\u00eb popull i neveritur q\u00eb nuk e duron zgjedh\u00ebn e shtypjes dhe arroganc\u00ebs qeveritare.<\/span><\/p>\n<p><span style=\"color: #000000;\">Partia Demokratike, d\u00ebnon me ashp\u00ebrsi k\u00ebt\u00eb sulm ndaj medias s\u00eb lir\u00eb e t\u00eb pavarur!<\/span><\/p>\n<p><span style=\"color: #000000;\">PD d\u00ebnon dhun\u00ebn shtet\u00ebrore t\u00eb pushtetin privat t\u00eb Edi Ram\u00ebs ndaj biznesit shqiptar!<\/span><\/p>\n<p><span style=\"color: #000000;\">PD e cil\u00ebson at\u00eb jo vendosje rregulli, por rivendosje t\u00eb diktatur\u00ebs.<\/span><\/p>\n<p><span style=\"color: #000000;\">Jo legalitet, por selektivitet.<\/span><\/p>\n<p><span style=\"color: #000000;\">Jo aksion p\u00ebr shtet ligjor, por filozofi qeveris\u00ebse jakobine dhe sovjetike.<\/span><\/p>\n<p><span style=\"color: #000000;\">Me Edi Ram\u00ebn n\u00eb krye, Shqip\u00ebria \u00ebsht\u00eb n\u00eb rrezik,<\/span><\/p>\n<p><span style=\"color: #000000;\">Demokracia \u00ebsht\u00eb n\u00eb rrezik<\/span><\/p>\n<p><span style=\"color: #000000;\">e ardhmja europiane e Shqip\u00ebris\u00eb \u00ebsht\u00eb n\u00eb rrezik.<\/span><\/p>\n","protected":false,"gt_translate_keys":[{"key":"rendered","format":"html"}]},"excerpt":{"rendered":"<p>Partia Demokratike e ka quajtur hakmarrje politike aksionin e IMT-s\u00eb ndaj \u2018Prestige Resort\u2019. N\u00eb nj\u00eb deklarat\u00eb p\u00ebr mediat nga selia blu, deputetja Albana Vokshi tha se kryeministri Rama q\u00eb \u00ebsht\u00eb v\u00ebn\u00eb n\u00eb sh\u00ebnjestr\u00ebn e mediave News24, BW e Panorama p\u00ebr korrupsion po b\u00ebn sot terroristin me fadrom\u00eb. Vokshi tha m\u00eb tej se Rama k\u00ebrkon t\u00eb [&hellip;]<\/p>\n","protected":false,"gt_translate_keys":[{"key":"rendered","format":"html"}]},"author":51,"featured_media":546255,"comment_status":"closed","ping_status":"closed","sticky":false,"template":"","format":"standard","meta":{"footnotes":""},"categories":[65,13],"tags":[],"class_list":["post-546254","post","type-post","status-publish","format-standard","has-post-thumbnail","hentry","category-lajme","category-te-fundit"],"gt_translate_keys":[{"key":"link","format":"url"}],"_links":{"self":[{"href":"https:\/\/www.hashtag.al\/index.php\/wp-json\/wp\/v2\/posts\/546254","targetHints":{"allow":["GET"]}}],"collection":[{"href":"https:\/\/www.hashtag.al\/index.php\/wp-json\/wp\/v2\/posts"}],"about":[{"href":"https:\/\/www.hashtag.al\/index.php\/wp-json\/wp\/v2\/types\/post"}],"author":[{"embeddable":true,"href":"https:\/\/www.hashtag.al\/index.php\/wp-json\/wp\/v2\/users\/51"}],"replies":[{"embeddable":true,"href":"https:\/\/www.hashtag.al\/index.php\/wp-json\/wp\/v2\/comments?post=546254"}],"version-history":[{"count":0,"href":"https:\/\/www.hashtag.al\/index.php\/wp-json\/wp\/v2\/posts\/546254\/revisions"}],"wp:featuredmedia":[{"embeddable":true,"href":"https:\/\/www.hashtag.al\/index.php\/wp-json\/wp\/v2\/media\/546255"}],"wp:attachment":[{"href":"https:\/\/www.hashtag.al\/index.php\/wp-json\/wp\/v2\/media?parent=546254"}],"wp:term":[{"taxonomy":"category","embeddable":true,"href":"https:\/\/www.hashtag.al\/index.php\/wp-json\/wp\/v2\/categories?post=546254"},{"taxonomy":"post_tag","embeddable":true,"href":"https:\/\/www.hashtag.al\/index.php\/wp-json\/wp\/v2\/tags?post=546254"}],"curies":[{"name":"wp","href":"https:\/\/api.w.org\/{rel}","templated":true}]}}