{"id":546160,"date":"2022-09-01T20:36:08","date_gmt":"2022-09-01T18:36:08","guid":{"rendered":"https:\/\/www.hashtag.al\/?p=546160"},"modified":"2022-09-01T20:36:08","modified_gmt":"2022-09-01T18:36:08","slug":"putin-sdo-marre-pjese-ne-funeralin-e-mihail-gorbacovit","status":"publish","type":"post","link":"https:\/\/www.hashtag.al\/index.php\/2022\/09\/01\/putin-sdo-marre-pjese-ne-funeralin-e-mihail-gorbacovit\/","title":{"rendered":"Putin s\u2019do marr\u00eb pjes\u00eb n\u00eb funeralin e Mihail Gorba\u00e7ovit","gt_translate_keys":[{"key":"rendered","format":"text"}]},"content":{"rendered":"<p><span style=\"color: #000000;\"><img loading=\"lazy\" decoding=\"async\" class=\"aligncenter size-full wp-image-546161\" src=\"https:\/\/www.hashtag.al\/wp-content\/uploads\/2022\/09\/putin.jpg\" alt=\"\" width=\"960\" height=\"598\" srcset=\"https:\/\/www.hashtag.al\/wp-content\/uploads\/2022\/09\/putin.jpg 960w, https:\/\/www.hashtag.al\/wp-content\/uploads\/2022\/09\/putin-300x187.jpg 300w, https:\/\/www.hashtag.al\/wp-content\/uploads\/2022\/09\/putin-768x478.jpg 768w\" sizes=\"auto, (max-width: 960px) 100vw, 960px\" \/><\/span><\/p>\n<p><span style=\"color: #000000;\">Presidenti rus Putin nuk do marr\u00eb pjes\u00eb n\u00eb funeralin e liderit t\u00eb fundit sovjetik, Mihail Gorba\u00e7ov. Ai do varroset t\u00eb shtun\u00ebn pas nj\u00eb ceremonie publike n\u00eb Sall\u00ebn e Kolonave t\u00eb Mosk\u00ebs.<\/span><\/p>\n<p><span style=\"color: #000000;\">Salla e madhe, jasht\u00eb Kremlinit, priti funeralet e udh\u00ebheq\u00ebsve sovjetik\u00eb Vladimir Lenin, Josef Stalin dhe Leonid Brezhnev. Gorba\u00e7ovit do ket\u00eb nj\u00eb roje nderi ushtarake por funerali i tij nuk do t\u00eb jet\u00eb shtet\u00ebror.<\/span><\/p>\n<p><span style=\"color: #000000;\">Televizioni shtet\u00ebror t\u00eb enjten tregoi Putinin duke vendosur solemnisht tr\u00ebndafila t\u00eb kuq pran\u00eb arkivolit t\u00eb Gorba\u00e7ovit &#8211; i l\u00ebn\u00eb i hapur si\u00e7 \u00ebsht\u00eb tradicionalisht n\u00eb Rusi &#8211; n\u00eb Spitalin Klinik Qendror t\u00eb Mosk\u00ebs, ku ai vdiq t\u00eb mart\u00ebn n\u00eb mosh\u00ebn 91-vje\u00e7are.<\/span><\/p>\n<p><span style=\"color: #000000;\"><em>\u201cFatkeq\u00ebsisht, orari i pun\u00ebs i presidentit nuk do ta lejoj\u00eb at\u00eb ta b\u00ebj\u00eb k\u00ebt\u00eb m\u00eb 3 shtator, k\u00ebshtu q\u00eb ai vendosi ta b\u00ebj\u00eb k\u00ebt\u00eb sot.\u201d<\/em> &#8211; u tha gazetar\u00ebve z\u00ebdh\u00ebn\u00ebsi i Kremlinit Dmitry Peskov.<\/span><\/p>\n<p><span style=\"color: #000000;\">Ai tha se ceremonia e Gorba\u00e7ovit do t\u00eb kishte \u2018elemente\u2019 t\u00eb nj\u00eb funerali shtet\u00ebror dhe se shteti po ndihmonte n\u00eb organizimin e tij.<\/span><\/p>\n","protected":false,"gt_translate_keys":[{"key":"rendered","format":"html"}]},"excerpt":{"rendered":"<p>Presidenti rus Putin nuk do marr\u00eb pjes\u00eb n\u00eb funeralin e liderit t\u00eb fundit sovjetik, Mihail Gorba\u00e7ov. Ai do varroset t\u00eb shtun\u00ebn pas nj\u00eb ceremonie publike n\u00eb Sall\u00ebn e Kolonave t\u00eb Mosk\u00ebs. Salla e madhe, jasht\u00eb Kremlinit, priti funeralet e udh\u00ebheq\u00ebsve sovjetik\u00eb Vladimir Lenin, Josef Stalin dhe Leonid Brezhnev. Gorba\u00e7ovit do ket\u00eb nj\u00eb roje nderi ushtarake [&hellip;]<\/p>\n","protected":false,"gt_translate_keys":[{"key":"rendered","format":"html"}]},"author":51,"featured_media":546161,"comment_status":"closed","ping_status":"closed","sticky":false,"template":"","format":"standard","meta":{"footnotes":""},"categories":[53],"tags":[],"class_list":["post-546160","post","type-post","status-publish","format-standard","has-post-thumbnail","hentry","category-fast-foodi"],"gt_translate_keys":[{"key":"link","format":"url"}],"_links":{"self":[{"href":"https:\/\/www.hashtag.al\/index.php\/wp-json\/wp\/v2\/posts\/546160","targetHints":{"allow":["GET"]}}],"collection":[{"href":"https:\/\/www.hashtag.al\/index.php\/wp-json\/wp\/v2\/posts"}],"about":[{"href":"https:\/\/www.hashtag.al\/index.php\/wp-json\/wp\/v2\/types\/post"}],"author":[{"embeddable":true,"href":"https:\/\/www.hashtag.al\/index.php\/wp-json\/wp\/v2\/users\/51"}],"replies":[{"embeddable":true,"href":"https:\/\/www.hashtag.al\/index.php\/wp-json\/wp\/v2\/comments?post=546160"}],"version-history":[{"count":0,"href":"https:\/\/www.hashtag.al\/index.php\/wp-json\/wp\/v2\/posts\/546160\/revisions"}],"wp:featuredmedia":[{"embeddable":true,"href":"https:\/\/www.hashtag.al\/index.php\/wp-json\/wp\/v2\/media\/546161"}],"wp:attachment":[{"href":"https:\/\/www.hashtag.al\/index.php\/wp-json\/wp\/v2\/media?parent=546160"}],"wp:term":[{"taxonomy":"category","embeddable":true,"href":"https:\/\/www.hashtag.al\/index.php\/wp-json\/wp\/v2\/categories?post=546160"},{"taxonomy":"post_tag","embeddable":true,"href":"https:\/\/www.hashtag.al\/index.php\/wp-json\/wp\/v2\/tags?post=546160"}],"curies":[{"name":"wp","href":"https:\/\/api.w.org\/{rel}","templated":true}]}}