{"id":546020,"date":"2022-09-01T11:07:25","date_gmt":"2022-09-01T09:07:25","guid":{"rendered":"https:\/\/www.hashtag.al\/?p=546020"},"modified":"2022-09-01T11:08:37","modified_gmt":"2022-09-01T09:08:37","slug":"ky-liber-do-te-fshije-kufijte-mes-shqiperise-dhe-kosoves-perurohet-abetarja-e-perbashket","status":"publish","type":"post","link":"https:\/\/www.hashtag.al\/index.php\/2022\/09\/01\/ky-liber-do-te-fshije-kufijte-mes-shqiperise-dhe-kosoves-perurohet-abetarja-e-perbashket\/","title":{"rendered":"\u201cKy lib\u00ebr do t\u00eb fshij\u00eb kufijt\u00eb mes Shqip\u00ebris\u00eb dhe Kosov\u00ebs\u201d- P\u00ebrurohet Abetarja e p\u00ebrbashk\u00ebt","gt_translate_keys":[{"key":"rendered","format":"text"}]},"content":{"rendered":"<p><span style=\"color: #000000;\"><a href=\"https:\/\/www.hashtag.al\/wp-content\/uploads\/2022\/09\/Kurti-Kushi.jpg\"><img loading=\"lazy\" decoding=\"async\" class=\"aligncenter size-full wp-image-546021\" src=\"https:\/\/www.hashtag.al\/wp-content\/uploads\/2022\/09\/Kurti-Kushi.jpg\" alt=\"\" width=\"2000\" height=\"1000\" srcset=\"https:\/\/www.hashtag.al\/wp-content\/uploads\/2022\/09\/Kurti-Kushi.jpg 2000w, https:\/\/www.hashtag.al\/wp-content\/uploads\/2022\/09\/Kurti-Kushi-300x150.jpg 300w, https:\/\/www.hashtag.al\/wp-content\/uploads\/2022\/09\/Kurti-Kushi-1024x512.jpg 1024w, https:\/\/www.hashtag.al\/wp-content\/uploads\/2022\/09\/Kurti-Kushi-768x384.jpg 768w, https:\/\/www.hashtag.al\/wp-content\/uploads\/2022\/09\/Kurti-Kushi-1536x768.jpg 1536w\" sizes=\"auto, (max-width: 2000px) 100vw, 2000px\" \/><\/a><\/span><\/p>\n<p><span style=\"color: #000000;\">K\u00ebt\u00eb t\u00eb enjte \u00ebsht\u00eb prezantuar n\u00eb Gjakov\u00eb, abetarja unike me t\u00eb cil\u00ebn do t\u00eb m\u00ebsojn\u00eb nx\u00ebn\u00ebsit e klasave t\u00eb para n\u00eb Shqip\u00ebri dhe n\u00eb Kosov\u00eb.<\/span><\/p>\n<p><span style=\"color: #000000;\">Kryeministri i Kosov\u00ebs Albin Kurti tha se me abetaren unike, kombi shqiptar ndihet m\u00eb i bashkuar. Sipas tij, fati i shkoll\u00ebs shqipe ka qen\u00eb i lidhur me fatin e kombit ton\u00eb.<\/span><\/p>\n<p><em><span style=\"color: #000000;\">\u00a0\u201cE nderuar ministre e Arsimit n\u00eb Shqip\u00ebri dhe n\u00eb Kosov\u00eb, t\u00eb nderuar autor\u00eb t\u00eb abetares, t\u00eb nderuar m\u00ebsues dhe nx\u00ebn\u00ebs. Alfabeti yn\u00eb i p\u00ebrbashk\u00ebt do t\u00eb m\u00ebsohet n\u00eb nj\u00eb abetare t\u00eb p\u00ebrbashk\u00ebt. Abetarja e p\u00ebrbashk\u00ebt sh\u00ebrben p\u00ebr nj\u00eb popull q\u00eb ec\u00ebn p\u00ebrpara i bashkuar. Fati i shkoll\u00ebs shqipe ka qen\u00eb i lidhur me fatin e kombit ton\u00eb. Sot kombin ton\u00eb e p\u00ebrbashkon edhe kjo abetare unike, k\u00ebshtu po materializohet frym\u00ebzimi i trash\u00ebguar nd\u00ebr breza.<\/span><\/em><\/p>\n<p><span style=\"color: #000000;\"><em>Duhet t\u00eb kujtojm\u00eb me nderim t\u00eb gjith\u00eb ata pena q\u00eb nuk u thyen, por shtruan rrug\u00ebn e drit\u00ebs, pavar\u00ebsisht sakrificave t\u00eb mundimshme. Jam i lumtur q\u00eb kemi n\u00eb dor\u00eb abetaren e p\u00ebrbashk\u00ebt, q\u00eb u zotuam q\u00eb ta kemi n\u00eb mbledhjen e p\u00ebrbashk\u00ebt t\u00eb qeverive tona. Do shp\u00ebrndajm\u00eb edhe tekst p\u00ebr gjuh\u00ebn p\u00ebr shqiptar\u00ebt n\u00eb m\u00ebrgat\u00eb. Vet\u00ebm bashk\u00eb mund t\u00eb shtyjm\u00eb p\u00ebrpara p\u00ebrparimin dhe dijen. Shkolla do t\u00eb b\u00ebj\u00eb t\u00eb mundur edhe edukimin vleror. Udha e shkronjave \u00ebsht\u00eb e gjat\u00eb dhe v\u00ebshtir\u00eb, iu qoft\u00eb e mbar\u00eb rruga e dituris\u00eb p\u00ebr ju vog\u00eblush\u00eb, nga ky lib\u00ebr p\u00ebrplot diell n\u00eb flet\u00ebt e tij.\u201d<\/em>&#8211; deklaroi kryeministri Kurti.<\/span><\/p>\n<p><span style=\"color: #000000;\">E pranishme ishte edhe ministrja e Arsimit t\u00eb Shqip\u00ebris\u00eb, Evis Kushi. Ajo tha se kjo \u00ebsht\u00eb nj\u00eb dit\u00eb historike dhe se kjo abetare do t\u00eb fshij\u00eb kufijt\u00eb mes dy vendeve.<\/span><\/p>\n<p><em><span style=\"color: #000000;\">\u201cShum\u00eb njer\u00ebz ishin skeptike, q\u00eb ne do ta realizonim k\u00ebt\u00eb nism\u00eb. Jo thjesht nj\u00eb abetare t\u00eb re, por nj\u00eb abetare cil\u00ebsore \u00a0dhe q\u00eb reflekton t\u00eb gjitha shqet\u00ebsimet.<\/span><\/em><\/p>\n<p><em><span style=\"color: #000000;\">Kur ka bashk\u00ebpunim asgj\u00eb nuk \u00ebsht\u00eb e pamundur. Kjo abetare do t\u00eb fshij\u00eb kufijt\u00eb mes Shqip\u00ebris\u00eb dhe Kosov\u00ebs.<\/span><\/em><\/p>\n<p><em><span style=\"color: #000000;\">Ky \u00ebsht\u00eb libri q\u00eb do ta na bashkoj\u00eb m\u00eb shum\u00eb dhe forcoj\u00eb m\u00eb shum\u00eb dashurin\u00eb p\u00ebr nj\u00ebri-tjetrin. Jemi nj\u00eb komb dhe kemi nj\u00eb gjuh\u00eb.<\/span><\/em><\/p>\n<p><em><span style=\"color: #000000;\">Edhe Faik Konica ka th\u00ebn\u00eb e vetmja lidhje q\u00eb i ka mbajtur t\u00eb lidhur shqiptar\u00ebt ka qen\u00eb gjuha shqiptare.<\/span><\/em><\/p>\n<p><em><span style=\"color: #000000;\">P\u00ebr ne nuk ka krenari m\u00eb t\u00eb madhe sesa gjuha shqipe.<\/span><\/em><\/p>\n<p><em><span style=\"color: #000000;\">Sa shum\u00eb histori me shkronjat shqipe. Ne kemi organizuar nj\u00eb ekspozit\u00eb me t\u00eb gjitha abetaret, m\u00eb shum\u00eb se 100 abetare.<\/span><\/em><\/p>\n<p><span style=\"color: #000000;\"><em>Un\u00eb jam krenare q\u00eb gjuha shqipe m\u00ebsohet jo vet\u00ebm n\u00eb Shqip\u00ebri dhe Kosov\u00eb, por edhe n\u00eb Universitetet m\u00eb prestigjioze n\u00eb bot\u00eb. S\u00eb fundmi gjuha shqipe do t\u00eb m\u00ebsohet n\u00eb Universitetin e Harvardit.\u201d<\/em>&#8211; tha Kushi.<\/span><\/p>\n","protected":false,"gt_translate_keys":[{"key":"rendered","format":"html"}]},"excerpt":{"rendered":"<p>K\u00ebt\u00eb t\u00eb enjte \u00ebsht\u00eb prezantuar n\u00eb Gjakov\u00eb, abetarja unike me t\u00eb cil\u00ebn do t\u00eb m\u00ebsojn\u00eb nx\u00ebn\u00ebsit e klasave t\u00eb para n\u00eb Shqip\u00ebri dhe n\u00eb Kosov\u00eb. Kryeministri i Kosov\u00ebs Albin Kurti tha se me abetaren unike, kombi shqiptar ndihet m\u00eb i bashkuar. Sipas tij, fati i shkoll\u00ebs shqipe ka qen\u00eb i lidhur me fatin e kombit [&hellip;]<\/p>\n","protected":false,"gt_translate_keys":[{"key":"rendered","format":"html"}]},"author":30,"featured_media":546021,"comment_status":"closed","ping_status":"closed","sticky":false,"template":"","format":"standard","meta":{"footnotes":""},"categories":[65,13],"tags":[],"class_list":["post-546020","post","type-post","status-publish","format-standard","has-post-thumbnail","hentry","category-lajme","category-te-fundit"],"gt_translate_keys":[{"key":"link","format":"url"}],"_links":{"self":[{"href":"https:\/\/www.hashtag.al\/index.php\/wp-json\/wp\/v2\/posts\/546020","targetHints":{"allow":["GET"]}}],"collection":[{"href":"https:\/\/www.hashtag.al\/index.php\/wp-json\/wp\/v2\/posts"}],"about":[{"href":"https:\/\/www.hashtag.al\/index.php\/wp-json\/wp\/v2\/types\/post"}],"author":[{"embeddable":true,"href":"https:\/\/www.hashtag.al\/index.php\/wp-json\/wp\/v2\/users\/30"}],"replies":[{"embeddable":true,"href":"https:\/\/www.hashtag.al\/index.php\/wp-json\/wp\/v2\/comments?post=546020"}],"version-history":[{"count":0,"href":"https:\/\/www.hashtag.al\/index.php\/wp-json\/wp\/v2\/posts\/546020\/revisions"}],"wp:featuredmedia":[{"embeddable":true,"href":"https:\/\/www.hashtag.al\/index.php\/wp-json\/wp\/v2\/media\/546021"}],"wp:attachment":[{"href":"https:\/\/www.hashtag.al\/index.php\/wp-json\/wp\/v2\/media?parent=546020"}],"wp:term":[{"taxonomy":"category","embeddable":true,"href":"https:\/\/www.hashtag.al\/index.php\/wp-json\/wp\/v2\/categories?post=546020"},{"taxonomy":"post_tag","embeddable":true,"href":"https:\/\/www.hashtag.al\/index.php\/wp-json\/wp\/v2\/tags?post=546020"}],"curies":[{"name":"wp","href":"https:\/\/api.w.org\/{rel}","templated":true}]}}