{"id":546018,"date":"2022-09-01T10:50:42","date_gmt":"2022-09-01T08:50:42","guid":{"rendered":"https:\/\/www.hashtag.al\/?p=546018"},"modified":"2022-09-01T10:50:42","modified_gmt":"2022-09-01T08:50:42","slug":"meta-pas-reagimit-te-delegacionit-te-be-per-portin-e-durresit-interesi-i-qeverise-nje-tjeter-afere-me-mega-vjedhje-dhe-pastrim-parash","status":"publish","type":"post","link":"https:\/\/www.hashtag.al\/index.php\/2022\/09\/01\/meta-pas-reagimit-te-delegacionit-te-be-per-portin-e-durresit-interesi-i-qeverise-nje-tjeter-afere-me-mega-vjedhje-dhe-pastrim-parash\/","title":{"rendered":"Meta pas reagimit t\u00eb Delegacionit t\u00eb BE p\u00ebr portin e Durr\u00ebsit: Interesi i qeveris\u00eb, nj\u00eb tjet\u00ebr afer\u00eb me mega-vjedhje dhe pastrim parash","gt_translate_keys":[{"key":"rendered","format":"text"}]},"content":{"rendered":"<p><span style=\"color: #000000;\"><a href=\"https:\/\/www.hashtag.al\/wp-content\/uploads\/2022\/08\/metaaa-1-752x450-1.jpg\"><img loading=\"lazy\" decoding=\"async\" class=\"aligncenter size-full wp-image-545535\" src=\"https:\/\/www.hashtag.al\/wp-content\/uploads\/2022\/08\/metaaa-1-752x450-1.jpg\" alt=\"\" width=\"752\" height=\"450\" srcset=\"https:\/\/www.hashtag.al\/wp-content\/uploads\/2022\/08\/metaaa-1-752x450-1.jpg 752w, https:\/\/www.hashtag.al\/wp-content\/uploads\/2022\/08\/metaaa-1-752x450-1-300x180.jpg 300w\" sizes=\"auto, (max-width: 752px) 100vw, 752px\" \/><\/a><\/span><\/p>\n<p><span style=\"color: #000000;\">Kryetari i Partis\u00eb s\u00eb Liris\u00eb, Ilir Meta, ka folur p\u00ebrs\u00ebri n\u00eb lidhje me projektin p\u00ebr nd\u00ebrtimin e portit t\u00eb ri t\u00eb Durr\u00ebsit, pas reagimit q\u00eb b\u00ebri Delegacioni i Bashkimit Europian.<\/span><\/p>\n<p><span style=\"color: #000000;\">Meta ka p\u00ebrsh\u00ebndetur q\u00ebndrimin e BE p\u00ebr faktin se ka nevoj\u00eb p\u00ebr transparenc\u00eb dhe kushte t\u00eb barabarta p\u00ebr kompanit\u00eb q\u00eb konkurrojn\u00eb. Ish-presidenti thot\u00eb se interesi i vet\u00ebm i k\u00ebsaj Qeverie t\u00eb \u00ebsht\u00eb p\u00ebr nj\u00eb tjet\u00ebr afer\u00eb pas s\u00eb cil\u00ebs fshihet nj\u00eb mega-vjedhje dhe pastrim parash.<\/span><\/p>\n<p><em><span style=\"color: #000000;\">\u201cE p\u00ebrsh\u00ebndes q\u00ebndrimin e Delegacionit t\u00eb Bashkimit Europian n\u00eb Shqip\u00ebri lidhur me projektin e Portit t\u00eb Durr\u00ebsit dhe ndaj t\u00eb nj\u00ebjtat shqet\u00ebsime, t\u00eb shprehura edhe m\u00eb her\u00ebt, lidhur me nevoj\u00ebn p\u00ebr transparenc\u00eb.<\/span><\/em><br \/>\n<em><span style=\"color: #000000;\">Shqip\u00ebria dhe Durr\u00ebsi kan\u00eb nevoj\u00eb p\u00ebr investitor\u00eb serioz\u00eb strategjik\u00eb dhe vendime t\u00eb mir\u00ebkonsultuara me qytetar\u00ebt, shoq\u00ebrin\u00eb civile dhe ekspert\u00ebt, n\u00eb respekt t\u00eb Kushtetut\u00ebs, sovranitetit shtet\u00ebror mbi infrastruktur\u00ebn strategjike, parimet e konkurrenc\u00ebs, detyrimet q\u00eb burojn\u00eb nga Marr\u00ebveshja e Stabilizim-Asocimit dhe Procesi i Berlinit.<\/span><\/em><br \/>\n<span style=\"color: #000000;\"><em>Injorimi i k\u00ebtyre detyrimeve dhe parimeve shum\u00eb t\u00eb r\u00ebnd\u00ebsishme t\u00eb funksionimit t\u00eb nj\u00eb shteti ligjor, q\u00eb synon an\u00ebtar\u00ebsimin n\u00eb BE, do t\u00eb thot\u00eb se interesi i vet\u00ebm i k\u00ebsaj Qeverie t\u00eb korruptuar dhe t\u00eb inkriminuar \u00ebsht\u00eb p\u00ebr nj\u00eb tjet\u00ebr afer\u00eb pas s\u00eb cil\u00ebs fshihet nj\u00eb mega-vjedhje dhe pastrim parash.\u201d<\/em>\u2014shkruan Meta.<\/span><\/p>\n","protected":false,"gt_translate_keys":[{"key":"rendered","format":"html"}]},"excerpt":{"rendered":"<p>Kryetari i Partis\u00eb s\u00eb Liris\u00eb, Ilir Meta, ka folur p\u00ebrs\u00ebri n\u00eb lidhje me projektin p\u00ebr nd\u00ebrtimin e portit t\u00eb ri t\u00eb Durr\u00ebsit, pas reagimit q\u00eb b\u00ebri Delegacioni i Bashkimit Europian. Meta ka p\u00ebrsh\u00ebndetur q\u00ebndrimin e BE p\u00ebr faktin se ka nevoj\u00eb p\u00ebr transparenc\u00eb dhe kushte t\u00eb barabarta p\u00ebr kompanit\u00eb q\u00eb konkurrojn\u00eb. Ish-presidenti thot\u00eb se interesi [&hellip;]<\/p>\n","protected":false,"gt_translate_keys":[{"key":"rendered","format":"html"}]},"author":30,"featured_media":545535,"comment_status":"closed","ping_status":"closed","sticky":false,"template":"","format":"standard","meta":{"footnotes":""},"categories":[65,13],"tags":[],"class_list":["post-546018","post","type-post","status-publish","format-standard","has-post-thumbnail","hentry","category-lajme","category-te-fundit"],"gt_translate_keys":[{"key":"link","format":"url"}],"_links":{"self":[{"href":"https:\/\/www.hashtag.al\/index.php\/wp-json\/wp\/v2\/posts\/546018","targetHints":{"allow":["GET"]}}],"collection":[{"href":"https:\/\/www.hashtag.al\/index.php\/wp-json\/wp\/v2\/posts"}],"about":[{"href":"https:\/\/www.hashtag.al\/index.php\/wp-json\/wp\/v2\/types\/post"}],"author":[{"embeddable":true,"href":"https:\/\/www.hashtag.al\/index.php\/wp-json\/wp\/v2\/users\/30"}],"replies":[{"embeddable":true,"href":"https:\/\/www.hashtag.al\/index.php\/wp-json\/wp\/v2\/comments?post=546018"}],"version-history":[{"count":0,"href":"https:\/\/www.hashtag.al\/index.php\/wp-json\/wp\/v2\/posts\/546018\/revisions"}],"wp:featuredmedia":[{"embeddable":true,"href":"https:\/\/www.hashtag.al\/index.php\/wp-json\/wp\/v2\/media\/545535"}],"wp:attachment":[{"href":"https:\/\/www.hashtag.al\/index.php\/wp-json\/wp\/v2\/media?parent=546018"}],"wp:term":[{"taxonomy":"category","embeddable":true,"href":"https:\/\/www.hashtag.al\/index.php\/wp-json\/wp\/v2\/categories?post=546018"},{"taxonomy":"post_tag","embeddable":true,"href":"https:\/\/www.hashtag.al\/index.php\/wp-json\/wp\/v2\/tags?post=546018"}],"curies":[{"name":"wp","href":"https:\/\/api.w.org\/{rel}","templated":true}]}}