{"id":545596,"date":"2022-08-30T14:57:11","date_gmt":"2022-08-30T12:57:11","guid":{"rendered":"https:\/\/www.hashtag.al\/?p=545596"},"modified":"2022-08-30T14:57:11","modified_gmt":"2022-08-30T12:57:11","slug":"shefi-i-zjarrfikesve-per-zjarrin-ne-fabriken-e-sfungjerit-u-asfiksuan-dy-punonjes-tani-jane-ne-spital-jashte-rrezikut","status":"publish","type":"post","link":"https:\/\/www.hashtag.al\/index.php\/2022\/08\/30\/shefi-i-zjarrfikesve-per-zjarrin-ne-fabriken-e-sfungjerit-u-asfiksuan-dy-punonjes-tani-jane-ne-spital-jashte-rrezikut\/","title":{"rendered":"Shefi i Zjarrfik\u00ebsve p\u00ebr zjarrin n\u00eb fabrik\u00ebn e sfungjerit: U asfiksuan dy punonj\u00ebs, tani jan\u00eb n\u00eb spital jasht\u00eb rrezikut","gt_translate_keys":[{"key":"rendered","format":"text"}]},"content":{"rendered":"<p><span style=\"color: #000000;\"><a href=\"https:\/\/www.hashtag.al\/wp-content\/uploads\/2022\/08\/5-9.jpg\"><img loading=\"lazy\" decoding=\"async\" class=\"aligncenter size-full wp-image-545597\" src=\"https:\/\/www.hashtag.al\/wp-content\/uploads\/2022\/08\/5-9.jpg\" alt=\"\" width=\"702\" height=\"281\" srcset=\"https:\/\/www.hashtag.al\/wp-content\/uploads\/2022\/08\/5-9.jpg 702w, https:\/\/www.hashtag.al\/wp-content\/uploads\/2022\/08\/5-9-300x120.jpg 300w, https:\/\/www.hashtag.al\/wp-content\/uploads\/2022\/08\/5-9-700x281.jpg 700w\" sizes=\"auto, (max-width: 702px) 100vw, 702px\" \/><\/a><\/span><\/p>\n<p><span style=\"color: #000000;\">Shefi i parandalimit t\u00eb zjarrit Arjan Ahmetaj, thot\u00eb se kan\u00eb qen\u00eb dy punonj\u00ebs t\u00eb asfiksuar dhe jo nj\u00eb pas zjarrit n\u00eb fabrik\u00ebn e sfungjerit n\u00eb Tiran\u00eb.<\/span><\/p>\n<p><span style=\"color: #000000;\">Ahmetaj tha se dy punonj\u00ebsit u d\u00ebrguan me urgjenc\u00eb n\u00eb spital dhe ndodhen jasht\u00eb rrezikut p\u00ebr jet\u00ebn. Sipas tij, fal\u00eb masave mbrojt\u00ebse t\u00eb vet\u00eb fabrik\u00ebs dhe nd\u00ebrhyrjes s\u00eb shpejt\u00eb t\u00eb zjarrfik\u00ebsve nga tre stacione n\u00eb Tiran\u00eb, zjarri u vu n\u00ebn kontroll dhe u shua.<\/span><\/p>\n<p><em><span style=\"color: #000000;\">\u00a0\u201cJan\u00eb nisur mjetet nga 3 stacionet. Nga punonj\u00ebsit \u00ebsht\u00eb nd\u00ebrhyr\u00eb me fik\u00ebset e zjarrit q\u00eb n\u00eb momentet e para. Pastaj kan\u00eb ardhur sh\u00ebrbimet e specializuara dhe brenda pak minutash e kan\u00eb neutralizuar zjarrin.<\/span><\/em><\/p>\n<p><em><span style=\"color: #000000;\">Kjo \u00ebsht\u00eb nj\u00eb fabrik\u00eb e prodhimit t\u00eb sfungjerit, e cila \u00ebsht\u00eb kontrolluar dhe para 10 dit\u00ebsh. Subjekti i ka masat e mbrojtjes dhe shp\u00ebtimit, fal\u00eb tyre, zjarri \u00ebsht\u00eb izoluar dhe shuar n\u00eb nj\u00eb koh\u00eb t\u00eb shkurt\u00ebr.<\/span><\/em><\/p>\n<p><span style=\"color: #000000;\"><em>Kan\u00eb qen\u00eb dy punonj\u00ebs t\u00eb asfiksuar, q\u00eb jan\u00eb transportuar n\u00eb spital dhe gjendja e tyre \u00ebsht\u00eb jasht\u00eb rrezikut. Do vazhdojm\u00eb hetimin p\u00ebr t\u00eb zbuluar shkaqet e zjarrit.<\/em>\u201d- tha Ahmetaj.<\/span><\/p>\n","protected":false,"gt_translate_keys":[{"key":"rendered","format":"html"}]},"excerpt":{"rendered":"<p>Shefi i parandalimit t\u00eb zjarrit Arjan Ahmetaj, thot\u00eb se kan\u00eb qen\u00eb dy punonj\u00ebs t\u00eb asfiksuar dhe jo nj\u00eb pas zjarrit n\u00eb fabrik\u00ebn e sfungjerit n\u00eb Tiran\u00eb. Ahmetaj tha se dy punonj\u00ebsit u d\u00ebrguan me urgjenc\u00eb n\u00eb spital dhe ndodhen jasht\u00eb rrezikut p\u00ebr jet\u00ebn. Sipas tij, fal\u00eb masave mbrojt\u00ebse t\u00eb vet\u00eb fabrik\u00ebs dhe nd\u00ebrhyrjes s\u00eb shpejt\u00eb [&hellip;]<\/p>\n","protected":false,"gt_translate_keys":[{"key":"rendered","format":"html"}]},"author":30,"featured_media":545597,"comment_status":"closed","ping_status":"closed","sticky":false,"template":"","format":"standard","meta":{"footnotes":""},"categories":[65,13],"tags":[],"class_list":["post-545596","post","type-post","status-publish","format-standard","has-post-thumbnail","hentry","category-lajme","category-te-fundit"],"gt_translate_keys":[{"key":"link","format":"url"}],"_links":{"self":[{"href":"https:\/\/www.hashtag.al\/index.php\/wp-json\/wp\/v2\/posts\/545596","targetHints":{"allow":["GET"]}}],"collection":[{"href":"https:\/\/www.hashtag.al\/index.php\/wp-json\/wp\/v2\/posts"}],"about":[{"href":"https:\/\/www.hashtag.al\/index.php\/wp-json\/wp\/v2\/types\/post"}],"author":[{"embeddable":true,"href":"https:\/\/www.hashtag.al\/index.php\/wp-json\/wp\/v2\/users\/30"}],"replies":[{"embeddable":true,"href":"https:\/\/www.hashtag.al\/index.php\/wp-json\/wp\/v2\/comments?post=545596"}],"version-history":[{"count":0,"href":"https:\/\/www.hashtag.al\/index.php\/wp-json\/wp\/v2\/posts\/545596\/revisions"}],"wp:featuredmedia":[{"embeddable":true,"href":"https:\/\/www.hashtag.al\/index.php\/wp-json\/wp\/v2\/media\/545597"}],"wp:attachment":[{"href":"https:\/\/www.hashtag.al\/index.php\/wp-json\/wp\/v2\/media?parent=545596"}],"wp:term":[{"taxonomy":"category","embeddable":true,"href":"https:\/\/www.hashtag.al\/index.php\/wp-json\/wp\/v2\/categories?post=545596"},{"taxonomy":"post_tag","embeddable":true,"href":"https:\/\/www.hashtag.al\/index.php\/wp-json\/wp\/v2\/tags?post=545596"}],"curies":[{"name":"wp","href":"https:\/\/api.w.org\/{rel}","templated":true}]}}