{"id":545414,"date":"2022-08-29T20:33:13","date_gmt":"2022-08-29T18:33:13","guid":{"rendered":"https:\/\/www.hashtag.al\/?p=545414"},"modified":"2022-08-29T20:33:13","modified_gmt":"2022-08-29T18:33:13","slug":"kosova-ne-krize-te-thelle-aktualisht-prodhohet-energji-vec-per-prishtinen","status":"publish","type":"post","link":"https:\/\/www.hashtag.al\/index.php\/2022\/08\/29\/kosova-ne-krize-te-thelle-aktualisht-prodhohet-energji-vec-per-prishtinen\/","title":{"rendered":"Kosova n\u00eb kriz\u00eb t\u00eb thell\u00eb, aktualisht prodhohet energji ve\u00e7 p\u00ebr Prishtin\u00ebn","gt_translate_keys":[{"key":"rendered","format":"text"}]},"content":{"rendered":"<p><span style=\"color: #000000;\"><img loading=\"lazy\" decoding=\"async\" class=\"aligncenter size-full wp-image-545415\" src=\"https:\/\/www.hashtag.al\/wp-content\/uploads\/2022\/08\/keke.jpg\" alt=\"\" width=\"1200\" height=\"800\" srcset=\"https:\/\/www.hashtag.al\/wp-content\/uploads\/2022\/08\/keke.jpg 1200w, https:\/\/www.hashtag.al\/wp-content\/uploads\/2022\/08\/keke-300x200.jpg 300w, https:\/\/www.hashtag.al\/wp-content\/uploads\/2022\/08\/keke-1024x683.jpg 1024w, https:\/\/www.hashtag.al\/wp-content\/uploads\/2022\/08\/keke-768x512.jpg 768w\" sizes=\"auto, (max-width: 1200px) 100vw, 1200px\" \/><\/span><\/p>\n<p><span style=\"color: #000000;\">Korporata Energjetike e Kosov\u00ebs (KEK), aktualisht \u00ebsht\u00eb duke operuar me vet\u00ebm nj\u00eb nj\u00ebsi t\u00eb Termocentralit, pasi q\u00eb sot ka r\u00ebn\u00eb edhe nj\u00ebsia B1. <\/span><\/p>\n<p><span style=\"color: #000000;\">Kjo n\u00ebnkupton se \u00ebsht\u00eb duke funksionuar vet\u00ebm blloku A4 i Termocentralit Kosova A. Ky konsum shkon deri n\u00eb 600 MWh, nd\u00ebrsa aktualisht po prodhohen rreth 120 MWh. Kjo sasi nuk mjafton p\u00ebr t\u00eb furnizuar as Prishtin\u00ebn.<\/span><\/p>\n<p><span style=\"color: #000000;\">Me q\u00ebllim t\u00eb tejkalimit t\u00eb kriz\u00ebs energjetike, kryeministri Albin Kurti ka b\u00ebr\u00eb thirrje q\u00eb t\u00eb kursehet. Mir\u00ebpo, reduktimet me energji vet\u00ebm sa jan\u00eb ashp\u00ebrsuar.<\/span><\/p>\n<p><span style=\"color: #000000;\">Korporata Energjetike e Kosov\u00ebs (KEK), aktualisht \u00ebsht\u00eb duke operuar me vet\u00ebm nj\u00eb nj\u00ebsi t\u00eb Termocentralit, pasi q\u00eb sot ka r\u00ebn\u00eb edhe nj\u00ebsia B1. Kjo n\u00ebnkupton se \u00ebsht\u00eb duke funksionuar vet\u00ebm blloku A4 i Termocentralit Kosova A.<\/span><\/p>\n<p><span style=\"color: #000000;\">P\u00ebr gjendjen e krijuar ka dh\u00ebn\u00eb detaje edhe vet KEK-u.<\/span><\/p>\n<p><em><span style=\"color: #000000;\">\u201cKorporata Energjetike e Kosov\u00ebs njofton opinionin se p\u00ebr shkaqe teknike nj\u00ebsia B-1 p\u00ebr nj\u00eb koh\u00eb t\u00eb shkurt ka nd\u00ebprer\u00eb prodhimin dhe e nj\u00ebjta tashm\u00eb \u00ebsht\u00eb kthyer n\u00eb operim. N\u00eb k\u00ebto \u00e7aste kjo nj\u00ebsi \u00ebsht\u00eb duke prodhuar mbi 210 MW\/h dhe pas pak do t\u00eb arrij kapacitetin optimal prej rreth 260 MW\/h\u201d.<\/span><\/em><\/p>\n<p><span style=\"color: #000000;\">Kryeministri Albin Kurti, n\u00eb K\u00ebshillit t\u00eb P\u00ebrgjithsh\u00ebm t\u00eb L\u00ebvizjes Vet\u00ebvendosje, ka th\u00ebn\u00eb se edhe pse kan\u00eb ndar\u00eb 100 milion\u00eb euro p\u00ebr t\u00eb ulur koston e energjis\u00eb, \u00e7mimi po vazhdon t\u00eb ket\u00eb rritje.<\/span><\/p>\n<p><span style=\"color: #000000;\"><em>\u201cNa duhet nj\u00eb debat i hapur dhe i sinqert\u00eb mes nesh mbi gjendjen q\u00eb jemi dhe sfid\u00ebn q\u00eb kemi p\u00ebrpara n\u00eb m\u00ebnyr\u00eb q\u00eb gjat\u00eb dimrit t\u00eb fokusohemi n\u00eb at\u00eb q\u00eb \u00ebsht\u00eb e mundur e mbi t\u00eb gjitha \u00ebsht\u00eb kursimi i energjis\u00eb. Ne tashm\u00eb kemi ndar\u00eb 100 milion\u00eb euro p\u00ebr t\u00eb zbutur ndikimin e rritjes s\u00eb faturave t\u00eb energjis\u00eb p\u00ebr qytetar\u00ebt, por \u00e7mimi i energjis\u00eb \u00ebsht\u00eb vazhdimisht n\u00eb rritje\u201d,<\/em> ka shtuar ai.<\/span><\/p>\n<p><span style=\"color: #000000;\">Menj\u00ebher\u00eb pas k\u00ebsaj thirrje, KEDS ka dal me njoftimin se do t\u00eb ket\u00eb p\u00ebrkeq\u00ebsim t\u00eb situat\u00ebs energjike n\u00eb vend.<\/span><\/p>\n<p><em><span style=\"color: #000000;\">\u201cAktualisht kufizimet jan\u00eb dy or\u00ebshe, por q\u00eb t\u00eb mos p\u00ebrkeq\u00ebsohet tutje situata, k\u00ebrkojm\u00eb nga t\u00eb gjith\u00eb konsumator\u00ebt kursim maksimal t\u00eb energjis\u00eb elektrike. P\u00ebrdorimi i saj n\u00eb m\u00ebnyr\u00eb eficiente b\u00ebn q\u00eb t\u00eb gjith\u00eb t\u00eb kemi energji elektrike m\u00eb tep\u00ebr. N\u00eb k\u00ebto rrethana t\u00eb v\u00ebshtira, duhet t\u00eb veprojm\u00eb t\u00eb bashkuar n\u00eb m\u00ebnyr\u00eb q\u00eb t\u2019i kap\u00ebrcejm\u00eb ato sa m\u00eb. S\u00eb bashku mund t\u2019i dalim\u201d.<\/span><\/em><\/p>\n<p><span style=\"color: #000000;\">N\u00eb njoftimin e l\u00ebshuar nga Korporata Energjetike e Kosov\u00ebs (KEK), thuhet se n\u00eb kaldaj\u00ebn e A3 jan\u00eb shfaqur rrjedhje t\u00eb ujit dhe si pasoj\u00eb \u00ebsht\u00eb pamund\u00ebsuar mbajtja e k\u00ebsaj nj\u00ebsie n\u00eb operim.<\/span><\/p>\n<p><span style=\"color: #000000;\"><em>\u201cEkspert\u00ebt e KEK-ut jan\u00eb duke dh\u00ebn\u00eb maksimumin p\u00ebr ri kthimin e nj\u00ebsis\u00eb n\u00eb operim n\u00eb koh\u00eb optimale. Aktualisht ka filluar procesi i ftohjes s\u00eb nj\u00ebsis\u00eb n\u00eb m\u00ebnyr\u00eb intensive, pastaj do t\u00eb b\u00ebhet inspektimi i cili pason me sanimin e rrjedhjes n\u00eb kaldaj\u00eb dhe p\u00ebrgatitjet p\u00ebr kthimin e k\u00ebsaj nj\u00ebsie n\u00eb operim\u201d,<\/em> thuhej n\u00eb njoftimin e KEK-ut.<\/span><\/p>\n<p><span style=\"color: #000000;\">Blloku B2 i termocentralit \u201cKosova B\u201d ishte paralajm\u00ebruar q\u00eb shum\u00eb shpejt\u00eb do t\u00eb kthehej n\u00eb pun\u00eb, pasi \u00ebsht\u00eb n\u00eb remont, mir\u00ebpo ai vazhdon t\u00eb jet\u00eb jasht\u00eb funksionit.<\/span><\/p>\n<p><em><span style=\"color: #000000;\">\u201cSi\u00e7 jeni informuar edhe nga Ministria e Ekonomis\u00eb, blloku B2 \u00ebsht\u00eb n\u00eb remont dhe pritet t\u00eb p\u00ebrfundoj shum\u00eb shpejt\u00eb. Arsyeja pse \u00ebsht\u00eb n\u00eb remont \u00ebsht\u00eb se duhet t\u00eb m\u00ebnjanohen avarit\u00eb. Termocentrali \u2018Kosova A\u2019 i ka nj\u00ebsit\u00eb e vjetruara, q\u00eb 60 vjet, e \u2018Kosova B\u2019 i ka t\u00eb vjetra 40 vjet\u201d.<\/span><\/em><\/p>\n<p><span style=\"color: #000000;\">Lidhur me k\u00ebt\u00eb kriz\u00eb energjetike, kishte reaguar edhe Lidhja Demokratike e Kosov\u00ebs (LDK), ku kishin propozuar 10 pika p\u00ebr t\u00eb p\u00ebrballuar k\u00ebt\u00eb kriz\u00eb.<\/span><\/p>\n<p><span style=\"color: #000000;\">Nd\u00ebr pikat e renditura, LDK-ja ka b\u00ebr\u00eb apel q\u00eb t\u00eb ndahet subvencioni prej 90 milion\u00eb eurove p\u00ebr energjin\u00eb, t\u00eb riparohet Blloku A5 i Termocentralit Kosova A, t\u00eb zbritet TVSH-ja nga 8% n\u00eb 0% p\u00ebr faturat e energjis\u00eb e t\u00eb krijohen subvencione t\u00eb reja p\u00ebr qytetar\u00ebt dhe bizneset.<\/span><\/p>\n<p><span style=\"color: #000000;\"><em>\u201cPagesa e menj\u00ebhershme e subvencioneve t\u00eb premtuara prej 90 milion euro p\u00ebr \u00e7mimin e energjis\u00eb elektrike. Riparimi i Bllokut A5 i Termocentralit Kosova A. Krijimi i mekanizmave p\u00ebr furnizim me burime alternative p\u00ebr ngrohje me \u00e7mime t\u00eb p\u00ebrballueshme p\u00ebr qytetar\u00ebt. P\u00ebrgatitja e planit t\u00eb eficienc\u00ebs dhe kursimit t\u00eb energjis\u00eb. Negocimi i kontratave afatgjate p\u00ebr furnizim me energji. Zbritja e TVSH-s\u00eb nga 8% n\u00eb 0% p\u00ebr faturat e energjis\u00eb. Krijimi i subvencioneve t\u00eb reja p\u00ebr qytetar\u00ebt dhe bizneset. Largimi i tarifave diskriminuese t\u00eb ZRRE-s\u00eb. Themelimi i burs\u00ebs s\u00eb p\u00ebrbashk\u00ebt p\u00ebr energji Kosov\u00eb-Shqip\u00ebri. P\u00ebrgatitja e Strategjis\u00eb afatmesme p\u00ebr rritjen e kapaciteteve gjeneruese me gaz dhe energji alternative\u201d<\/em>, thuhet n\u00eb deklarat\u00ebn e LDK-s\u00eb.<\/span><\/p>\n<p><span style=\"color: #000000;\">Kjo parti ka akuzuar Qeverin\u00eb p\u00ebr keqmenaxhim, duke th\u00ebn\u00eb se si pasoj\u00eb e tij, po bien edhe blloqet e KEK-ut.<\/span><\/p>\n<p><span style=\"color: #000000;\"><em>\u201cEnde pa u rregulluar Blloku A5, bie Blloku A3, duke b\u00ebr\u00eb k\u00ebshtu q\u00eb KEK-u t\u00eb mos prodhoj\u00eb as gjysm\u00ebn e kapacitetit t\u00eb tij, ku 530 M\u00cb\/h jan\u00eb jasht\u00eb prodhimit. N\u00eb k\u00ebt\u00eb kontekst, i b\u00ebjm\u00eb thirrje Qeveris\u00eb q\u00eb t\u00eb pranoj planin ton\u00eb dhjet\u00ebpik\u00ebsh dhe t\u2019i shp\u00ebtoj qytetar\u00ebt, sepse me qasjen e saj t\u00eb deritanishme po e shpien vendin drejt katastrof\u00ebs energjetike. Bazuar n\u00eb paaft\u00ebsin\u00eb e d\u00ebshmuar t\u00eb k\u00ebsaj Qeverie, pritet t\u00eb zgjatet edhe orari i reduktimeve\u201d,<\/em> thuhet m\u00eb tej n\u00eb komunikat\u00eb.<\/span><\/p>\n<p><span style=\"color: #000000;\">Nga 15 gushti, KEDS kishte filluar reduktimet e energjis\u00eb elektrike me nga 2 or\u00eb n\u00eb dit\u00eb p\u00ebr \u00e7do 6 or\u00eb.<\/span><\/p>\n<p><span style=\"color: #000000;\">N\u00eb fillim t\u00eb k\u00ebtij muaji, deputet\u00ebt e Kuvendit t\u00eb Kosov\u00ebs kan\u00eb votuar vendimin e Qeveris\u00eb p\u00ebr vendosjen e masave emergjente n\u00eb furnizimin me energji elektrike.<\/span><\/p>\n<p><span style=\"color: #000000;\">Sipas arsyetimit, ky vendim \u00ebsht\u00eb marr nga gjendja aktuale bot\u00ebrore energjetike.<\/span><\/p>\n<p><span style=\"color: #000000;\">K\u00ebto masa do t\u00eb mbesin aktive p\u00ebr 60 dit\u00eb.<\/span><\/p>\n<p><span style=\"color: #000000;\">Kujtojm\u00eb se n\u00eb fund t\u00eb vitit t\u00eb kaluar, qeveria kishte marr vendim p\u00ebr shpalljen e gjendjes emergjente me energji elektrike.<\/span><\/p>\n<p><span style=\"color: #000000;\"><span style=\"color: #ff0000;\"><strong>VINI RE<\/strong><\/span>: Ky material \u00ebsht\u00eb pron\u00ebsi intelektuale e <span style=\"color: #0000ff;\"><a style=\"color: #0000ff;\" href=\"https:\/\/www.monitor.al\/kosova-ne-krize-te-thelle-aktualisht-prodhohet-energji-vec-per-prishtinen\/\">Monitor<\/a><\/span><\/span><\/p>\n","protected":false,"gt_translate_keys":[{"key":"rendered","format":"html"}]},"excerpt":{"rendered":"<p>Korporata Energjetike e Kosov\u00ebs (KEK), aktualisht \u00ebsht\u00eb duke operuar me vet\u00ebm nj\u00eb nj\u00ebsi t\u00eb Termocentralit, pasi q\u00eb sot ka r\u00ebn\u00eb edhe nj\u00ebsia B1. Kjo n\u00ebnkupton se \u00ebsht\u00eb duke funksionuar vet\u00ebm blloku A4 i Termocentralit Kosova A. Ky konsum shkon deri n\u00eb 600 MWh, nd\u00ebrsa aktualisht po prodhohen rreth 120 MWh. Kjo sasi nuk mjafton p\u00ebr [&hellip;]<\/p>\n","protected":false,"gt_translate_keys":[{"key":"rendered","format":"html"}]},"author":51,"featured_media":545415,"comment_status":"closed","ping_status":"closed","sticky":false,"template":"","format":"standard","meta":{"footnotes":""},"categories":[149],"tags":[],"class_list":["post-545414","post","type-post","status-publish","format-standard","has-post-thumbnail","hentry","category-kosoverajon"],"gt_translate_keys":[{"key":"link","format":"url"}],"_links":{"self":[{"href":"https:\/\/www.hashtag.al\/index.php\/wp-json\/wp\/v2\/posts\/545414","targetHints":{"allow":["GET"]}}],"collection":[{"href":"https:\/\/www.hashtag.al\/index.php\/wp-json\/wp\/v2\/posts"}],"about":[{"href":"https:\/\/www.hashtag.al\/index.php\/wp-json\/wp\/v2\/types\/post"}],"author":[{"embeddable":true,"href":"https:\/\/www.hashtag.al\/index.php\/wp-json\/wp\/v2\/users\/51"}],"replies":[{"embeddable":true,"href":"https:\/\/www.hashtag.al\/index.php\/wp-json\/wp\/v2\/comments?post=545414"}],"version-history":[{"count":0,"href":"https:\/\/www.hashtag.al\/index.php\/wp-json\/wp\/v2\/posts\/545414\/revisions"}],"wp:featuredmedia":[{"embeddable":true,"href":"https:\/\/www.hashtag.al\/index.php\/wp-json\/wp\/v2\/media\/545415"}],"wp:attachment":[{"href":"https:\/\/www.hashtag.al\/index.php\/wp-json\/wp\/v2\/media?parent=545414"}],"wp:term":[{"taxonomy":"category","embeddable":true,"href":"https:\/\/www.hashtag.al\/index.php\/wp-json\/wp\/v2\/categories?post=545414"},{"taxonomy":"post_tag","embeddable":true,"href":"https:\/\/www.hashtag.al\/index.php\/wp-json\/wp\/v2\/tags?post=545414"}],"curies":[{"name":"wp","href":"https:\/\/api.w.org\/{rel}","templated":true}]}}