{"id":545405,"date":"2022-08-29T20:10:17","date_gmt":"2022-08-29T18:10:17","guid":{"rendered":"https:\/\/www.hashtag.al\/?p=545405"},"modified":"2022-08-29T20:10:17","modified_gmt":"2022-08-29T18:10:17","slug":"gjermania-ndihmon-ne-uljen-e-cmimeve-te-gazit","status":"publish","type":"post","link":"https:\/\/www.hashtag.al\/index.php\/2022\/08\/29\/gjermania-ndihmon-ne-uljen-e-cmimeve-te-gazit\/","title":{"rendered":"Gjermania ndihmon n\u00eb uljen e \u00e7mimeve t\u00eb gazit","gt_translate_keys":[{"key":"rendered","format":"text"}]},"content":{"rendered":"<p><span style=\"color: #000000;\"><img loading=\"lazy\" decoding=\"async\" class=\"aligncenter size-full wp-image-545406\" src=\"https:\/\/www.hashtag.al\/wp-content\/uploads\/2022\/08\/gaz-7.jpg\" alt=\"\" width=\"768\" height=\"432\" srcset=\"https:\/\/www.hashtag.al\/wp-content\/uploads\/2022\/08\/gaz-7.jpg 768w, https:\/\/www.hashtag.al\/wp-content\/uploads\/2022\/08\/gaz-7-300x169.jpg 300w\" sizes=\"auto, (max-width: 768px) 100vw, 768px\" \/><\/span><\/p>\n<p><span style=\"color: #000000;\">\u00c7mimet evropiane p\u00ebr \u00e7mimet e gazit natyror ran\u00eb n\u00eb nivelin e tyre m\u00eb t\u00eb ul\u00ebt q\u00eb nga prilli t\u00eb h\u00ebn\u00ebn, pasi Gjermania njoftoi se po mbush depot e gazit m\u00eb shpejt se sa ishte planifikuar p\u00ebrpara sezonit t\u00eb dimrit.<\/span><\/p>\n<p><span style=\"color: #000000;\">Kontratat e s\u00eb ardhmes holandeze TTF n\u00eb muajin e p\u00ebrparm\u00eb ran\u00eb deri n\u00eb 16% n\u00eb 286 euro p\u00ebr megavat-or\u00eb, duke p\u00ebrmbysur rritjen e jav\u00ebs s\u00eb kaluar prej rreth 40%, nd\u00ebrsa kontratat e s\u00eb ardhmes s\u00eb shtatorit ran\u00eb 12% n\u00eb 297 euro p\u00ebr megavat-or\u00eb.<\/span><\/p>\n<p><span style=\"color: #000000;\">Sipas ministrit gjerman t\u00eb Energjis\u00eb Robert Habeck, Berlini po planifikon t\u00eb p\u00ebrmbush\u00eb objektivin e tij t\u00eb tetorit p\u00ebr mbushjen e magazinave n\u00eb 85% tashm\u00eb q\u00eb n\u00eb shtator.<\/span><\/p>\n<p><span style=\"color: #000000;\"><em>\u201cKompanit\u00eb m\u00eb pas do jen\u00eb n\u00eb gjendje t\u00eb t\u00ebrheqin gazin nga objektet e magazinimit si\u00e7 \u00ebsht\u00eb planifikuar gjat\u00eb dimrit p\u00ebr t\u00eb furnizuar gjithashtu industrin\u00eb dhe familjet.\u201d<\/em> &#8211; tha Habeck p\u00ebr Der Spiegel Magazine.<\/span><\/p>\n<p><span style=\"color: #000000;\">Sipas nj\u00eb dokumenti nga Ministria e Ekonomis\u00eb e vendit t\u00eb par\u00eb nga mediat, gazi natyror i l\u00ebngsh\u00ebm (LNG) gjithashtu pritet t\u00eb d\u00ebrgohet n\u00eb Gjermani p\u00ebrmes Franc\u00ebs pasi kombet zgjidh\u00ebn \u00e7\u00ebshtjet teknike q\u00eb pengonin furnizimet.<\/span><\/p>\n<p><span style=\"color: #000000;\">\u00c7mimet e gazit natyror n\u00eb t\u00eb gjith\u00eb kontinentin jan\u00eb rritur n\u00eb m\u00ebnyr\u00eb dramatike koh\u00ebt e fundit p\u00ebr shkak t\u00eb uljes s\u00eb furnizimit nga Rusia, nd\u00ebrprerjeve n\u00eb Norvegji, si dhe rritjes s\u00eb konkurrenc\u00ebs p\u00ebr furnizimet me LNG n\u00eb mes t\u00eb kriz\u00ebs m\u00eb t\u00eb keqe t\u00eb energjis\u00eb n\u00eb dekada.<\/span><\/p>\n<p><span style=\"color: #000000;\">Shqet\u00ebsimet jan\u00eb rritur gjithashtu se gjiganti rus i energjis\u00eb Gazprom nuk do rifilloj\u00eb d\u00ebrgesat p\u00ebrmes gazsjell\u00ebsit ky\u00e7 Nord Stream 1 pas nj\u00eb nd\u00ebrprerjeje treditore t\u00eb mir\u00ebmbajtjes q\u00eb fillon m\u00eb 31 gusht.<\/span><\/p>\n<p><span style=\"color: #000000;\">Qeverit\u00eb e BE-s\u00eb kan\u00eb r\u00ebn\u00eb dakord p\u00ebr disa hapa p\u00ebr t\u00eb zbutur kriz\u00ebn energjetike dhe kan\u00eb l\u00ebn\u00eb m\u00ebnjan\u00eb rreth 280 miliard\u00eb euro p\u00ebr t\u00eb ndihmuar bizneset dhe familjet t\u00eb p\u00ebrballojn\u00eb kriz\u00ebn. Blloku pritet gjithashtu t\u00eb th\u00ebrras\u00eb nj\u00eb takim urgjent t\u00eb ministrave t\u00eb Energjis\u00eb p\u00ebr t\u00eb diskutuar masat p\u00ebr t\u00eb luftuar rritjen e \u00e7mimeve t\u00eb energjis\u00eb.<\/span><\/p>\n","protected":false,"gt_translate_keys":[{"key":"rendered","format":"html"}]},"excerpt":{"rendered":"<p>\u00c7mimet evropiane p\u00ebr \u00e7mimet e gazit natyror ran\u00eb n\u00eb nivelin e tyre m\u00eb t\u00eb ul\u00ebt q\u00eb nga prilli t\u00eb h\u00ebn\u00ebn, pasi Gjermania njoftoi se po mbush depot e gazit m\u00eb shpejt se sa ishte planifikuar p\u00ebrpara sezonit t\u00eb dimrit. Kontratat e s\u00eb ardhmes holandeze TTF n\u00eb muajin e p\u00ebrparm\u00eb ran\u00eb deri n\u00eb 16% n\u00eb 286 [&hellip;]<\/p>\n","protected":false,"gt_translate_keys":[{"key":"rendered","format":"html"}]},"author":51,"featured_media":545406,"comment_status":"closed","ping_status":"closed","sticky":false,"template":"","format":"standard","meta":{"footnotes":""},"categories":[53],"tags":[],"class_list":["post-545405","post","type-post","status-publish","format-standard","has-post-thumbnail","hentry","category-fast-foodi"],"gt_translate_keys":[{"key":"link","format":"url"}],"_links":{"self":[{"href":"https:\/\/www.hashtag.al\/index.php\/wp-json\/wp\/v2\/posts\/545405","targetHints":{"allow":["GET"]}}],"collection":[{"href":"https:\/\/www.hashtag.al\/index.php\/wp-json\/wp\/v2\/posts"}],"about":[{"href":"https:\/\/www.hashtag.al\/index.php\/wp-json\/wp\/v2\/types\/post"}],"author":[{"embeddable":true,"href":"https:\/\/www.hashtag.al\/index.php\/wp-json\/wp\/v2\/users\/51"}],"replies":[{"embeddable":true,"href":"https:\/\/www.hashtag.al\/index.php\/wp-json\/wp\/v2\/comments?post=545405"}],"version-history":[{"count":0,"href":"https:\/\/www.hashtag.al\/index.php\/wp-json\/wp\/v2\/posts\/545405\/revisions"}],"wp:featuredmedia":[{"embeddable":true,"href":"https:\/\/www.hashtag.al\/index.php\/wp-json\/wp\/v2\/media\/545406"}],"wp:attachment":[{"href":"https:\/\/www.hashtag.al\/index.php\/wp-json\/wp\/v2\/media?parent=545405"}],"wp:term":[{"taxonomy":"category","embeddable":true,"href":"https:\/\/www.hashtag.al\/index.php\/wp-json\/wp\/v2\/categories?post=545405"},{"taxonomy":"post_tag","embeddable":true,"href":"https:\/\/www.hashtag.al\/index.php\/wp-json\/wp\/v2\/tags?post=545405"}],"curies":[{"name":"wp","href":"https:\/\/api.w.org\/{rel}","templated":true}]}}