{"id":545272,"date":"2022-08-29T12:21:31","date_gmt":"2022-08-29T10:21:31","guid":{"rendered":"https:\/\/www.hashtag.al\/?p=545272"},"modified":"2022-08-29T12:21:31","modified_gmt":"2022-08-29T10:21:31","slug":"flamuri-shqiptar-me-yllin-komunist-ne-festivalin-sunny-hill-erion-veliaj-ishte-satire","status":"publish","type":"post","link":"https:\/\/www.hashtag.al\/index.php\/2022\/08\/29\/flamuri-shqiptar-me-yllin-komunist-ne-festivalin-sunny-hill-erion-veliaj-ishte-satire\/","title":{"rendered":"Flamuri shqiptar me yllin komunist n\u00eb festivalin \u201cSunny Hill\u201d, Erion Veliaj: Ishte satir\u00eb","gt_translate_keys":[{"key":"rendered","format":"text"}]},"content":{"rendered":"<p><span style=\"color: #000000;\"><a href=\"https:\/\/www.hashtag.al\/wp-content\/uploads\/2022\/08\/veliaj-ukraine.png\"><img loading=\"lazy\" decoding=\"async\" class=\"aligncenter size-full wp-image-543007\" src=\"https:\/\/www.hashtag.al\/wp-content\/uploads\/2022\/08\/veliaj-ukraine.png\" alt=\"\" width=\"1149\" height=\"603\" srcset=\"https:\/\/www.hashtag.al\/wp-content\/uploads\/2022\/08\/veliaj-ukraine.png 1149w, https:\/\/www.hashtag.al\/wp-content\/uploads\/2022\/08\/veliaj-ukraine-300x157.png 300w, https:\/\/www.hashtag.al\/wp-content\/uploads\/2022\/08\/veliaj-ukraine-1024x537.png 1024w, https:\/\/www.hashtag.al\/wp-content\/uploads\/2022\/08\/veliaj-ukraine-768x403.png 768w\" sizes=\"auto, (max-width: 1149px) 100vw, 1149px\" \/><\/a><\/span><\/p>\n<p><span style=\"color: #000000;\">Nj\u00eb moment q\u00eb ka t\u00ebrhequr shum\u00eb komente n\u00eb rrjetet sociale nga festivali \u201cSunny Hill\u201d, \u00ebsht\u00eb shfaqja e flamurit shqiptar por me yllin komunist n\u00eb krye.<\/span><\/p>\n<p><span style=\"color: #000000;\">Simbol i vjet\u00ebr q\u00eb u vendos mbi flamurin shqiptar n\u00eb vitet e para t\u00eb diktatur\u00ebs, u hoq p\u00ebrgjithmon\u00eb n\u00eb 1992.<\/span><\/p>\n<p><span style=\"color: #000000;\">Kryebashkiaku i Tiran\u00ebs Erion Veliaj thot\u00eb se flamuri me yll ishte pjes\u00eb e nj\u00eb performance artistike e grupit rok \u201c<em>Asgj\u00eb Sikur Dielli<\/em>\u201d, nj\u00eb k\u00ebng\u00eb satirike kund\u00ebr regjimit komunist, e realizuar 8 vite m\u00eb par\u00eb nga Alban Nimani, lideri i grupit.<\/span><\/p>\n<p><span style=\"color: #000000;\">Ai ironizon duke th\u00ebn\u00eb se uron q\u00eb p\u00ebrfaq\u00ebsuesit e opozit\u00ebs t\u00eb luftojn\u00eb me t\u00eb nj\u00ebjtin zell edhe \u201cSekretarin e PPSH\u201d-s\u00eb q\u00eb kan\u00eb n\u00eb krye, duke iu referuar k\u00ebshtu Sali Berish\u00ebs.<\/span><\/p>\n<p><span style=\"color: #000000;\"><em>\u201cNuk luftohet komunizmi me metoda komuniste! K\u00ebnga \u00ebsht\u00eb nj\u00eb satir\u00eb ndaj regjimit! Alban Nimani \u2013 dh\u00ebnd\u00ebr n\u00eb Tiran\u00eb n\u00eb nj\u00eb nga familjet m\u00eb t\u00eb p\u00ebrndjekura \u2013 e ka prodhuar para 8 viteve! Uroj t\u00eb luftoni me t\u00eb nj\u00ebjtin zell sekretarin e PPSH n\u00eb krye t\u00eb PD dhe sigurimsin aleat!\u201d<\/em>&#8211; shkruan Veliaj.<\/span><\/p>\n<blockquote class=\"twitter-tweet\">\n<p dir=\"ltr\" lang=\"und\">Nuk luftohet komunizmi me metoda komuniste!<\/p>\n<p>Kenga eshte nje satire ndaj regjimit! <a href=\"https:\/\/twitter.com\/albannimani?ref_src=twsrc%5Etfw\">@albannimani<\/a> &#8211; dhender ne Tirane ne nje nga familjet me te perndjekura &#8211; e ka prodhuar para 8 viteve!<\/p>\n<p>Uroj te luftoni me te njejtin zell sekretarin e PPSH ne krye te PD dhe sigurimsin aleat! \u270c\ufe0f <a href=\"https:\/\/t.co\/Ik4DLifjcV\">https:\/\/t.co\/Ik4DLifjcV<\/a> <a href=\"https:\/\/t.co\/y2gjcKRa1h\">pic.twitter.com\/y2gjcKRa1h<\/a><\/p>\n<p>\u2014 Erion Veliaj #EYC2022 \ud83c\uddea\ud83c\uddfa\ud83c\udde6\ud83c\uddf1 (@erionveliaj) <a href=\"https:\/\/twitter.com\/erionveliaj\/status\/1564183653617471489?ref_src=twsrc%5Etfw\">August 29, 2022<\/a><\/p><\/blockquote>\n<p><script async src=\"https:\/\/platform.twitter.com\/widgets.js\" charset=\"utf-8\"><\/script><\/p>\n","protected":false,"gt_translate_keys":[{"key":"rendered","format":"html"}]},"excerpt":{"rendered":"<p>Nj\u00eb moment q\u00eb ka t\u00ebrhequr shum\u00eb komente n\u00eb rrjetet sociale nga festivali \u201cSunny Hill\u201d, \u00ebsht\u00eb shfaqja e flamurit shqiptar por me yllin komunist n\u00eb krye. Simbol i vjet\u00ebr q\u00eb u vendos mbi flamurin shqiptar n\u00eb vitet e para t\u00eb diktatur\u00ebs, u hoq p\u00ebrgjithmon\u00eb n\u00eb 1992. Kryebashkiaku i Tiran\u00ebs Erion Veliaj thot\u00eb se flamuri me yll [&hellip;]<\/p>\n","protected":false,"gt_translate_keys":[{"key":"rendered","format":"html"}]},"author":30,"featured_media":545273,"comment_status":"closed","ping_status":"closed","sticky":false,"template":"","format":"standard","meta":{"footnotes":""},"categories":[53,13],"tags":[],"class_list":["post-545272","post","type-post","status-publish","format-standard","has-post-thumbnail","hentry","category-fast-foodi","category-te-fundit"],"gt_translate_keys":[{"key":"link","format":"url"}],"_links":{"self":[{"href":"https:\/\/www.hashtag.al\/index.php\/wp-json\/wp\/v2\/posts\/545272","targetHints":{"allow":["GET"]}}],"collection":[{"href":"https:\/\/www.hashtag.al\/index.php\/wp-json\/wp\/v2\/posts"}],"about":[{"href":"https:\/\/www.hashtag.al\/index.php\/wp-json\/wp\/v2\/types\/post"}],"author":[{"embeddable":true,"href":"https:\/\/www.hashtag.al\/index.php\/wp-json\/wp\/v2\/users\/30"}],"replies":[{"embeddable":true,"href":"https:\/\/www.hashtag.al\/index.php\/wp-json\/wp\/v2\/comments?post=545272"}],"version-history":[{"count":0,"href":"https:\/\/www.hashtag.al\/index.php\/wp-json\/wp\/v2\/posts\/545272\/revisions"}],"wp:featuredmedia":[{"embeddable":true,"href":"https:\/\/www.hashtag.al\/index.php\/wp-json\/wp\/v2\/media\/545273"}],"wp:attachment":[{"href":"https:\/\/www.hashtag.al\/index.php\/wp-json\/wp\/v2\/media?parent=545272"}],"wp:term":[{"taxonomy":"category","embeddable":true,"href":"https:\/\/www.hashtag.al\/index.php\/wp-json\/wp\/v2\/categories?post=545272"},{"taxonomy":"post_tag","embeddable":true,"href":"https:\/\/www.hashtag.al\/index.php\/wp-json\/wp\/v2\/tags?post=545272"}],"curies":[{"name":"wp","href":"https:\/\/api.w.org\/{rel}","templated":true}]}}