{"id":545185,"date":"2022-08-28T20:45:36","date_gmt":"2022-08-28T18:45:36","guid":{"rendered":"https:\/\/www.hashtag.al\/?p=545185"},"modified":"2022-08-28T20:45:36","modified_gmt":"2022-08-28T18:45:36","slug":"mbreteria-e-bashkuar-nxitja-e-rekrutimeve-nga-rusia-nuk-ka-gjasa-te-kete-ndikim-ne-luften-ne-ukraine","status":"publish","type":"post","link":"https:\/\/www.hashtag.al\/index.php\/2022\/08\/28\/mbreteria-e-bashkuar-nxitja-e-rekrutimeve-nga-rusia-nuk-ka-gjasa-te-kete-ndikim-ne-luften-ne-ukraine\/","title":{"rendered":"Mbret\u00ebria e Bashkuar: Nxitja e rekrutimeve nga Rusia nuk ka gjasa t\u00eb ket\u00eb ndikim n\u00eb luft\u00ebn n\u00eb Ukrain\u00eb","gt_translate_keys":[{"key":"rendered","format":"text"}]},"content":{"rendered":"<p><span style=\"color: #000000;\"><a href=\"https:\/\/www.hashtag.al\/wp-content\/uploads\/2022\/08\/rus-1.jpg\"><img loading=\"lazy\" decoding=\"async\" class=\"aligncenter size-full wp-image-545186\" src=\"https:\/\/www.hashtag.al\/wp-content\/uploads\/2022\/08\/rus-1.jpg\" alt=\"\" width=\"779\" height=\"436\" srcset=\"https:\/\/www.hashtag.al\/wp-content\/uploads\/2022\/08\/rus-1.jpg 779w, https:\/\/www.hashtag.al\/wp-content\/uploads\/2022\/08\/rus-1-300x168.jpg 300w, https:\/\/www.hashtag.al\/wp-content\/uploads\/2022\/08\/rus-1-768x430.jpg 768w\" sizes=\"auto, (max-width: 779px) 100vw, 779px\" \/><\/a><\/span><\/p>\n<p><span style=\"color: #000000;\">Plani i Rusis\u00eb p\u00ebr t\u00eb zgjeruar forcat e saj t\u00eb armatosura nuk ka gjasa t\u00eb ket\u00eb ndikim n\u00eb luft\u00ebn n\u00eb Ukrain\u00eb. T\u00eb pakt\u00ebn sipas mendimit t\u00eb Ministris\u00eb s\u00eb Mbrojtjes s\u00eb Mbret\u00ebris\u00eb s\u00eb Bashkuar.<\/span><\/p>\n<p><span style=\"color: #000000;\">Presidenti rus Vladimir Putin n\u00ebnshkroi koh\u00ebt e fundit nj\u00eb dekret p\u00ebr t\u00eb rritur personelin ushtarak t\u00eb forcave t\u00eb armatosura ruse n\u00eb m\u00eb shum\u00eb se 1.15 milion.<\/span><\/p>\n<p><span style=\"color: #000000;\">Por Ministria e Mbrojtjes sipas <span style=\"color: #0000ff;\"><a style=\"color: #0000ff;\" href=\"https:\/\/www.bbc.com\/news\/world-europe-62705001\">BBC<\/a><\/span>-s\u00eb tha se rritja nuk kishte gjasa t\u00eb rriste fuqin\u00eb luftarake t\u00eb Rusis\u00eb &#8211; pjes\u00ebrisht p\u00ebr shkak t\u00eb humbjeve t\u00eb vazhdueshme.<\/span><\/p>\n<p><span style=\"color: #000000;\">Dekreti i Presidentit Putin erdhi n\u00eb mes t\u00eb nj\u00eb p\u00ebrpjekjeje p\u00ebr rekrutime ushtarake.<\/span><\/p>\n<p><span style=\"color: #000000;\">Ka pasur raporte se rekrutuesit madje kan\u00eb vizituar burgjet, duke u premtuar t\u00eb burgosurve liri dhe para.<\/span><\/p>\n<p><span style=\"color: #000000;\">Aktualisht, Rusia ka nj\u00eb kufi prej pak m\u00eb shum\u00eb se nj\u00eb milion personel ushtarak, plus pothuajse 900 mij\u00eb staf civil.<\/span><\/p>\n<p><span style=\"color: #000000;\">N\u00eb nj\u00eb nga p\u00ebrdit\u00ebsimet e saj t\u00eb rregullta mbi luft\u00ebn, ministria e Mbret\u00ebris\u00eb s\u00eb Bashkuar tha se nuk ishte e qart\u00eb n\u00ebse rritja e planifikuar do t\u00eb arrihej duke rekrutuar m\u00eb shum\u00eb vullnetar\u00eb &#8211; apo duke rritur rekrutimin.<\/span><\/p>\n<p><span style=\"color: #000000;\">Por \u00e7do rritje nuk kishte gjasa t\u00eb kishte nj\u00eb ndikim n\u00eb Ukrain\u00eb duke pasur parasysh se: <\/span><span style=\"color: #000000;\">Rekrut\u00ebt nuk jan\u00eb teknikisht t\u00eb detyruar t\u00eb sh\u00ebrbejn\u00eb jasht\u00eb territorit rus.<\/span><\/p>\n<p><span style=\"color: #000000;\">Zyrtar\u00ebt per\u00ebndimor\u00eb thon\u00eb se rreth 70-80 mij\u00eb trupa jan\u00eb vrar\u00eb ose plagosur q\u00eb kur Rusia pushtoi Ukrain\u00ebn gjasht\u00eb muaj m\u00eb par\u00eb.<\/span><\/p>\n","protected":false,"gt_translate_keys":[{"key":"rendered","format":"html"}]},"excerpt":{"rendered":"<p>Plani i Rusis\u00eb p\u00ebr t\u00eb zgjeruar forcat e saj t\u00eb armatosura nuk ka gjasa t\u00eb ket\u00eb ndikim n\u00eb luft\u00ebn n\u00eb Ukrain\u00eb. T\u00eb pakt\u00ebn sipas mendimit t\u00eb Ministris\u00eb s\u00eb Mbrojtjes s\u00eb Mbret\u00ebris\u00eb s\u00eb Bashkuar. Presidenti rus Vladimir Putin n\u00ebnshkroi koh\u00ebt e fundit nj\u00eb dekret p\u00ebr t\u00eb rritur personelin ushtarak t\u00eb forcave t\u00eb armatosura ruse n\u00eb m\u00eb [&hellip;]<\/p>\n","protected":false,"gt_translate_keys":[{"key":"rendered","format":"html"}]},"author":30,"featured_media":545186,"comment_status":"closed","ping_status":"closed","sticky":false,"template":"","format":"standard","meta":{"footnotes":""},"categories":[6,13],"tags":[],"class_list":["post-545185","post","type-post","status-publish","format-standard","has-post-thumbnail","hentry","category-nderkombetare","category-te-fundit"],"gt_translate_keys":[{"key":"link","format":"url"}],"_links":{"self":[{"href":"https:\/\/www.hashtag.al\/index.php\/wp-json\/wp\/v2\/posts\/545185","targetHints":{"allow":["GET"]}}],"collection":[{"href":"https:\/\/www.hashtag.al\/index.php\/wp-json\/wp\/v2\/posts"}],"about":[{"href":"https:\/\/www.hashtag.al\/index.php\/wp-json\/wp\/v2\/types\/post"}],"author":[{"embeddable":true,"href":"https:\/\/www.hashtag.al\/index.php\/wp-json\/wp\/v2\/users\/30"}],"replies":[{"embeddable":true,"href":"https:\/\/www.hashtag.al\/index.php\/wp-json\/wp\/v2\/comments?post=545185"}],"version-history":[{"count":0,"href":"https:\/\/www.hashtag.al\/index.php\/wp-json\/wp\/v2\/posts\/545185\/revisions"}],"wp:featuredmedia":[{"embeddable":true,"href":"https:\/\/www.hashtag.al\/index.php\/wp-json\/wp\/v2\/media\/545186"}],"wp:attachment":[{"href":"https:\/\/www.hashtag.al\/index.php\/wp-json\/wp\/v2\/media?parent=545185"}],"wp:term":[{"taxonomy":"category","embeddable":true,"href":"https:\/\/www.hashtag.al\/index.php\/wp-json\/wp\/v2\/categories?post=545185"},{"taxonomy":"post_tag","embeddable":true,"href":"https:\/\/www.hashtag.al\/index.php\/wp-json\/wp\/v2\/tags?post=545185"}],"curies":[{"name":"wp","href":"https:\/\/api.w.org\/{rel}","templated":true}]}}