{"id":544627,"date":"2022-08-26T15:55:02","date_gmt":"2022-08-26T13:55:02","guid":{"rendered":"https:\/\/www.hashtag.al\/?p=544627"},"modified":"2022-08-26T15:55:02","modified_gmt":"2022-08-26T13:55:02","slug":"presidenti-begaj-pret-ne-takim-kryeministrin-e-luksemburgut-cfare-diskutuan","status":"publish","type":"post","link":"https:\/\/www.hashtag.al\/index.php\/2022\/08\/26\/presidenti-begaj-pret-ne-takim-kryeministrin-e-luksemburgut-cfare-diskutuan\/","title":{"rendered":"Presidenti Begaj pret n\u00eb takim kryeministrin e Luksemburgut, \u00e7far\u00eb diskutuan","gt_translate_keys":[{"key":"rendered","format":"text"}]},"content":{"rendered":"<p><span style=\"color: #000000;\"><a href=\"https:\/\/www.hashtag.al\/wp-content\/uploads\/2022\/08\/ad6b78d9-bc84-481e-b58b-6d6ccd99f750.jpg\"><img loading=\"lazy\" decoding=\"async\" class=\"aligncenter size-full wp-image-544628\" src=\"https:\/\/www.hashtag.al\/wp-content\/uploads\/2022\/08\/ad6b78d9-bc84-481e-b58b-6d6ccd99f750.jpg\" alt=\"\" width=\"1280\" height=\"853\" srcset=\"https:\/\/www.hashtag.al\/wp-content\/uploads\/2022\/08\/ad6b78d9-bc84-481e-b58b-6d6ccd99f750.jpg 1280w, https:\/\/www.hashtag.al\/wp-content\/uploads\/2022\/08\/ad6b78d9-bc84-481e-b58b-6d6ccd99f750-300x200.jpg 300w, https:\/\/www.hashtag.al\/wp-content\/uploads\/2022\/08\/ad6b78d9-bc84-481e-b58b-6d6ccd99f750-1024x682.jpg 1024w, https:\/\/www.hashtag.al\/wp-content\/uploads\/2022\/08\/ad6b78d9-bc84-481e-b58b-6d6ccd99f750-768x512.jpg 768w\" sizes=\"auto, (max-width: 1280px) 100vw, 1280px\" \/><\/a><\/span><\/p>\n<p><span style=\"color: #000000;\">P<\/span><span style=\"color: #000000;\">residenti Bajram Begaj ka pritur sot n\u00eb nj\u00eb takim kryeministrin e Luksemburgut Xavier Bettel, i cili ndodhet p\u00ebr nj\u00eb vizit\u00eb zyrtare n\u00eb Shqip\u00ebri.<\/span><\/p>\n<p><span style=\"color: #000000;\">Gjat\u00eb k\u00ebtij takimi, zyra e shtypit n\u00eb Presidenc\u00eb thot\u00eb se Begaj ka vler\u00ebsuar marr\u00ebdh\u00ebniet mes dy vendeve n\u00eb k\u00ebt\u00eb vit q\u00eb sh\u00ebnon 100-vjetorin e njohjes s\u00eb Shqip\u00ebris\u00eb nga Luksemburgu dhe 50-vjetorin e rivendosjes s\u00eb marr\u00ebdh\u00ebnieve diplomatike.<\/span><\/p>\n<p><span style=\"color: #000000;\">Begaj ka shprehur mir\u00ebnjohjen p\u00ebr ndihm\u00ebn e shtetit t\u00eb Luksemburgut p\u00ebr p\u00ebrballimin e d\u00ebmeve t\u00eb shkaktuar nga t\u00ebrmeti i 26 n\u00ebntorit n\u00eb Shqip\u00ebri.<\/span><\/p>\n<p><em><span style=\"color: #000000;\">\u201cLidhur me procesin e integrimit evropian si dhe v\u00ebmendjen q\u00eb shoq\u00ebria dhe institucionet shqiptare i kushtojn\u00eb atij, Presidenti Begaj vler\u00ebsoi mb\u00ebshtetjen e pakursyer q\u00eb Luksemburgu i ka dh\u00ebn\u00eb Shqip\u00ebris\u00eb dhe rajonit t\u00eb Ballkanit Per\u00ebndimor gjat\u00eb gjith\u00eb k\u00ebtij procesi.<\/span><\/em><\/p>\n<p><span style=\"color: #000000;\"><em>Presidenti tha se mb\u00ebshtetja dometh\u00ebn\u00ebse e Luksemburgut p\u00ebr procesin e zgjerimit t\u00eb BE-s\u00eb me vendet e Ballkanit Per\u00ebndimor ka marr\u00eb nj\u00eb r\u00ebnd\u00ebsi edhe m\u00eb t\u00eb madhe gjeopolitike, ve\u00e7an\u00ebrisht pas agresionit t\u00eb armatosur rus n\u00eb Ukrain\u00eb.\u201d<\/em>&#8211; thuhet n\u00eb njoftimin e Presidenc\u00ebs.<\/span><\/p>\n<p><span style=\"color: #000000;\">Begaj e ka fal\u00ebnderuar Bettel edhe p\u00ebr hap\u00ebsirat dhe kushtet q\u00eb Luksemburgu i ka krijuar komunitetit shqiptar q\u00eb jeton e punon atje.<\/span><\/p>\n<p><span style=\"color: #000000;\">N\u00eb k\u00ebt\u00eb takim, Bettel dhe Begaj kan\u00eb v\u00ebn\u00eb theksin te r\u00ebnd\u00ebsia e dialogut Kosov\u00eb-Serbi si\u00a0vetmja rrug\u00eb drejt paqes, siguris\u00eb dhe prosperitetit n\u00eb rajonin e Ballkanit.<\/span><\/p>\n<p><span style=\"color: #000000;\">M\u00eb her\u00ebt Bettel pati nj\u00eb takim me kryeministrin Edi Rama, pas t\u00eb cilit t\u00eb dy dol\u00ebn n\u00eb nj\u00eb konferenc\u00eb t\u00eb p\u00ebrbashk\u00ebt p\u00ebr shtyp.<\/span><\/p>\n","protected":false,"gt_translate_keys":[{"key":"rendered","format":"html"}]},"excerpt":{"rendered":"<p>Presidenti Bajram Begaj ka pritur sot n\u00eb nj\u00eb takim kryeministrin e Luksemburgut Xavier Bettel, i cili ndodhet p\u00ebr nj\u00eb vizit\u00eb zyrtare n\u00eb Shqip\u00ebri. Gjat\u00eb k\u00ebtij takimi, zyra e shtypit n\u00eb Presidenc\u00eb thot\u00eb se Begaj ka vler\u00ebsuar marr\u00ebdh\u00ebniet mes dy vendeve n\u00eb k\u00ebt\u00eb vit q\u00eb sh\u00ebnon 100-vjetorin e njohjes s\u00eb Shqip\u00ebris\u00eb nga Luksemburgu dhe 50-vjetorin e [&hellip;]<\/p>\n","protected":false,"gt_translate_keys":[{"key":"rendered","format":"html"}]},"author":30,"featured_media":544628,"comment_status":"closed","ping_status":"closed","sticky":false,"template":"","format":"standard","meta":{"footnotes":""},"categories":[65,13],"tags":[],"class_list":["post-544627","post","type-post","status-publish","format-standard","has-post-thumbnail","hentry","category-lajme","category-te-fundit"],"gt_translate_keys":[{"key":"link","format":"url"}],"_links":{"self":[{"href":"https:\/\/www.hashtag.al\/index.php\/wp-json\/wp\/v2\/posts\/544627","targetHints":{"allow":["GET"]}}],"collection":[{"href":"https:\/\/www.hashtag.al\/index.php\/wp-json\/wp\/v2\/posts"}],"about":[{"href":"https:\/\/www.hashtag.al\/index.php\/wp-json\/wp\/v2\/types\/post"}],"author":[{"embeddable":true,"href":"https:\/\/www.hashtag.al\/index.php\/wp-json\/wp\/v2\/users\/30"}],"replies":[{"embeddable":true,"href":"https:\/\/www.hashtag.al\/index.php\/wp-json\/wp\/v2\/comments?post=544627"}],"version-history":[{"count":0,"href":"https:\/\/www.hashtag.al\/index.php\/wp-json\/wp\/v2\/posts\/544627\/revisions"}],"wp:featuredmedia":[{"embeddable":true,"href":"https:\/\/www.hashtag.al\/index.php\/wp-json\/wp\/v2\/media\/544628"}],"wp:attachment":[{"href":"https:\/\/www.hashtag.al\/index.php\/wp-json\/wp\/v2\/media?parent=544627"}],"wp:term":[{"taxonomy":"category","embeddable":true,"href":"https:\/\/www.hashtag.al\/index.php\/wp-json\/wp\/v2\/categories?post=544627"},{"taxonomy":"post_tag","embeddable":true,"href":"https:\/\/www.hashtag.al\/index.php\/wp-json\/wp\/v2\/tags?post=544627"}],"curies":[{"name":"wp","href":"https:\/\/api.w.org\/{rel}","templated":true}]}}