{"id":544548,"date":"2022-08-26T11:30:30","date_gmt":"2022-08-26T09:30:30","guid":{"rendered":"https:\/\/www.hashtag.al\/?p=544548"},"modified":"2022-08-26T11:30:30","modified_gmt":"2022-08-26T09:30:30","slug":"kryeministri-i-luksemburgut-ballkani-shihej-si-nje-fuci-baruti-por-smund-te-lejojme-tensione-shtese-kosova-e-serbia-te-gjejne-zgjidhje","status":"publish","type":"post","link":"https:\/\/www.hashtag.al\/index.php\/2022\/08\/26\/kryeministri-i-luksemburgut-ballkani-shihej-si-nje-fuci-baruti-por-smund-te-lejojme-tensione-shtese-kosova-e-serbia-te-gjejne-zgjidhje\/","title":{"rendered":"Kryeministri i Luksemburgut: Ballkani shihej si nj\u00eb fu\u00e7i baruti por s\u2019mund t\u00eb lejojm\u00eb tensione shtes\u00eb, Kosova e Serbia t\u00eb gjejn\u00eb zgjidhje","gt_translate_keys":[{"key":"rendered","format":"text"}]},"content":{"rendered":"<p><span style=\"color: #000000;\"><a href=\"https:\/\/www.hashtag.al\/wp-content\/uploads\/2022\/08\/bettel.jpg\"><img loading=\"lazy\" decoding=\"async\" class=\"aligncenter size-full wp-image-544549\" src=\"https:\/\/www.hashtag.al\/wp-content\/uploads\/2022\/08\/bettel.jpg\" alt=\"\" width=\"825\" height=\"475\" srcset=\"https:\/\/www.hashtag.al\/wp-content\/uploads\/2022\/08\/bettel.jpg 825w, https:\/\/www.hashtag.al\/wp-content\/uploads\/2022\/08\/bettel-300x173.jpg 300w, https:\/\/www.hashtag.al\/wp-content\/uploads\/2022\/08\/bettel-768x442.jpg 768w, https:\/\/www.hashtag.al\/wp-content\/uploads\/2022\/08\/bettel-250x145.jpg 250w\" sizes=\"auto, (max-width: 825px) 100vw, 825px\" \/><\/a><\/span><\/p>\n<p><span style=\"color: #000000;\">N\u00eb konferenc\u00ebn e p\u00ebrbashk\u00ebt me kryeministrin Edi Rama, homologu i tij i Luksemburgut, Xavier Bettel u ndal pak n\u00eb situat\u00ebn n\u00eb Ballkanin Per\u00ebndimor.<\/span><\/p>\n<p><span style=\"color: #000000;\">Ai tha se rajoni \u00ebsht\u00eb par\u00eb si nj\u00eb fu\u00e7i baruti dhe theksoi se s\u2019mund t\u2019i lejojm\u00eb vetes tensione t\u00eb tjera por k\u00ebmb\u00ebnguli se duhet t\u00eb arrihet nj\u00eb zgjidhje mes Kosov\u00ebs dhe Serbis\u00eb.<\/span><\/p>\n<p><span style=\"color: #000000;\"><em>\u201cRruga q\u00eb keni b\u00ebr\u00eb gjat\u00eb k\u00ebsaj koh\u00eb \u00ebsht\u00eb e jasht\u00ebzakonshme, por ka akoma potencial. Ne kemi firma nga Luksemburgu q\u00eb po investojn\u00eb n\u00eb rajon. Un\u00eb shpresoj q\u00eb ju t\u00eb vini sa m\u00eb shpejt n\u00eb Luksemburg dhe t\u00eb shohim nj\u00eb mund\u00ebsi se si t\u2019i bindim p\u00ebr t\u00eb krijuar t\u00eb tjera hap\u00ebsira. Ka itenerare kulturore ku mund t\u00eb punojm\u00eb bashk\u00eb. Mund t\u00eb ket\u00eb shk\u00ebmbime mes universiteteve, gjithashtu \u00ebsht\u00eb edhe turizmi. E tha dhe kryeministri jan\u00eb hapur negociata p\u00ebr n\u00eb BE dhe \u00ebsht\u00eb me r\u00ebnd\u00ebsi q\u00eb vendet nuk mund t\u00eb mbahen peng p\u00ebr arsye t\u00eb politikave komb\u00ebtare. T\u00eb mos harrojm\u00eb q\u00eb n\u00eb \u201957 kur ishte traktati i Rom\u00ebs, Franca dhe Gjermania ishin armiq, dhe q\u00eb ka ajo koh\u00eb arrit\u00ebm t\u00eb kemi paqe. Pra kjo \u00ebsht\u00eb BE, n\u00eb at\u00eb koh\u00eb p\u00ebrgjigja ishte arma sot jan\u00eb shk\u00ebmbimet respekti. Edi \u00ebsht\u00eb dikush q\u00eb i thot\u00eb gj\u00ebrat dhe ne nuk mund thjesht\u00eb t\u00eb ngush\u00ebllojm\u00eb kur na k\u00ebrkon di\u00e7ka. Nuk mund t\u00eb trajtojm\u00eb nj\u00eb vend n\u00eb k\u00ebt\u00eb m\u00ebnyr\u00eb kur detyrat jan\u00eb b\u00ebr\u00eb duhet ta njoh\u00ebsh dhe t\u00eb thuash po do t\u00eb b\u00ebjm\u00eb p\u00ebrpara. Nuk duhet t\u00eb jet\u00eb thjesht\u00eb nj\u00eb sall\u00eb pritje por n\u00eb k\u00ebt\u00eb parafamilje duhet t\u00eb gjejm\u00eb format se si t\u00eb jemi pjes\u00eb, t\u00eb kemi di\u00e7ka ku t\u00eb ecim para n\u00eb interesa t\u00eb p\u00ebrbashk\u00ebta. Meq\u00eb ju tham\u00eb q\u00eb salla e par\u00eb e pritjes u krye tani jeni n\u00eb sall\u00ebn e dyt\u00eb. Ballkani ka qen\u00eb nj\u00eb fu\u00e7i baruti p\u00ebr kontinentin ton\u00eb dhe duhet ta shmangim. E di q\u00eb Kosova dhe Serbia po diskutojn\u00eb sot, por duhet t\u00eb b\u00ebjn\u00eb p\u00ebrpara nuk duhet t\u2019i lejojm\u00eb vetes tensione shtes\u00eb. Sovraniteti nuk duhet t\u00eb vihet n\u00eb pik\u00ebpyetje. Duhet t\u00eb gjejm\u00eb zgjidhje.\u201d<\/em>&#8211; tha ai.<\/span><\/p>\n","protected":false,"gt_translate_keys":[{"key":"rendered","format":"html"}]},"excerpt":{"rendered":"<p>N\u00eb konferenc\u00ebn e p\u00ebrbashk\u00ebt me kryeministrin Edi Rama, homologu i tij i Luksemburgut, Xavier Bettel u ndal pak n\u00eb situat\u00ebn n\u00eb Ballkanin Per\u00ebndimor. Ai tha se rajoni \u00ebsht\u00eb par\u00eb si nj\u00eb fu\u00e7i baruti dhe theksoi se s\u2019mund t\u2019i lejojm\u00eb vetes tensione t\u00eb tjera por k\u00ebmb\u00ebnguli se duhet t\u00eb arrihet nj\u00eb zgjidhje mes Kosov\u00ebs dhe Serbis\u00eb. [&hellip;]<\/p>\n","protected":false,"gt_translate_keys":[{"key":"rendered","format":"html"}]},"author":30,"featured_media":544549,"comment_status":"closed","ping_status":"closed","sticky":false,"template":"","format":"standard","meta":{"footnotes":""},"categories":[65,13],"tags":[],"class_list":["post-544548","post","type-post","status-publish","format-standard","has-post-thumbnail","hentry","category-lajme","category-te-fundit"],"gt_translate_keys":[{"key":"link","format":"url"}],"_links":{"self":[{"href":"https:\/\/www.hashtag.al\/index.php\/wp-json\/wp\/v2\/posts\/544548","targetHints":{"allow":["GET"]}}],"collection":[{"href":"https:\/\/www.hashtag.al\/index.php\/wp-json\/wp\/v2\/posts"}],"about":[{"href":"https:\/\/www.hashtag.al\/index.php\/wp-json\/wp\/v2\/types\/post"}],"author":[{"embeddable":true,"href":"https:\/\/www.hashtag.al\/index.php\/wp-json\/wp\/v2\/users\/30"}],"replies":[{"embeddable":true,"href":"https:\/\/www.hashtag.al\/index.php\/wp-json\/wp\/v2\/comments?post=544548"}],"version-history":[{"count":0,"href":"https:\/\/www.hashtag.al\/index.php\/wp-json\/wp\/v2\/posts\/544548\/revisions"}],"wp:featuredmedia":[{"embeddable":true,"href":"https:\/\/www.hashtag.al\/index.php\/wp-json\/wp\/v2\/media\/544549"}],"wp:attachment":[{"href":"https:\/\/www.hashtag.al\/index.php\/wp-json\/wp\/v2\/media?parent=544548"}],"wp:term":[{"taxonomy":"category","embeddable":true,"href":"https:\/\/www.hashtag.al\/index.php\/wp-json\/wp\/v2\/categories?post=544548"},{"taxonomy":"post_tag","embeddable":true,"href":"https:\/\/www.hashtag.al\/index.php\/wp-json\/wp\/v2\/tags?post=544548"}],"curies":[{"name":"wp","href":"https:\/\/api.w.org\/{rel}","templated":true}]}}