{"id":544343,"date":"2022-08-25T13:24:11","date_gmt":"2022-08-25T11:24:11","guid":{"rendered":"https:\/\/www.hashtag.al\/?p=544343"},"modified":"2022-08-25T13:24:11","modified_gmt":"2022-08-25T11:24:11","slug":"bordi-as-e-ul-as-e-rrit-cmimin-balluku-shpjegon-pse-shqiperia-ka-cmimin-me-te-larte-te-naftes-ne-rajon","status":"publish","type":"post","link":"https:\/\/www.hashtag.al\/index.php\/2022\/08\/25\/bordi-as-e-ul-as-e-rrit-cmimin-balluku-shpjegon-pse-shqiperia-ka-cmimin-me-te-larte-te-naftes-ne-rajon\/","title":{"rendered":"\u201cBordi as e ul as e rrit \u00e7mimin\u201d- Balluku shpjegon pse Shqip\u00ebria ka \u00e7mimin m\u00eb t\u00eb lart\u00eb t\u00eb naft\u00ebs n\u00eb rajon","gt_translate_keys":[{"key":"rendered","format":"text"}]},"content":{"rendered":"<p><span style=\"color: #000000;\"><a style=\"color: #000000;\" href=\"https:\/\/www.hashtag.al\/wp-content\/uploads\/2022\/08\/balluku-1.jpg\"><img loading=\"lazy\" decoding=\"async\" class=\"aligncenter size-full wp-image-544344\" src=\"https:\/\/www.hashtag.al\/wp-content\/uploads\/2022\/08\/balluku-1.jpg\" alt=\"\" width=\"749\" height=\"378\" srcset=\"https:\/\/www.hashtag.al\/wp-content\/uploads\/2022\/08\/balluku-1.jpg 749w, https:\/\/www.hashtag.al\/wp-content\/uploads\/2022\/08\/balluku-1-300x151.jpg 300w\" sizes=\"auto, (max-width: 749px) 100vw, 749px\" \/><\/a><\/span><\/p>\n<p><span style=\"color: #000000;\">Z\u00ebvend\u00ebskryeministrja dhe nj\u00ebher\u00ebsh ministrja e Infrastruktur\u00ebs dhe e Energjetik\u00ebs, Belinda Balluku, u \u00ebsht\u00eb p\u00ebrgjigjur pyetjeve t\u00eb gazetar\u00ebve lidhur me \u00e7mimin e lart\u00eb t\u00eb karburantit n\u00eb vendin ton\u00eb.<\/span><\/p>\n<p><span style=\"color: #000000;\">Balluku theksoi se Bordi nuk rrit e as ul \u00e7mimet, por kontrollon dhe b\u00ebn transparenc\u00eb publike.<\/span><\/p>\n<p><span style=\"color: #000000;\">Nd\u00ebrsa sa i p\u00ebrket diferenc\u00ebs s\u00eb \u00e7mimit me vendet e rajonit, Balluku shpjegoi se kjo ndodh pasi Mali i Zi dhe Maqedonia taks\u00ebn e karbonit e paguajn\u00eb n\u00eb m\u00ebnyr\u00eb t\u00eb ve\u00e7ant\u00eb, nd\u00ebrsa Shqip\u00ebria e ka t\u00eb p\u00ebrfshir\u00eb n\u00eb karburant.<\/span><\/p>\n<p><span style=\"color: #000000;\"><em>\u00a0\u201cBordi i transparenc\u00ebs nuk ndikon n\u00eb \u00e7mimin e naft\u00ebs. Bordi \u00ebsht\u00eb aty p\u00ebr t\u00eb b\u00ebr\u00eb transparenc\u00eb publike. Ne si bord as nuk e rrisim dhe as nuk e ulim \u00e7mimin. Ka nj\u00eb abuzim n\u00eb media nga politikan\u00ebt. Flitet q\u00eb \u00e7mimi i naft\u00ebs ka r\u00ebn\u00eb n\u00eb bursa, nd\u00ebrsa n\u00eb Shqip\u00ebri ngrihet, fakt q\u00eb \u00ebsht\u00eb i rrem\u00eb. \u00c7mimi q\u00eb i referohen zot\u00ebrinjt\u00eb \u00ebsht\u00eb \u00e7mimi i produktit krudo. Nd\u00ebrkoh\u00eb \u00e7mimi q\u00eb ne i referohemi, ka t\u00eb b\u00ebj\u00eb me \u00e7mimin e produktit. I referohemi burs\u00ebs PLANT.<\/em><\/span><\/p>\n<p><span style=\"color: #000000;\"><em>\u00cbsht\u00eb shum\u00eb e leht\u00eb p\u00ebr t\u00eb par\u00eb se si jan\u00eb \u00e7mimet sot n\u00eb burs\u00eb, a jan\u00eb n\u00eb ulje apo n\u00eb ngritje. P\u00ebrsa i p\u00ebrket pyetjes tuaj, dhe krahasimit me rajonin, e kemi th\u00ebn\u00eb disa her\u00eb dhe kemi b\u00ebr\u00eb nj\u00eb analiz\u00eb se \u00e7far\u00eb p\u00ebrmban \u00e7mimi n\u00eb Shqip\u00ebri. Taks\u00ebn e karbonit apo t\u00eb qarkullimit, Mali i Zi apo Maqedonia e Veriut e paguajn\u00eb n\u00eb m\u00ebnyr\u00eb t\u00eb ve\u00e7ant\u00eb, nd\u00ebrkoh\u00eb q\u00eb n\u00eb Shqip\u00ebri \u00ebsht\u00eb e p\u00ebrfshir\u00eb n\u00eb \u00e7mimin e karburanteve. N\u00ebse do e shihni se sa i paguajn\u00eb taksat ata, do e shihni q\u00eb \u00e7mimet shkojn\u00eb n\u00eb t\u00eb nj\u00ebjtat nivele.\u201d<\/em>&#8211; tha ministrja Balluku.<\/span><\/p>\n","protected":false,"gt_translate_keys":[{"key":"rendered","format":"html"}]},"excerpt":{"rendered":"<p>Z\u00ebvend\u00ebskryeministrja dhe nj\u00ebher\u00ebsh ministrja e Infrastruktur\u00ebs dhe e Energjetik\u00ebs, Belinda Balluku, u \u00ebsht\u00eb p\u00ebrgjigjur pyetjeve t\u00eb gazetar\u00ebve lidhur me \u00e7mimin e lart\u00eb t\u00eb karburantit n\u00eb vendin ton\u00eb. Balluku theksoi se Bordi nuk rrit e as ul \u00e7mimet, por kontrollon dhe b\u00ebn transparenc\u00eb publike. Nd\u00ebrsa sa i p\u00ebrket diferenc\u00ebs s\u00eb \u00e7mimit me vendet e rajonit, Balluku [&hellip;]<\/p>\n","protected":false,"gt_translate_keys":[{"key":"rendered","format":"html"}]},"author":30,"featured_media":544344,"comment_status":"closed","ping_status":"closed","sticky":false,"template":"","format":"standard","meta":{"footnotes":""},"categories":[65,13],"tags":[],"class_list":["post-544343","post","type-post","status-publish","format-standard","has-post-thumbnail","hentry","category-lajme","category-te-fundit"],"gt_translate_keys":[{"key":"link","format":"url"}],"_links":{"self":[{"href":"https:\/\/www.hashtag.al\/index.php\/wp-json\/wp\/v2\/posts\/544343","targetHints":{"allow":["GET"]}}],"collection":[{"href":"https:\/\/www.hashtag.al\/index.php\/wp-json\/wp\/v2\/posts"}],"about":[{"href":"https:\/\/www.hashtag.al\/index.php\/wp-json\/wp\/v2\/types\/post"}],"author":[{"embeddable":true,"href":"https:\/\/www.hashtag.al\/index.php\/wp-json\/wp\/v2\/users\/30"}],"replies":[{"embeddable":true,"href":"https:\/\/www.hashtag.al\/index.php\/wp-json\/wp\/v2\/comments?post=544343"}],"version-history":[{"count":0,"href":"https:\/\/www.hashtag.al\/index.php\/wp-json\/wp\/v2\/posts\/544343\/revisions"}],"wp:featuredmedia":[{"embeddable":true,"href":"https:\/\/www.hashtag.al\/index.php\/wp-json\/wp\/v2\/media\/544344"}],"wp:attachment":[{"href":"https:\/\/www.hashtag.al\/index.php\/wp-json\/wp\/v2\/media?parent=544343"}],"wp:term":[{"taxonomy":"category","embeddable":true,"href":"https:\/\/www.hashtag.al\/index.php\/wp-json\/wp\/v2\/categories?post=544343"},{"taxonomy":"post_tag","embeddable":true,"href":"https:\/\/www.hashtag.al\/index.php\/wp-json\/wp\/v2\/tags?post=544343"}],"curies":[{"name":"wp","href":"https:\/\/api.w.org\/{rel}","templated":true}]}}