{"id":544010,"date":"2022-08-24T10:32:54","date_gmt":"2022-08-24T08:32:54","guid":{"rendered":"https:\/\/www.hashtag.al\/?p=544010"},"modified":"2022-08-24T10:37:09","modified_gmt":"2022-08-24T08:37:09","slug":"burri-i-nancy-pelosit-denohet-me-5-dite-burg-drejtoi-mjetin-ne-gjendje-te-dehur-dhe-shkaktoi-nje-aksident","status":"publish","type":"post","link":"https:\/\/www.hashtag.al\/index.php\/2022\/08\/24\/burri-i-nancy-pelosit-denohet-me-5-dite-burg-drejtoi-mjetin-ne-gjendje-te-dehur-dhe-shkaktoi-nje-aksident\/","title":{"rendered":"Burri i Nancy Pelosit d\u00ebnohet me 5 dit\u00eb burg, drejtoi mjetin n\u00eb gjendje t\u00eb dehur dhe shkaktoi nj\u00eb aksident","gt_translate_keys":[{"key":"rendered","format":"text"}]},"content":{"rendered":"<p><span style=\"color: #000000;\"><a href=\"https:\/\/www.hashtag.al\/wp-content\/uploads\/2022\/08\/pelosi-3.jpg\"><img loading=\"lazy\" decoding=\"async\" class=\"aligncenter size-full wp-image-544011\" src=\"https:\/\/www.hashtag.al\/wp-content\/uploads\/2022\/08\/pelosi-3.jpg\" alt=\"\" width=\"976\" height=\"549\" srcset=\"https:\/\/www.hashtag.al\/wp-content\/uploads\/2022\/08\/pelosi-3.jpg 976w, https:\/\/www.hashtag.al\/wp-content\/uploads\/2022\/08\/pelosi-3-300x169.jpg 300w, https:\/\/www.hashtag.al\/wp-content\/uploads\/2022\/08\/pelosi-3-768x432.jpg 768w\" sizes=\"auto, (max-width: 976px) 100vw, 976px\" \/><\/a><\/span><\/p>\n<p><span style=\"color: #000000;\">Bashk\u00ebshorti i kryetares s\u00eb Dhom\u00ebs s\u00eb P\u00ebrfaq\u00ebsuesve t\u00eb SHBA-s\u00eb, Nancy Pelosi, \u00ebsht\u00eb d\u00ebnuar me pes\u00eb dit\u00eb burg pasi u deklarua fajtor p\u00ebr drejtimin e mjetit n\u00eb gjendje t\u00eb dehur.<\/span><\/p>\n<p><span style=\"color: #000000;\">Paul Pelosi pranoi se kishte qen\u00eb n\u00ebn ndikimin e alkoolit kur p\u00ebrplasi Porsche-n e tij n\u00eb Napa County, Kaliforni, n\u00eb maj t\u00eb vitit 2022.<\/span><\/p>\n<p><span style=\"color: #000000;\">82-vje\u00e7ari u arrestua m\u00eb 28 maj dhe m\u00eb von\u00eb u akuzua p\u00ebr drejtimin e mjetit n\u00ebn ndikim e alkolit dhe shkaktimin e l\u00ebndimit t\u00eb nj\u00eb shoferi tjet\u00ebr. Ai kishte nj\u00eb nivel t\u00eb alkoolit n\u00eb gjak mbi 0.08%.<\/span><\/p>\n<p><span style=\"color: #000000;\">Ai nuk do t\u00eb vuaj\u00eb m\u00eb burgim sipas marr\u00ebveshjes p\u00ebr pranimin e faj\u00ebsis\u00eb. Si\u00e7 shkruan <span style=\"color: #0000ff;\"><a style=\"color: #0000ff;\" href=\"https:\/\/www.bbc.com\/news\/world-us-canada-62654667\">BBC<\/a><\/span>, nata q\u00eb ai kaloi n\u00eb burg pas aksidentit t\u00eb 28 majit do t\u00eb llogaritet sa p\u00ebr dy dit\u00eb. Dy dit\u00eb t\u00eb tjera u pushuan p\u00ebr sjellje t\u00eb mir\u00eb dhe dita e fundit do t\u00eb sh\u00ebrbehet duke b\u00ebr\u00eb tet\u00eb or\u00eb sh\u00ebrbim n\u00eb komunitet.<\/span><\/p>\n<p><span style=\"color: #000000;\">Pelosi gjithashtu duhet t\u00eb sh\u00ebrbej\u00eb tre vjet sh\u00ebrbim prove, k\u00ebrkohet t\u00eb ndjek\u00eb nj\u00eb kurs tre mujor p\u00ebr drejtimin e automjetit n\u00eb gjendje t\u00eb dehur dhe duhet t\u00eb paguaj\u00eb rreth 7 mij\u00eb dollar\u00eb si kompensim.<\/span><\/p>\n<p><span style=\"color: #000000;\">Ai nuk do t\u00eb humbas\u00eb patent\u00ebn e tij t\u00eb drejtimit, por do t&#8217;i k\u00ebrkohet t\u00eb p\u00ebrdor\u00eb nj\u00eb pajisje n\u00eb makin\u00ebn e tij q\u00eb k\u00ebrkon nj\u00eb test alkooli p\u00ebrpara se motori t\u00eb filloj\u00eb.<\/span><\/p>\n<p><strong><span style=\"color: #000000;\">Aksidenti i Paul Pelosit n\u00eb Maj<\/span><\/strong><\/p>\n<p><span style=\"color: #000000;\">P\u00ebrplasja e 28 Majit ndodhi gjat\u00eb nat\u00ebs n\u00eb Oakville, Kaliforni, teksa ai u largua nga sht\u00ebpia e nj\u00eb miku t\u00eb vjet\u00ebr dhe donatori demokrat.<\/span><\/p>\n<p><span style=\"color: #000000;\"><a href=\"https:\/\/www.hashtag.al\/wp-content\/uploads\/2022\/08\/makine.jpg\"><img loading=\"lazy\" decoding=\"async\" class=\"aligncenter size-full wp-image-544013\" src=\"https:\/\/www.hashtag.al\/wp-content\/uploads\/2022\/08\/makine.jpg\" alt=\"\" width=\"677\" height=\"453\" srcset=\"https:\/\/www.hashtag.al\/wp-content\/uploads\/2022\/08\/makine.jpg 677w, https:\/\/www.hashtag.al\/wp-content\/uploads\/2022\/08\/makine-300x201.jpg 300w\" sizes=\"auto, (max-width: 677px) 100vw, 677px\" \/><\/a><\/span><\/p>\n<p><span style=\"color: #000000;\">Sipas nj\u00eb raporti t\u00eb policis\u00eb, ai p\u00ebrplasi Porsche-n e tij t\u00eb zi me Jeep-in e nj\u00eb shoferi tjet\u00ebr pran\u00eb sht\u00ebpis\u00eb s\u00eb tij. T\u00eb dy automjetet jan\u00eb shkat\u00ebrruar. Si\u00e7 shkruan <span style=\"color: #0000ff;\"><a style=\"color: #0000ff;\" href=\"https:\/\/www.washingtonpost.com\/politics\/2022\/08\/23\/paul-pelosi-crash-california\/\">Washington Post<\/a><\/span>, shoferi dhe Pelosi n\u00eb momentin e aksidenit e refuzuan trajtimin mjek\u00ebsor. Por disa dit\u00eb m\u00eb von\u00eb, shoferi tjet\u00ebr filloi t\u00eb p\u00ebrjetonte dhimbje n\u00eb shpatull dhe qaf\u00eb, dhimbje koke dhe v\u00ebshtir\u00ebsi n\u00eb ngritjen e gj\u00ebrave me krahun e djatht\u00eb. P\u00ebr k\u00ebt\u00eb arsye u detyrua t\u00eb k\u00ebrkonte ndihm\u00eb mjek\u00ebsore.<\/span><\/p>\n<p><span style=\"color: #000000;\">Paul Pelosi \u00ebsht\u00eb i martuar me zonj\u00ebn Nancy Pelosi, demokraten m\u00eb t\u00eb vjet\u00ebr n\u00eb Kongresin Amerikan, q\u00eb nga viti 1963.<\/span><\/p>\n","protected":false,"gt_translate_keys":[{"key":"rendered","format":"html"}]},"excerpt":{"rendered":"<p>Bashk\u00ebshorti i kryetares s\u00eb Dhom\u00ebs s\u00eb P\u00ebrfaq\u00ebsuesve t\u00eb SHBA-s\u00eb, Nancy Pelosi, \u00ebsht\u00eb d\u00ebnuar me pes\u00eb dit\u00eb burg pasi u deklarua fajtor p\u00ebr drejtimin e mjetit n\u00eb gjendje t\u00eb dehur. Paul Pelosi pranoi se kishte qen\u00eb n\u00ebn ndikimin e alkoolit kur p\u00ebrplasi Porsche-n e tij n\u00eb Napa County, Kaliforni, n\u00eb maj t\u00eb vitit 2022. 82-vje\u00e7ari u [&hellip;]<\/p>\n","protected":false,"gt_translate_keys":[{"key":"rendered","format":"html"}]},"author":30,"featured_media":544011,"comment_status":"closed","ping_status":"closed","sticky":false,"template":"","format":"standard","meta":{"footnotes":""},"categories":[6,13],"tags":[],"class_list":["post-544010","post","type-post","status-publish","format-standard","has-post-thumbnail","hentry","category-nderkombetare","category-te-fundit"],"gt_translate_keys":[{"key":"link","format":"url"}],"_links":{"self":[{"href":"https:\/\/www.hashtag.al\/index.php\/wp-json\/wp\/v2\/posts\/544010","targetHints":{"allow":["GET"]}}],"collection":[{"href":"https:\/\/www.hashtag.al\/index.php\/wp-json\/wp\/v2\/posts"}],"about":[{"href":"https:\/\/www.hashtag.al\/index.php\/wp-json\/wp\/v2\/types\/post"}],"author":[{"embeddable":true,"href":"https:\/\/www.hashtag.al\/index.php\/wp-json\/wp\/v2\/users\/30"}],"replies":[{"embeddable":true,"href":"https:\/\/www.hashtag.al\/index.php\/wp-json\/wp\/v2\/comments?post=544010"}],"version-history":[{"count":0,"href":"https:\/\/www.hashtag.al\/index.php\/wp-json\/wp\/v2\/posts\/544010\/revisions"}],"wp:featuredmedia":[{"embeddable":true,"href":"https:\/\/www.hashtag.al\/index.php\/wp-json\/wp\/v2\/media\/544011"}],"wp:attachment":[{"href":"https:\/\/www.hashtag.al\/index.php\/wp-json\/wp\/v2\/media?parent=544010"}],"wp:term":[{"taxonomy":"category","embeddable":true,"href":"https:\/\/www.hashtag.al\/index.php\/wp-json\/wp\/v2\/categories?post=544010"},{"taxonomy":"post_tag","embeddable":true,"href":"https:\/\/www.hashtag.al\/index.php\/wp-json\/wp\/v2\/tags?post=544010"}],"curies":[{"name":"wp","href":"https:\/\/api.w.org\/{rel}","templated":true}]}}