{"id":543584,"date":"2022-08-22T15:09:30","date_gmt":"2022-08-22T13:09:30","guid":{"rendered":"https:\/\/www.hashtag.al\/?p=543584"},"modified":"2022-08-22T15:12:29","modified_gmt":"2022-08-22T13:12:29","slug":"rusia-e-bindur-vajzen-e-aleatit-te-putinit-e-vrau-ukraina","status":"publish","type":"post","link":"https:\/\/www.hashtag.al\/index.php\/2022\/08\/22\/rusia-e-bindur-vajzen-e-aleatit-te-putinit-e-vrau-ukraina\/","title":{"rendered":"Rusia e bindur: Vajz\u00ebn e aleatit t\u00eb Putinit e vrau Ukraina","gt_translate_keys":[{"key":"rendered","format":"text"}]},"content":{"rendered":"<p><span style=\"color: #000000;\"><a href=\"https:\/\/www.hashtag.al\/wp-content\/uploads\/2022\/08\/darya.jpg\"><img loading=\"lazy\" decoding=\"async\" class=\"aligncenter size-full wp-image-543585\" src=\"https:\/\/www.hashtag.al\/wp-content\/uploads\/2022\/08\/darya.jpg\" alt=\"\" width=\"976\" height=\"549\" srcset=\"https:\/\/www.hashtag.al\/wp-content\/uploads\/2022\/08\/darya.jpg 976w, https:\/\/www.hashtag.al\/wp-content\/uploads\/2022\/08\/darya-300x169.jpg 300w, https:\/\/www.hashtag.al\/wp-content\/uploads\/2022\/08\/darya-768x432.jpg 768w\" sizes=\"auto, (max-width: 976px) 100vw, 976px\" \/><\/a><\/span><\/p>\n<p><span style=\"color: #000000;\">Rusia ka akuzuar sh\u00ebrbimet speciale ukrainase p\u00ebr vrasjen e vajz\u00ebs s\u00eb nj\u00eb prej aleat\u00ebve t\u00eb Vladimir Putinit.<\/span><\/p>\n<p><span style=\"color: #000000;\">Gazetarja Darya Dugina, 29 vje\u00e7e, vdiq t\u00eb shtun\u00ebn kur nj\u00eb makin\u00eb q\u00eb ajo po ngiste shp\u00ebrtheu pran\u00eb Mosk\u00ebs.<\/span><\/p>\n<p><span style=\"color: #000000;\">Dyshimet jan\u00eb se objektivi i synuar mund t\u00eb ket\u00eb qen\u00eb babai i saj, Alexander Dugin, nj\u00eb ultra-nacionalist i shquar q\u00eb mendohet t\u00eb jet\u00eb i af\u00ebrt me presidentin rus.<\/span><\/p>\n<p><span style=\"color: #000000;\">Si\u00e7 shkruan <span style=\"color: #0000ff;\"><a style=\"color: #0000ff;\" href=\"https:\/\/www.bbc.com\/news\/world-europe-62634359\">BBC<\/a><\/span>, Sh\u00ebrbimi Federal i Siguris\u00eb i Rusis\u00eb (FSB) tani thot\u00eb se e ka zgjidhur \u00e7\u00ebshtjen dhe se Ukraina \u00ebsht\u00eb drejtp\u00ebrdrejt p\u00ebrgjegj\u00ebse.<\/span><\/p>\n<p><span style=\"color: #000000;\">Zyrtar\u00ebt ukrainas m\u00eb par\u00eb kishin mohuar \u00e7do p\u00ebrfshirje n\u00eb shp\u00ebrthim.<\/span><\/p>\n<p><span style=\"color: #000000;\">Por n\u00eb nj\u00eb deklarat\u00eb t\u00eb transmetuar nga mediat ruse, FSB pretendon se sh\u00ebrbimet speciale t\u00eb Ukrain\u00ebs pun\u00ebsuan nj\u00eb kontraktore q\u00eb mb\u00ebrriti n\u00eb Rusi n\u00eb mes t\u00eb korrikut me vajz\u00ebn e saj t\u00eb vog\u00ebl.<\/span><\/p>\n<p><span style=\"color: #000000;\">Ajo pretendon se mori me qira nj\u00eb apartament n\u00eb t\u00eb nj\u00ebjt\u00ebn nd\u00ebrtes\u00eb me zonj\u00ebn Dugin p\u00ebr t\u00eb m\u00ebsuar rreth jet\u00ebs s\u00eb saj. Agjencia e siguris\u00eb tha gjithashtu se t\u00eb dyshuarit p\u00ebrdor\u00ebn nj\u00eb makin\u00eb Mini Cooper e cila p\u00ebrdorte tre grupe t\u00eb ndryshme targash.<\/span><\/p>\n<p><span style=\"color: #000000;\">E dyshuara u arratis n\u00eb Estoni pas shp\u00ebrthimit, tha FSB.<\/span><\/p>\n<p><span style=\"color: #000000;\">Darya Dugin dhe babai i saj Alexander ishin n\u00eb nj\u00eb festival pran\u00eb Mosk\u00ebs t\u00eb shtun\u00ebn n\u00eb mbr\u00ebmje. Atje z. Dugin, i cili \u00ebsht\u00eb filozof, dha nj\u00eb leksion. Thuhet se ata kishin planifikuar t\u00eb largoheshin me t\u00eb nj\u00ebjt\u00ebn makin\u00eb, por ndryshuan planet n\u00eb minut\u00ebn e fundit.<\/span><\/p>\n<p><span style=\"color: #000000;\">Hetuesit than\u00eb se nj\u00eb eksploziv ishte vendosur posht\u00eb mjetit tip Toyota Land Cruiser q\u00eb po ngiste znj. Dugin, i cili shp\u00ebrtheu n\u00eb flak\u00eb duke i marr\u00eb jet\u00ebn.<\/span><\/p>\n","protected":false,"gt_translate_keys":[{"key":"rendered","format":"html"}]},"excerpt":{"rendered":"<p>Rusia ka akuzuar sh\u00ebrbimet speciale ukrainase p\u00ebr vrasjen e vajz\u00ebs s\u00eb nj\u00eb prej aleat\u00ebve t\u00eb Vladimir Putinit. Gazetarja Darya Dugina, 29 vje\u00e7e, vdiq t\u00eb shtun\u00ebn kur nj\u00eb makin\u00eb q\u00eb ajo po ngiste shp\u00ebrtheu pran\u00eb Mosk\u00ebs. Dyshimet jan\u00eb se objektivi i synuar mund t\u00eb ket\u00eb qen\u00eb babai i saj, Alexander Dugin, nj\u00eb ultra-nacionalist i shquar q\u00eb [&hellip;]<\/p>\n","protected":false,"gt_translate_keys":[{"key":"rendered","format":"html"}]},"author":30,"featured_media":543585,"comment_status":"closed","ping_status":"closed","sticky":false,"template":"","format":"standard","meta":{"footnotes":""},"categories":[6,13],"tags":[],"class_list":["post-543584","post","type-post","status-publish","format-standard","has-post-thumbnail","hentry","category-nderkombetare","category-te-fundit"],"gt_translate_keys":[{"key":"link","format":"url"}],"_links":{"self":[{"href":"https:\/\/www.hashtag.al\/index.php\/wp-json\/wp\/v2\/posts\/543584","targetHints":{"allow":["GET"]}}],"collection":[{"href":"https:\/\/www.hashtag.al\/index.php\/wp-json\/wp\/v2\/posts"}],"about":[{"href":"https:\/\/www.hashtag.al\/index.php\/wp-json\/wp\/v2\/types\/post"}],"author":[{"embeddable":true,"href":"https:\/\/www.hashtag.al\/index.php\/wp-json\/wp\/v2\/users\/30"}],"replies":[{"embeddable":true,"href":"https:\/\/www.hashtag.al\/index.php\/wp-json\/wp\/v2\/comments?post=543584"}],"version-history":[{"count":0,"href":"https:\/\/www.hashtag.al\/index.php\/wp-json\/wp\/v2\/posts\/543584\/revisions"}],"wp:featuredmedia":[{"embeddable":true,"href":"https:\/\/www.hashtag.al\/index.php\/wp-json\/wp\/v2\/media\/543585"}],"wp:attachment":[{"href":"https:\/\/www.hashtag.al\/index.php\/wp-json\/wp\/v2\/media?parent=543584"}],"wp:term":[{"taxonomy":"category","embeddable":true,"href":"https:\/\/www.hashtag.al\/index.php\/wp-json\/wp\/v2\/categories?post=543584"},{"taxonomy":"post_tag","embeddable":true,"href":"https:\/\/www.hashtag.al\/index.php\/wp-json\/wp\/v2\/tags?post=543584"}],"curies":[{"name":"wp","href":"https:\/\/api.w.org\/{rel}","templated":true}]}}