{"id":543581,"date":"2022-08-22T14:56:22","date_gmt":"2022-08-22T12:56:22","guid":{"rendered":"https:\/\/www.hashtag.al\/?p=543581"},"modified":"2022-08-22T14:57:16","modified_gmt":"2022-08-22T12:57:16","slug":"hetimet-per-incidentin-ne-gramsh-peleshi-mund-te-kene-pasur-synim-devijimin-e-vemendjes-nga-nje-skenar-tjeter","status":"publish","type":"post","link":"https:\/\/www.hashtag.al\/index.php\/2022\/08\/22\/hetimet-per-incidentin-ne-gramsh-peleshi-mund-te-kene-pasur-synim-devijimin-e-vemendjes-nga-nje-skenar-tjeter\/","title":{"rendered":"Hetimet p\u00ebr incidentin n\u00eb Gramsh, Peleshi: Mund t\u00eb ken\u00eb pasur synim devijimin e v\u00ebmendjes nga nj\u00eb skenar tjet\u00ebr","gt_translate_keys":[{"key":"rendered","format":"text"}]},"content":{"rendered":"<p><span style=\"color: #000000;\"><a href=\"https:\/\/www.hashtag.al\/wp-content\/uploads\/2022\/08\/peleshi-1.jpg\"><img loading=\"lazy\" decoding=\"async\" class=\"aligncenter size-full wp-image-543570\" src=\"https:\/\/www.hashtag.al\/wp-content\/uploads\/2022\/08\/peleshi-1.jpg\" alt=\"\" width=\"814\" height=\"365\" srcset=\"https:\/\/www.hashtag.al\/wp-content\/uploads\/2022\/08\/peleshi-1.jpg 814w, https:\/\/www.hashtag.al\/wp-content\/uploads\/2022\/08\/peleshi-1-300x135.jpg 300w, https:\/\/www.hashtag.al\/wp-content\/uploads\/2022\/08\/peleshi-1-768x344.jpg 768w\" sizes=\"auto, (max-width: 814px) 100vw, 814px\" \/><\/a><\/span><\/p>\n<p><span style=\"color: #000000;\">Ministri i Mbrojtjes, Niko Peleshi tha se incidenti i ndodhur n\u00eb Gramsh t\u00eb shtun\u00ebn, po trajtohet me seriozitet nga t\u00eb gjitha strukturat. Si Antiterrori, SHISH, policia dhe Prokuroria.<\/span><\/p>\n<p><span style=\"color: #000000;\">Sipas tij ngjarja n\u00eb Gramsh mund t\u00eb ket\u00eb pasur synim p\u00ebr t\u00eb devijuar v\u00ebmendjen nga nj\u00eb skenar tjet\u00ebr.<\/span><\/p>\n<p><em><span style=\"color: #000000;\">\u201cN\u00eb Gramsh se aty kemi nj\u00eb grup t\u00eb huajsh q\u00eb as nuk kan\u00eb tentuar ta vizitojn\u00eb at\u00eb zon\u00eb ushtarake me leje sipas procedur\u00ebs por kan\u00eb tentuar t\u00eb hyjn\u00eb nj\u00ebri kap\u00ebrceu rethimin e kur \u00ebsht\u00eb ndaluar nga dy ushtarak\u00ebt ka reaguar n\u00eb m\u00ebnyr\u00eb t\u00eb dhunshme.<\/span><\/em><\/p>\n<p><em><span style=\"color: #000000;\">Ngjarje q\u00eb nga ne po trajtohet me seriozitet, se kemi t\u00eb b\u00ebjm\u00eb me tre t\u00eb huaj q\u00eb kishin goxha dit\u00eb n\u00eb Shqip\u00ebri e nuk kan\u00eb qen\u00eb vet\u00ebm n\u00eb Gramsh por dhe n\u00eb zona t\u00eb tjera, e si ngjarje mund t\u00eb jet\u00eb dhe nj\u00eb ngjarje q\u00eb nuk na shqet\u00ebson shum\u00eb se \u00e7far\u00eb kan\u00eb fotografuar por nga ana tjet\u00ebr mund t\u00eb ket\u00eb pasur synim p\u00ebr t\u00eb devijuar v\u00ebmendjen nga nj\u00eb skenar tjet\u00ebr.<\/span><\/em><\/p>\n<p><span style=\"color: #000000;\"><em>Jemi n\u00eb nj\u00eb koh\u00eb t\u00eb prishjes s\u00eb ekuilibrave gjeopolitike por cdo ngjarje meriton t\u00eb shohiom jo si duket por dhe n\u00eb m\u00ebnyr\u00eb t\u00eb t\u00ebrthort\u00eb. P\u00ebrpunojn\u00eb cdo informacion dhe n\u00eb kontekstin e prishjes s\u00eb ekuilibrave kryesisht pas agresionit rus n\u00eb rajon, jemi n\u00eb nj\u00eb rajon delikat, Ballkani \u00ebsht\u00eb kompleks, jo t\u00eb gjtha shtetet kan\u00eb t\u00eb nj\u00ebjt\u00ebn agjend\u00eb, Shqip\u00ebria \u00ebsht\u00eb kampion p\u00ebr orientimin e vet per\u00ebndimor por jemi t\u00eb brisht\u00eb si rajon ndaj na b\u00ebn dy her\u00eb m\u00eb t\u00eb v\u00ebmendsh\u00ebm.\u201d<\/em>&#8211; tha Peleshi.<\/span><\/p>\n<p><span style=\"color: #000000;\">Ministri i Brendsh\u00ebm \u00c7u\u00e7i gjithashtu foli p\u00ebr hetimet, duke theksuar se nuk do p\u00ebrjashtojn\u00eb asnj\u00eb skenar, nga \u201cturizmi aventuresk\u201d tek spiunazhi.<\/span><\/p>\n<p><em><span style=\"color: #000000;\">\u201cN\u00eb lidhje me hetimin dua t\u2019ju them si minist\u00ebr i Brendsh\u00ebm q\u00eb p\u00ebr Gramshin ka nj\u00eb hetim q\u00eb ka nisur dhe nj\u00eb akuz\u00eb e procedim nga Prokuroria e Elbasani. \u00cbsht\u00eb nj\u00eb rast q\u00eb as e kemi mbivler\u00ebsua as n\u00ebnvler\u00ebsuar.<\/span><\/em><\/p>\n<p><em><span style=\"color: #000000;\">Pavar\u00ebsisht se ky objekt \u00ebsht\u00eb i deklasifikuar, p\u00ebr nga rrethanat si kan\u00eb tentuar t\u00eb hyjn\u00eb dhe pajisjet q\u00eb kishin me vete dhe p\u00ebr shkak t\u00eb agresionit ndaj personave n\u00eb detyr\u00eb, jan\u00eb marr\u00eb n\u00ebn hetim e procedim. Hetimi do t\u00eb b\u00ebhet i plot\u00eb. Falenderoj partner\u00ebt q\u00eb bashk\u00ebpunojm\u00eb gjithmon\u00eb q\u00eb na kan\u00eb ndihmuar t\u00eb sqarojm\u00eb n\u00eb detaje k\u00ebt\u00eb histori<\/span><\/em><\/p>\n<p><em><span style=\"color: #000000;\">T\u2019ia l\u00ebm\u00eb hetimit t\u00eb zb\u00ebrthej\u00eb skem\u00ebn dhe n\u00eb dit\u00ebt n\u00eb vijim p\u00ebr elemente t\u00eb rinj do t\u00eb komunikojm\u00eb me publikun p\u00ebr panoram\u00ebn e situat\u00ebs dhe q\u00ebllimin e k\u00ebtyre personave. P<\/span><\/em><em><span style=\"color: #000000;\">a diskutim q\u00eb ka shum\u00eb turist\u00eb n\u00eb bot\u00eb q\u00eb e kan\u00eb si q\u00ebllim k\u00ebt\u00eb aventur\u00eb, p\u00ebr t\u00eb fotografuar objekte t\u00eb nj\u00eb karakteri t\u00eb ve\u00e7ant\u00eb, p\u00ebrfshir\u00eb uzinat pjes\u00eb e nj\u00eb industrie t\u00eb Luft\u00ebs s\u00eb Ftoht\u00eb. <\/span><\/em><em><span style=\"color: #000000;\">Ndaj do t\u00eb hetojm\u00eb deri n\u00eb fund p\u00ebr t\u00eb sqaruar pozicionin e t\u00eb gjith\u00ebve.<\/span><\/em><\/p>\n<p><em><span style=\"color: #000000;\">Deri tani nuk ka vend p\u00ebr spekulime p\u00ebr k\u00ebt\u00eb ngjarje dhe t\u00eb tjera t\u00eb ngjashme. <\/span><span style=\"color: #000000;\">Kemi qen\u00eb t\u00eb qart\u00eb p\u00ebr t\u00eb b\u00ebr\u00eb ndarjen e tentativ\u00ebs p\u00ebr t\u00eb dh\u00ebn\u00eb informacione p\u00ebr sh\u00ebrbimet e huaja me turizmin aventuresk. E kemi n\u00eb kontroll \u00e7do gj\u00eb. <\/span><\/em><span style=\"color: #000000;\"><em>Pavar\u00ebsisht se objekti \u00ebsht\u00eb i deklasifkuar s\u00ebrish po hetojm\u00eb p\u00ebr q\u00ebllimin e shtetasve t\u00eb huaj.\u201d<\/em>&#8211; tha ministri.<\/span><\/p>\n","protected":false,"gt_translate_keys":[{"key":"rendered","format":"html"}]},"excerpt":{"rendered":"<p>Ministri i Mbrojtjes, Niko Peleshi tha se incidenti i ndodhur n\u00eb Gramsh t\u00eb shtun\u00ebn, po trajtohet me seriozitet nga t\u00eb gjitha strukturat. Si Antiterrori, SHISH, policia dhe Prokuroria. Sipas tij ngjarja n\u00eb Gramsh mund t\u00eb ket\u00eb pasur synim p\u00ebr t\u00eb devijuar v\u00ebmendjen nga nj\u00eb skenar tjet\u00ebr. \u201cN\u00eb Gramsh se aty kemi nj\u00eb grup t\u00eb huajsh [&hellip;]<\/p>\n","protected":false,"gt_translate_keys":[{"key":"rendered","format":"html"}]},"author":30,"featured_media":543570,"comment_status":"closed","ping_status":"closed","sticky":false,"template":"","format":"standard","meta":{"footnotes":""},"categories":[65,13],"tags":[],"class_list":["post-543581","post","type-post","status-publish","format-standard","has-post-thumbnail","hentry","category-lajme","category-te-fundit"],"gt_translate_keys":[{"key":"link","format":"url"}],"_links":{"self":[{"href":"https:\/\/www.hashtag.al\/index.php\/wp-json\/wp\/v2\/posts\/543581","targetHints":{"allow":["GET"]}}],"collection":[{"href":"https:\/\/www.hashtag.al\/index.php\/wp-json\/wp\/v2\/posts"}],"about":[{"href":"https:\/\/www.hashtag.al\/index.php\/wp-json\/wp\/v2\/types\/post"}],"author":[{"embeddable":true,"href":"https:\/\/www.hashtag.al\/index.php\/wp-json\/wp\/v2\/users\/30"}],"replies":[{"embeddable":true,"href":"https:\/\/www.hashtag.al\/index.php\/wp-json\/wp\/v2\/comments?post=543581"}],"version-history":[{"count":0,"href":"https:\/\/www.hashtag.al\/index.php\/wp-json\/wp\/v2\/posts\/543581\/revisions"}],"wp:featuredmedia":[{"embeddable":true,"href":"https:\/\/www.hashtag.al\/index.php\/wp-json\/wp\/v2\/media\/543570"}],"wp:attachment":[{"href":"https:\/\/www.hashtag.al\/index.php\/wp-json\/wp\/v2\/media?parent=543581"}],"wp:term":[{"taxonomy":"category","embeddable":true,"href":"https:\/\/www.hashtag.al\/index.php\/wp-json\/wp\/v2\/categories?post=543581"},{"taxonomy":"post_tag","embeddable":true,"href":"https:\/\/www.hashtag.al\/index.php\/wp-json\/wp\/v2\/tags?post=543581"}],"curies":[{"name":"wp","href":"https:\/\/api.w.org\/{rel}","templated":true}]}}