{"id":543566,"date":"2022-08-22T14:02:46","date_gmt":"2022-08-22T12:02:46","guid":{"rendered":"https:\/\/www.hashtag.al\/?p=543566"},"modified":"2022-08-22T14:03:44","modified_gmt":"2022-08-22T12:03:44","slug":"kreu-i-lidhjes-boterore-myslimane-sulmi-ndaj-salman-rushdie-eshte-i-papranueshem-per-islamin","status":"publish","type":"post","link":"https:\/\/www.hashtag.al\/index.php\/2022\/08\/22\/kreu-i-lidhjes-boterore-myslimane-sulmi-ndaj-salman-rushdie-eshte-i-papranueshem-per-islamin\/","title":{"rendered":"Kreu i Lidhjes Bot\u00ebrore Myslimane: Sulmi ndaj Salman Rushdie \u00ebsht\u00eb i papranuesh\u00ebm p\u00ebr Islamin","gt_translate_keys":[{"key":"rendered","format":"text"}]},"content":{"rendered":"<p><span style=\"color: #000000;\"><a href=\"https:\/\/www.hashtag.al\/wp-content\/uploads\/2022\/08\/issaa.jpg\"><img loading=\"lazy\" decoding=\"async\" class=\"aligncenter size-full wp-image-543567\" src=\"https:\/\/www.hashtag.al\/wp-content\/uploads\/2022\/08\/issaa.jpg\" alt=\"\" width=\"668\" height=\"356\" srcset=\"https:\/\/www.hashtag.al\/wp-content\/uploads\/2022\/08\/issaa.jpg 668w, https:\/\/www.hashtag.al\/wp-content\/uploads\/2022\/08\/issaa-300x160.jpg 300w\" sizes=\"auto, (max-width: 668px) 100vw, 668px\" \/><\/a><\/span><\/p>\n<p><span style=\"color: #000000;\">Sekretari i p\u00ebrgjithsh\u00ebm i Lidhjes Bot\u00ebrore Myslimane, Muhamed bin Abdul Karim Al-Issa e ka quajtur sulmin ndaj shkrimtarit Salman Rushdie <em>&#8220;nj\u00eb krim q\u00eb Islami nuk e pranon&#8221;.<\/em><\/span><\/p>\n<p><span style=\"color: #000000;\">N\u00eb nj\u00eb intervist\u00eb p\u00ebr <span style=\"color: #0000ff;\"><a style=\"color: #0000ff;\" href=\"https:\/\/www.arabnews.com\/node\/2147271\/world\">Arab News<\/a><\/span> ai tha:<em> \u201cIslami \u00ebsht\u00eb kund\u00ebr dhun\u00ebs dhe nuk mund t\u00eb pranoj\u00eb kurr\u00eb asnj\u00eb metod\u00eb dhune. \u00c7\u00ebshtjet fetare dhe intelektuale, duke p\u00ebrfshir\u00eb frazat q\u00eb mund t\u00eb lexohen plot\u00ebsisht ose pjes\u00ebrisht si fyese, nuk mund t\u00eb trajtohen kurr\u00eb n\u00eb k\u00ebto m\u00ebnyra t\u00eb dhunshme.\u201d<\/em><\/span><\/p>\n<p><span style=\"color: #000000;\">Al-Issa foli pas nj\u00eb takimi t\u00eb gjat\u00eb dhe miq\u00ebsor me kryetarin e Konferenc\u00ebs Episkopale Italiane, kardinalin Matteo Maria Zuppi gjat\u00eb nj\u00eb vizit\u00eb n\u00eb Rimini t\u00eb Italis\u00eb.<\/span><\/p>\n<p><span style=\"color: #000000;\"><em>\u201cKa tekste n\u00eb fen\u00eb islame q\u00eb jan\u00eb kund\u00ebr dhun\u00ebs. Dhe ato tekste jan\u00eb t\u00eb qarta.\u201d<\/em>&#8211; tha ai.<\/span><\/p>\n<p><span style=\"color: #000000;\">Al-Issa, i cili \u00ebsht\u00eb gjithashtu president i Organizat\u00ebs Nd\u00ebrkomb\u00ebtare Islamike Halal dhe nj\u00eb ish-minist\u00ebr i drejt\u00ebsis\u00eb saudite, konsiderohet si nj\u00eb z\u00eb kryesor mbi Islamin e moderuar n\u00eb bot\u00eb si dhe nj\u00eb figur\u00eb ky\u00e7e n\u00eb luft\u00ebn p\u00ebr t\u00eb luftuar ideologjin\u00eb ekstremiste.<\/span><\/p>\n<p><span style=\"color: #000000;\">Udh\u00ebheq\u00ebsit fetar\u00eb dhe zyrtar\u00ebt e qeveris\u00eb e kan\u00eb lavd\u00ebruar at\u00eb p\u00ebr p\u00ebrpjekjet e tij p\u00ebr t\u00eb promovuar moderimin, bashk\u00ebpunimin dhe bashk\u00ebjetes\u00ebn mes t\u00eb gjith\u00eb njer\u00ebzve.<\/span><\/p>\n<p><span style=\"color: #000000;\">Al-Isa tha se feja \u201c<em>\u00ebsht\u00eb kuptimi i ekzistenc\u00ebs s\u00eb njeriut n\u00eb k\u00ebt\u00eb jet\u00eb, shuma e vlerave t\u00eb bazuara n\u00eb parime t\u00eb ve\u00e7anta, n\u00eb baz\u00eb t\u00eb t\u00eb cilave nuk \u00ebsht\u00eb vet\u00ebm nj\u00eb filozofi, por edhe nj\u00eb burim fetar q\u00eb vjen nga Zoti. P\u00ebr k\u00ebt\u00eb flasim p\u00ebr vlera, si fetare ashtu edhe njer\u00ebzore. K\u00ebto vlera p\u00ebrfaq\u00ebsojn\u00eb ndjenj\u00ebn e fes\u00eb dhe instinktin fetar. Kjo n\u00ebnkupton edhe ndjenj\u00ebn e besimit n\u00eb qenien njer\u00ebzore.\u201d<\/em><\/span><\/p>\n<p><span style=\"color: #000000;\">Pasioni dhe dashuria, thot\u00eb ai, jan\u00eb &#8220;<em>faktor\u00eb qendror\u00eb n\u00eb fe<\/em>&#8220;, duke shtuar se \u201c<em>besimtari duhet t&#8217;i doj\u00eb t\u00eb gjith\u00eb t\u00eb tjer\u00ebt edhe n\u00ebse nuk pajtohet me ta. Besimtari e di se n\u00eb k\u00ebt\u00eb jet\u00eb nevojiten dashuri dhe m\u00ebshir\u00eb. Dashuria \u00ebsht\u00eb jet\u00eb, bashk\u00ebjetes\u00eb, paqe, harmoni.\u201d<\/em><\/span><\/p>\n<p><span style=\"color: #000000;\">Ai theksoi nevoj\u00ebn p\u00ebr dialog nd\u00ebrfetar, pasi ai \u201celiminon t\u00eb gjitha keqkuptimet dhe sqaron t\u00eb v\u00ebrtetat brenda dhe jasht\u00eb bot\u00ebs islame, si p\u00ebr mysliman\u00ebt ashtu edhe p\u00ebr jomysliman\u00ebt. Dialogu \u00ebsht\u00eb gjuha e t\u00eb arsyetuarve, e t\u00eb men\u00e7urve. N\u00ebse t\u00eb gjith\u00eb e praktikojn\u00eb at\u00eb, ne t\u00eb gjith\u00eb afrohemi dhe kjo qasje largon frik\u00ebn e njer\u00ebzve t\u00eb tjer\u00eb.\u201d<\/span><\/p>\n<p><span style=\"color: #000000;\">M\u00eb pas Al-Issa foli p\u00ebr respektin ndaj musliman\u00ebve n\u00eb mbar\u00eb bot\u00ebn.<\/span><\/p>\n<p><em><span style=\"color: #000000;\">\u201cNe d\u00ebshirojm\u00eb q\u00eb t\u00eb gjith\u00eb t\u00eb jetojn\u00eb me dinjitet, t\u00eb gjitha pakicat. Dhe q\u00eb t\u00eb jen\u00eb t\u00eb integruar mir\u00eb n\u00eb tok\u00ebn ku jetojn\u00eb. Ne gjithashtu shpresojm\u00eb q\u00eb t\u00eb gjitha qeverit\u00eb n\u00eb mbar\u00eb bot\u00ebn t\u00eb respektojn\u00eb t\u00eb drejtat e pakicave dhe specifikat e tyre kulturore, fetare dhe kulturore. Ne nuk pranojm\u00eb q\u00eb asnj\u00eb pakic\u00eb n\u00eb bot\u00eb t\u00eb ofendohet, pavar\u00ebsisht n\u00ebse jan\u00eb musliman\u00eb apo jo.\u201d<\/span><\/em><\/p>\n<p><span style=\"color: #000000;\">N\u00eb fund ai u b\u00ebri thirrje t\u00eb gjitha kombeve q\u00eb t\u00eb kujdesen p\u00ebr refugjat\u00ebt.<\/span><\/p>\n<p><span style=\"color: #000000;\"><em>\u201cRefugjat\u00ebt jan\u00eb viktima dhe duhet t\u00eb kujdesen p\u00ebr ta duke i integruar n\u00eb shoq\u00ebrit\u00eb n\u00eb t\u00eb cilat jetojn\u00eb dhe duke u garantuar t\u00eb drejtat e njeriut n\u00eb vendet ku jan\u00eb strehuar.\u201d<\/em>&#8211; tha ai.<\/span><\/p>\n","protected":false,"gt_translate_keys":[{"key":"rendered","format":"html"}]},"excerpt":{"rendered":"<p>Sekretari i p\u00ebrgjithsh\u00ebm i Lidhjes Bot\u00ebrore Myslimane, Muhamed bin Abdul Karim Al-Issa e ka quajtur sulmin ndaj shkrimtarit Salman Rushdie &#8220;nj\u00eb krim q\u00eb Islami nuk e pranon&#8221;. N\u00eb nj\u00eb intervist\u00eb p\u00ebr Arab News ai tha: \u201cIslami \u00ebsht\u00eb kund\u00ebr dhun\u00ebs dhe nuk mund t\u00eb pranoj\u00eb kurr\u00eb asnj\u00eb metod\u00eb dhune. \u00c7\u00ebshtjet fetare dhe intelektuale, duke p\u00ebrfshir\u00eb frazat [&hellip;]<\/p>\n","protected":false,"gt_translate_keys":[{"key":"rendered","format":"html"}]},"author":30,"featured_media":543567,"comment_status":"closed","ping_status":"closed","sticky":false,"template":"","format":"standard","meta":{"footnotes":""},"categories":[6,13],"tags":[],"class_list":["post-543566","post","type-post","status-publish","format-standard","has-post-thumbnail","hentry","category-nderkombetare","category-te-fundit"],"gt_translate_keys":[{"key":"link","format":"url"}],"_links":{"self":[{"href":"https:\/\/www.hashtag.al\/index.php\/wp-json\/wp\/v2\/posts\/543566","targetHints":{"allow":["GET"]}}],"collection":[{"href":"https:\/\/www.hashtag.al\/index.php\/wp-json\/wp\/v2\/posts"}],"about":[{"href":"https:\/\/www.hashtag.al\/index.php\/wp-json\/wp\/v2\/types\/post"}],"author":[{"embeddable":true,"href":"https:\/\/www.hashtag.al\/index.php\/wp-json\/wp\/v2\/users\/30"}],"replies":[{"embeddable":true,"href":"https:\/\/www.hashtag.al\/index.php\/wp-json\/wp\/v2\/comments?post=543566"}],"version-history":[{"count":0,"href":"https:\/\/www.hashtag.al\/index.php\/wp-json\/wp\/v2\/posts\/543566\/revisions"}],"wp:featuredmedia":[{"embeddable":true,"href":"https:\/\/www.hashtag.al\/index.php\/wp-json\/wp\/v2\/media\/543567"}],"wp:attachment":[{"href":"https:\/\/www.hashtag.al\/index.php\/wp-json\/wp\/v2\/media?parent=543566"}],"wp:term":[{"taxonomy":"category","embeddable":true,"href":"https:\/\/www.hashtag.al\/index.php\/wp-json\/wp\/v2\/categories?post=543566"},{"taxonomy":"post_tag","embeddable":true,"href":"https:\/\/www.hashtag.al\/index.php\/wp-json\/wp\/v2\/tags?post=543566"}],"curies":[{"name":"wp","href":"https:\/\/api.w.org\/{rel}","templated":true}]}}