{"id":543191,"date":"2022-08-21T09:43:54","date_gmt":"2022-08-21T07:43:54","guid":{"rendered":"https:\/\/www.hashtag.al\/?p=543191"},"modified":"2022-08-21T09:43:54","modified_gmt":"2022-08-21T07:43:54","slug":"richard-grenell-per-incidentin-ne-gramsh-mos-e-kruani-me-ushtaraket-shqiptare-tu-jepet-medalje","status":"publish","type":"post","link":"https:\/\/www.hashtag.al\/index.php\/2022\/08\/21\/richard-grenell-per-incidentin-ne-gramsh-mos-e-kruani-me-ushtaraket-shqiptare-tu-jepet-medalje\/","title":{"rendered":"Richard Grenell p\u00ebr incidentin n\u00eb Gramsh: Mos e kruani me ushtarak\u00ebt shqiptar\u00eb, t\u2019u jepet medalje","gt_translate_keys":[{"key":"rendered","format":"text"}]},"content":{"rendered":"<p><span style=\"color: #000000;\"><a href=\"https:\/\/www.hashtag.al\/wp-content\/uploads\/2022\/08\/grenelli.jpg\"><img loading=\"lazy\" decoding=\"async\" class=\"aligncenter size-full wp-image-543192\" src=\"https:\/\/www.hashtag.al\/wp-content\/uploads\/2022\/08\/grenelli.jpg\" alt=\"\" width=\"773\" height=\"437\" srcset=\"https:\/\/www.hashtag.al\/wp-content\/uploads\/2022\/08\/grenelli.jpg 773w, https:\/\/www.hashtag.al\/wp-content\/uploads\/2022\/08\/grenelli-300x170.jpg 300w, https:\/\/www.hashtag.al\/wp-content\/uploads\/2022\/08\/grenelli-768x434.jpg 768w\" sizes=\"auto, (max-width: 773px) 100vw, 773px\" \/><\/a><\/span><\/p>\n<p><span style=\"color: #000000;\">Si p\u00ebr \u00e7do gj\u00eb kur p\u00ebrfshihen fjal\u00ebt \u201crus\u00eb\u201d dhe \u201cspiunazh\u201d nuk mund t\u00eb mungojn\u00eb reagimet nga SHBA-ja.<\/span><\/p>\n<p><span style=\"color: #000000;\">Ish-i d\u00ebrguari special i Sht\u00ebpis\u00eb s\u00eb Bardh\u00eb p\u00ebr dialogun Kosov\u00eb-Serbi, Richard Grenell, ka reaguar lidhur me incidentin e mbr\u00ebmjes s\u00eb kaluar n\u00eb Uzin\u00ebn Ushtarake n\u00eb Gramsh ku u ndaluan dy bloger\u00eb rus\u00eb dhe nj\u00eb ukrainas t\u00eb cil\u00ebt dyshohen se jan\u00eb agjent\u00eb t\u00eb FSB-s\u00eb.<\/span><\/p>\n<p><span style=\"color: #000000;\"><em>\u201cMos e kruani me ushtrin\u00eb shqiptare\u201d<\/em>&#8211; shkruan Grenell nd\u00ebrsa shp\u00ebrndan n\u00eb rrjetet sociale nj\u00eb postim t\u00eb ish-ministrit kosovar Petrit Selimi mbi ngjarjen.<\/span><\/p>\n<p><span style=\"color: #000000;\">M\u00eb pas n\u00eb nj\u00eb postim t\u00eb dyt\u00eb, Grenell thot\u00eb p\u00ebr dy ushtarak\u00ebt e l\u00ebnduar: \u201c<em>Shpresoj t\u00eb marrin medalje. Ata jan\u00eb heronj\u201d.<\/em><\/span><\/p>\n<blockquote class=\"twitter-tweet\">\n<p dir=\"ltr\" lang=\"en\">I hope they get a medal. They are heroes.<\/p>\n<p>\u2014 Richard Grenell (@RichardGrenell) <a href=\"https:\/\/twitter.com\/RichardGrenell\/status\/1561093859895115777?ref_src=twsrc%5Etfw\">August 20, 2022<\/a><\/p><\/blockquote>\n<p><script async src=\"https:\/\/platform.twitter.com\/widgets.js\" charset=\"utf-8\"><\/script><\/p>\n<p><span style=\"color: #000000;\">Dy rus\u00ebt dhe shtetasi ukrainas kan\u00eb th\u00ebn\u00eb para hetuesve shqiptar\u00eb se ata jan\u00eb bloger\u00eb. Dhe rr\u00ebfimi i tyre p\u00ebrputhet me postimet q\u00eb b\u00ebnin n\u00eb rrjetet sociale, ku nuk ishte hera e par\u00eb q\u00eb ata fotografonin objekte ushtarake. Madje ata kishin qen\u00eb n\u00eb Shqip\u00ebri edhe vitin e kaluar.<\/span><\/p>\n","protected":false,"gt_translate_keys":[{"key":"rendered","format":"html"}]},"excerpt":{"rendered":"<p>Si p\u00ebr \u00e7do gj\u00eb kur p\u00ebrfshihen fjal\u00ebt \u201crus\u00eb\u201d dhe \u201cspiunazh\u201d nuk mund t\u00eb mungojn\u00eb reagimet nga SHBA-ja. Ish-i d\u00ebrguari special i Sht\u00ebpis\u00eb s\u00eb Bardh\u00eb p\u00ebr dialogun Kosov\u00eb-Serbi, Richard Grenell, ka reaguar lidhur me incidentin e mbr\u00ebmjes s\u00eb kaluar n\u00eb Uzin\u00ebn Ushtarake n\u00eb Gramsh ku u ndaluan dy bloger\u00eb rus\u00eb dhe nj\u00eb ukrainas t\u00eb cil\u00ebt dyshohen [&hellip;]<\/p>\n","protected":false,"gt_translate_keys":[{"key":"rendered","format":"html"}]},"author":30,"featured_media":543192,"comment_status":"closed","ping_status":"closed","sticky":false,"template":"","format":"standard","meta":{"footnotes":""},"categories":[65,13],"tags":[],"class_list":["post-543191","post","type-post","status-publish","format-standard","has-post-thumbnail","hentry","category-lajme","category-te-fundit"],"gt_translate_keys":[{"key":"link","format":"url"}],"_links":{"self":[{"href":"https:\/\/www.hashtag.al\/index.php\/wp-json\/wp\/v2\/posts\/543191","targetHints":{"allow":["GET"]}}],"collection":[{"href":"https:\/\/www.hashtag.al\/index.php\/wp-json\/wp\/v2\/posts"}],"about":[{"href":"https:\/\/www.hashtag.al\/index.php\/wp-json\/wp\/v2\/types\/post"}],"author":[{"embeddable":true,"href":"https:\/\/www.hashtag.al\/index.php\/wp-json\/wp\/v2\/users\/30"}],"replies":[{"embeddable":true,"href":"https:\/\/www.hashtag.al\/index.php\/wp-json\/wp\/v2\/comments?post=543191"}],"version-history":[{"count":0,"href":"https:\/\/www.hashtag.al\/index.php\/wp-json\/wp\/v2\/posts\/543191\/revisions"}],"wp:featuredmedia":[{"embeddable":true,"href":"https:\/\/www.hashtag.al\/index.php\/wp-json\/wp\/v2\/media\/543192"}],"wp:attachment":[{"href":"https:\/\/www.hashtag.al\/index.php\/wp-json\/wp\/v2\/media?parent=543191"}],"wp:term":[{"taxonomy":"category","embeddable":true,"href":"https:\/\/www.hashtag.al\/index.php\/wp-json\/wp\/v2\/categories?post=543191"},{"taxonomy":"post_tag","embeddable":true,"href":"https:\/\/www.hashtag.al\/index.php\/wp-json\/wp\/v2\/tags?post=543191"}],"curies":[{"name":"wp","href":"https:\/\/api.w.org\/{rel}","templated":true}]}}