{"id":542832,"date":"2022-08-19T14:09:11","date_gmt":"2022-08-19T12:09:11","guid":{"rendered":"https:\/\/www.hashtag.al\/?p=542832"},"modified":"2022-08-19T14:16:15","modified_gmt":"2022-08-19T12:16:15","slug":"meta-te-gjithe-e-dine-fatin-e-nismave-anti-meta-do-ja-fusim-kryeministrit-atje-ku-i-shijon-me-shume","status":"publish","type":"post","link":"https:\/\/www.hashtag.al\/index.php\/2022\/08\/19\/meta-te-gjithe-e-dine-fatin-e-nismave-anti-meta-do-ja-fusim-kryeministrit-atje-ku-i-shijon-me-shume\/","title":{"rendered":"Meta: T\u00eb gjith\u00eb e din\u00eb fatin e nismave anti-Meta, do ja fusim kryeministrit atje ku i shijon m\u00eb shum\u00eb","gt_translate_keys":[{"key":"rendered","format":"text"}]},"content":{"rendered":"<p style=\"text-align: justify;\"><span style=\"color: #000000;\"><a style=\"color: #000000;\" href=\"https:\/\/www.hashtag.al\/wp-content\/uploads\/2022\/08\/lir-meta-1.jpg\"><img loading=\"lazy\" decoding=\"async\" class=\"aligncenter size-full wp-image-542833\" src=\"https:\/\/www.hashtag.al\/wp-content\/uploads\/2022\/08\/lir-meta-1.jpg\" alt=\"\" width=\"949\" height=\"535\" srcset=\"https:\/\/www.hashtag.al\/wp-content\/uploads\/2022\/08\/lir-meta-1.jpg 949w, https:\/\/www.hashtag.al\/wp-content\/uploads\/2022\/08\/lir-meta-1-300x169.jpg 300w, https:\/\/www.hashtag.al\/wp-content\/uploads\/2022\/08\/lir-meta-1-768x433.jpg 768w\" sizes=\"auto, (max-width: 949px) 100vw, 949px\" \/><\/a><\/span><\/p>\n<p style=\"text-align: justify;\"><span style=\"color: #000000;\">Kreu i Partis\u00eb s\u00eb Liris\u00eb, Ilir Meta n\u00eb nj\u00eb komunikim me gazetar\u00eb nga selia e partis\u00eb ka komentuar projektligjin p\u00ebr ish-spiun\u00ebt t\u00eb qeveris\u00eb socialiste.<\/span><\/p>\n<p style=\"text-align: justify;\"><span style=\"color: #000000;\">Ish-Presidenti e ka ironizuar duke th\u00ebn\u00eb se \u201ct\u00eb gjith\u00eb e dit\u00ebn fatin e nismave anti-Meta\u201d.<\/span><\/p>\n<p style=\"text-align: justify;\"><span style=\"color: #000000;\">Meta m\u00eb tej ka vijuar sulmin ndaj Ram\u00ebs duke th\u00ebn\u00eb se me k\u00ebt\u00eb nism\u00eb p\u00ebrshpejtohet r\u00ebnia e lir\u00eb e kryeministrit.<\/span><\/p>\n<p style=\"text-align: justify;\"><span style=\"color: #000000;\">\u201c<em>E dini fatin e t\u00eb gjith\u00eb nismave anti-Meta. E din\u00eb t\u00eb gjith\u00eb! M\u00eb arg\u00ebton kjo nism\u00eb e re. P\u00ebr arsye se jo vet\u00ebm q\u00eb e ndihmon dhe p\u00ebrshpejton r\u00ebnien e lir\u00eb t\u00eb kryeministrit aktual dhe n\u00eb largim p\u00ebr t\u00eb ecur edhe m\u00eb tej drejt fundit t\u00eb merituar, por shum\u00eb t\u00eb vonuar p\u00ebr arsye t\u00eb cilat ju i dini shum\u00eb mir\u00eb. se para nj\u00eb viti ai kontrollonte t\u00ebr\u00ebsisht opozit\u00ebn n\u00eb vend. Ne do ia japim k\u00ebnaq\u00ebsin\u00eb q\u00eb ta b\u00ebjn\u00eb dhe do ia fusim atje ku i shijon m\u00eb shum\u00eb. Ajo q\u00eb nuk shmang dot, \u00ebsht\u00eb se ai do t\u00eb p\u00ebrgjigjet sipas ligjeve q\u00eb ka b\u00ebr\u00eb vet\u00eb. Sipas gj\u00ebrave q\u00eb ka b\u00ebr\u00eb vet\u00eb. Jemi bazuar mbi faktet ku ai \u00ebsht\u00eb i p\u00ebrfshir\u00eb, do i shkojm\u00eb deri n\u00eb fund t\u00eb gjithave. K\u00ebtyre parrudhave; le t\u00eb vazhdojn\u00eb, e dim\u00eb. Ka pasur burra t\u00eb tjer\u00eb q\u00eb b\u00ebnin edhe si Ismail Qemali<\/em>.\u201d, tha Meta.<\/span><\/p>\n<p><iframe loading=\"lazy\" title=\"YouTube video player\" src=\"https:\/\/www.youtube.com\/embed\/FsiMmQToSDA?start=505\" width=\"560\" height=\"315\" frameborder=\"0\" allowfullscreen=\"allowfullscreen\"><\/iframe><\/p>\n","protected":false,"gt_translate_keys":[{"key":"rendered","format":"html"}]},"excerpt":{"rendered":"<p>Kreu i Partis\u00eb s\u00eb Liris\u00eb, Ilir Meta n\u00eb nj\u00eb komunikim me gazetar\u00eb nga selia e partis\u00eb ka komentuar projektligjin p\u00ebr ish-spiun\u00ebt t\u00eb qeveris\u00eb socialiste. Ish-Presidenti e ka ironizuar duke th\u00ebn\u00eb se \u201ct\u00eb gjith\u00eb e dit\u00ebn fatin e nismave anti-Meta\u201d. Meta m\u00eb tej ka vijuar sulmin ndaj Ram\u00ebs duke th\u00ebn\u00eb se me k\u00ebt\u00eb nism\u00eb p\u00ebrshpejtohet r\u00ebnia [&hellip;]<\/p>\n","protected":false,"gt_translate_keys":[{"key":"rendered","format":"html"}]},"author":32,"featured_media":542833,"comment_status":"closed","ping_status":"closed","sticky":false,"template":"","format":"standard","meta":{"footnotes":""},"categories":[65,13],"tags":[],"class_list":["post-542832","post","type-post","status-publish","format-standard","has-post-thumbnail","hentry","category-lajme","category-te-fundit"],"gt_translate_keys":[{"key":"link","format":"url"}],"_links":{"self":[{"href":"https:\/\/www.hashtag.al\/index.php\/wp-json\/wp\/v2\/posts\/542832","targetHints":{"allow":["GET"]}}],"collection":[{"href":"https:\/\/www.hashtag.al\/index.php\/wp-json\/wp\/v2\/posts"}],"about":[{"href":"https:\/\/www.hashtag.al\/index.php\/wp-json\/wp\/v2\/types\/post"}],"author":[{"embeddable":true,"href":"https:\/\/www.hashtag.al\/index.php\/wp-json\/wp\/v2\/users\/32"}],"replies":[{"embeddable":true,"href":"https:\/\/www.hashtag.al\/index.php\/wp-json\/wp\/v2\/comments?post=542832"}],"version-history":[{"count":0,"href":"https:\/\/www.hashtag.al\/index.php\/wp-json\/wp\/v2\/posts\/542832\/revisions"}],"wp:featuredmedia":[{"embeddable":true,"href":"https:\/\/www.hashtag.al\/index.php\/wp-json\/wp\/v2\/media\/542833"}],"wp:attachment":[{"href":"https:\/\/www.hashtag.al\/index.php\/wp-json\/wp\/v2\/media?parent=542832"}],"wp:term":[{"taxonomy":"category","embeddable":true,"href":"https:\/\/www.hashtag.al\/index.php\/wp-json\/wp\/v2\/categories?post=542832"},{"taxonomy":"post_tag","embeddable":true,"href":"https:\/\/www.hashtag.al\/index.php\/wp-json\/wp\/v2\/tags?post=542832"}],"curies":[{"name":"wp","href":"https:\/\/api.w.org\/{rel}","templated":true}]}}