{"id":542804,"date":"2022-08-19T11:36:59","date_gmt":"2022-08-19T09:36:59","guid":{"rendered":"https:\/\/www.hashtag.al\/?p=542804"},"modified":"2022-08-19T11:36:59","modified_gmt":"2022-08-19T09:36:59","slug":"pd-i-drejton-5-pyetjet-spak-moren-30-mln-euro-nga-shteti-per-inceneratorin-e-fierit-kompania-italiane-ia-ndertoi-me-gjysmen-e-cmimit","status":"publish","type":"post","link":"https:\/\/www.hashtag.al\/index.php\/2022\/08\/19\/pd-i-drejton-5-pyetjet-spak-moren-30-mln-euro-nga-shteti-per-inceneratorin-e-fierit-kompania-italiane-ia-ndertoi-me-gjysmen-e-cmimit\/","title":{"rendered":"PD i drejton 5 pyetjet SPAK: Mor\u00ebn 30 mln euro nga shteti p\u00ebr inceneratorin e Fierit, kompania italiane ia nd\u00ebrtoi me gjysm\u00ebn e \u00e7mimit","gt_translate_keys":[{"key":"rendered","format":"text"}]},"content":{"rendered":"<p><span style=\"color: #000000;\"><a href=\"https:\/\/www.hashtag.al\/wp-content\/uploads\/2022\/08\/silvi-bardhi-kordinatore-per-mediat.jpeg\"><img loading=\"lazy\" decoding=\"async\" class=\"aligncenter size-full wp-image-542805\" src=\"https:\/\/www.hashtag.al\/wp-content\/uploads\/2022\/08\/silvi-bardhi-kordinatore-per-mediat.jpeg\" alt=\"\" width=\"768\" height=\"511\" srcset=\"https:\/\/www.hashtag.al\/wp-content\/uploads\/2022\/08\/silvi-bardhi-kordinatore-per-mediat.jpeg 768w, https:\/\/www.hashtag.al\/wp-content\/uploads\/2022\/08\/silvi-bardhi-kordinatore-per-mediat-300x200.jpeg 300w\" sizes=\"auto, (max-width: 768px) 100vw, 768px\" \/><\/a><\/span><\/p>\n<p><span style=\"color: #000000;\">Partia Demokratike i ka drejtuar dit\u00ebn e sotme pes\u00eb pyetje publike SPAK-ut, publikisht lidhur me afer\u00ebn e incenerator\u00ebve.<\/span><\/p>\n<p><span style=\"color: #000000;\">\u00a0N\u00eb nj\u00eb deklarat\u00eb p\u00ebr mediat, Koordinatorja p\u00ebr Median dhe Komunikimin n\u00eb PD, Silvi Bardhi tha se n\u00eb vitin 2016, \u201cnonat\u201d e incenerator\u00ebve mor\u00ebn 30 mln euro nga Ministria e Mjedisit p\u00ebr t\u00eb nd\u00ebrtuar impiantin n\u00eb Fier.<\/span><\/p>\n<p><span style=\"color: #000000;\">\u201cVet\u00ebm me nj\u00eb foto, sot do t\u00eb tregojm\u00eb disa aspekte skandaloze t\u00eb afer\u00ebs s\u00eb Inceneratorit t\u00eb Fierit, &#8211; tha Bardhi.<\/span><\/p>\n<p><span style=\"color: #000000;\"><strong>Deklarata e plot\u00eb:<\/strong><\/span><\/p>\n<p><span style=\"color: #000000;\">Si\u00e7 mund t\u00eb jeni n\u00eb dijeni, kontrata p\u00ebr Inceneratorin e Fierit \u00ebsht\u00eb firmosur nga Ministri i Mjedisit, ndon\u00ebse nuk kishte asnj\u00eb lek n\u00eb buxhet dhe u p\u00ebrdor Fondi i Emergjencave i Kryeministrit.<\/span><\/p>\n<p><span style=\"color: #000000;\">Nuk u n\u00ebnshkrua as nga Kryeministri q\u00eb dha parat\u00eb e as nga Bashkia q\u00eb do t\u00eb merrte sh\u00ebrbimin. Si\u00e7 mund t\u00eb jeni n\u00eb dijeni, kjo kontrat\u00eb nuk ka kaluar me VKM dhe nuk \u00ebsht\u00eb botuar n\u00eb Fletoren Zyrtare.<\/span><\/p>\n<p><span style=\"color: #000000;\">P\u00ebrse kjo gj\u00eb?- Do t\u00eb \u00e7uditej shum\u00ebkush. Sepse kontrata ka thagma t\u00eb tjera q\u00eb do t\u00eb shohim n\u00eb jav\u00ebt n\u00eb vijim. Sot do t\u00eb merremi vet\u00ebm me nj\u00eb faqe t\u00eb kontrat\u00ebs siguruese.<\/span><\/p>\n<p><span style=\"color: #000000;\">\u201cNonat e incenerator\u00ebve\u201d mor\u00ebn kontrat\u00eb 30 milion euroshe me Ministrin\u00eb e Mjedisit m\u00eb 24 tetor 2016 dhe vet\u00ebm dy jav\u00eb m\u00eb pas, 10 n\u00ebntor 2016, gjet\u00ebn nj\u00eb italian q\u00eb t\u2019ia nd\u00ebrtoj\u00eb me \u00e7el\u00ebsa n\u00eb dor\u00eb p\u00ebr 15 milion\u00eb, duke p\u00ebrlar\u00eb n\u00eb k\u00ebt\u00eb m\u00ebnyr\u00eb plot 15 milion euro t\u00eb parave publike!<\/span><\/p>\n<p><span style=\"color: #000000;\">Nuk ka investuar asgj\u00eb, asnj\u00eb lopat\u00eb, por mor\u00ebn 15 milion\u00eb euro para publike.<\/span><\/p>\n<p><span style=\"color: #000000;\">Kan\u00eb lidhur nj\u00eb kontrat\u00eb siguruese me nj\u00eb bank\u00eb duke mos l\u00ebn\u00eb kolateral asnj\u00eb lek, asnj\u00eb investim, vet\u00ebm kontrat\u00ebn me Ministrin\u00eb e Mjedisit dhe tok\u00ebn publike! Kjo nuk do t\u00eb ishte e mundur pa Edi Ram\u00ebn!<\/span><\/p>\n<p><span style=\"color: #000000;\">Disa pyetje t\u00eb thjeshta:<\/span><\/p>\n<p><span style=\"color: #000000;\">K\u00ebta q\u00eb nuk kishin asnj\u00eb investim, ishin kompania me eksperienc\u00eb q\u00eb duhej t\u2019u jepeshin 30 milion\u00eb euro para publike?<\/span><\/p>\n<p><span style=\"color: #000000;\">P\u00ebrse u shkel ligji i autonomis\u00eb s\u00eb pushtetit vendor?<\/span><\/p>\n<p><span style=\"color: #000000;\">N\u00ebse duhej incenerator n\u00eb Fier, p\u00ebrse t\u00eb mos e b\u00ebnte bashkia tenderin dhe kurseheshin 15 milion\u00eb euro?<\/span><\/p>\n<p><span style=\"color: #000000;\">P\u00ebrse u nd\u00ebrrua 3 her\u00eb vendi i Inceneratorit t\u00eb Fierit dhe madje u zgjodh nj\u00eb vend tjet\u00ebr nga ato 10 q\u00eb propozoi Komisioni i ngritur nga bashkia Fier?<\/span><\/p>\n<p><span style=\"color: #000000;\">Kush i grabiti, apo m\u00eb mir\u00eb mes kujt u ndan\u00eb 15 milion\u00eb euro para publike?<\/span><\/p>\n<p><span style=\"color: #000000;\">Ne themi se u ndan\u00eb mes Rama &#8211; Ahmetaj &#8211; Aga\u00e7i dhe sekser\u00ebve t\u00eb tyre Zoto, M\u00ebrtiri etj.<\/span><\/p>\n<p><span style=\"color: #000000;\">Kush mund t\u00eb ishte tjet\u00ebr? Po ju t\u00eb nderuar shqiptare, si mendoni?\u201d<\/span><\/p>\n<p><iframe loading=\"lazy\" style=\"border: none; overflow: hidden;\" src=\"https:\/\/www.facebook.com\/plugins\/video.php?href=https%3A%2F%2Fwww.facebook.com%2FSaliBerisha%2Fvideos%2F805448834168839%2F&amp;show_text=0&amp;width=560\" width=\"560\" height=\"315\" frameborder=\"0\" scrolling=\"no\" allowfullscreen=\"allowfullscreen\"><\/iframe><\/p>\n","protected":false,"gt_translate_keys":[{"key":"rendered","format":"html"}]},"excerpt":{"rendered":"<p>Partia Demokratike i ka drejtuar dit\u00ebn e sotme pes\u00eb pyetje publike SPAK-ut, publikisht lidhur me afer\u00ebn e incenerator\u00ebve. \u00a0N\u00eb nj\u00eb deklarat\u00eb p\u00ebr mediat, Koordinatorja p\u00ebr Median dhe Komunikimin n\u00eb PD, Silvi Bardhi tha se n\u00eb vitin 2016, \u201cnonat\u201d e incenerator\u00ebve mor\u00ebn 30 mln euro nga Ministria e Mjedisit p\u00ebr t\u00eb nd\u00ebrtuar impiantin n\u00eb Fier. \u201cVet\u00ebm [&hellip;]<\/p>\n","protected":false,"gt_translate_keys":[{"key":"rendered","format":"html"}]},"author":32,"featured_media":542805,"comment_status":"closed","ping_status":"closed","sticky":false,"template":"","format":"standard","meta":{"footnotes":""},"categories":[65,13],"tags":[],"class_list":["post-542804","post","type-post","status-publish","format-standard","has-post-thumbnail","hentry","category-lajme","category-te-fundit"],"gt_translate_keys":[{"key":"link","format":"url"}],"_links":{"self":[{"href":"https:\/\/www.hashtag.al\/index.php\/wp-json\/wp\/v2\/posts\/542804","targetHints":{"allow":["GET"]}}],"collection":[{"href":"https:\/\/www.hashtag.al\/index.php\/wp-json\/wp\/v2\/posts"}],"about":[{"href":"https:\/\/www.hashtag.al\/index.php\/wp-json\/wp\/v2\/types\/post"}],"author":[{"embeddable":true,"href":"https:\/\/www.hashtag.al\/index.php\/wp-json\/wp\/v2\/users\/32"}],"replies":[{"embeddable":true,"href":"https:\/\/www.hashtag.al\/index.php\/wp-json\/wp\/v2\/comments?post=542804"}],"version-history":[{"count":0,"href":"https:\/\/www.hashtag.al\/index.php\/wp-json\/wp\/v2\/posts\/542804\/revisions"}],"wp:featuredmedia":[{"embeddable":true,"href":"https:\/\/www.hashtag.al\/index.php\/wp-json\/wp\/v2\/media\/542805"}],"wp:attachment":[{"href":"https:\/\/www.hashtag.al\/index.php\/wp-json\/wp\/v2\/media?parent=542804"}],"wp:term":[{"taxonomy":"category","embeddable":true,"href":"https:\/\/www.hashtag.al\/index.php\/wp-json\/wp\/v2\/categories?post=542804"},{"taxonomy":"post_tag","embeddable":true,"href":"https:\/\/www.hashtag.al\/index.php\/wp-json\/wp\/v2\/tags?post=542804"}],"curies":[{"name":"wp","href":"https:\/\/api.w.org\/{rel}","templated":true}]}}