{"id":542765,"date":"2022-08-18T23:40:12","date_gmt":"2022-08-18T21:40:12","guid":{"rendered":"https:\/\/www.hashtag.al\/?p=542765"},"modified":"2022-08-18T23:40:12","modified_gmt":"2022-08-18T21:40:12","slug":"abazovic-perballet-me-mocion-votebesimi-ne-malin-e-zi-i-gatshem-per-te-formuar-qeveri-teknike","status":"publish","type":"post","link":"https:\/\/www.hashtag.al\/index.php\/2022\/08\/18\/abazovic-perballet-me-mocion-votebesimi-ne-malin-e-zi-i-gatshem-per-te-formuar-qeveri-teknike\/","title":{"rendered":"Abazovi\u00e7 p\u00ebrballet me mocion vot\u00ebbesimi n\u00eb Malin e Zi, i gatsh\u00ebm p\u00ebr t\u00eb formuar qeveri teknike","gt_translate_keys":[{"key":"rendered","format":"text"}]},"content":{"rendered":"<p style=\"text-align: justify;\"><span style=\"color: #000000;\"><a style=\"color: #000000;\" href=\"https:\/\/www.hashtag.al\/wp-content\/uploads\/2022\/04\/abazovic.jpg\"><img loading=\"lazy\" decoding=\"async\" class=\"aligncenter size-full wp-image-520590\" src=\"https:\/\/www.hashtag.al\/wp-content\/uploads\/2022\/04\/abazovic.jpg\" alt=\"\" width=\"600\" height=\"360\" srcset=\"https:\/\/www.hashtag.al\/wp-content\/uploads\/2022\/04\/abazovic.jpg 600w, https:\/\/www.hashtag.al\/wp-content\/uploads\/2022\/04\/abazovic-300x180.jpg 300w\" sizes=\"auto, (max-width: 600px) 100vw, 600px\" \/><\/a><\/span><\/p>\n<p style=\"text-align: justify;\"><span style=\"color: #000000;\">Kryeministri i Malit t\u00eb Zi,\u00a0 Dritan Abazovi\u00e7, ka th\u00ebn\u00eb se \u00ebsht\u00eb i gatsh\u00ebm ta formoj\u00eb nj\u00eb qeveri teknike. K\u00ebt\u00eb deklarat\u00eb Abazovi\u00e7 e ka dh\u00ebn\u00eb nj\u00eb dit\u00eb para se t\u00eb shkoj\u00eb n\u00eb Kuvendin e Malit t\u00eb Zi mocioni i vot\u00ebbesimit kund\u00ebr tij.<\/span><\/p>\n<p style=\"text-align: justify;\"><span style=\"color: #000000;\">Kryeministri i Malit t\u00eb Zi, Dritan Abazovi\u00e7, n\u00eb nj\u00eb prononcim p\u00ebr televizionin malazez, Adria ka th\u00ebn\u00eb se \u00ebsht\u00eb i gatsh\u00ebm ta formoj\u00eb nj\u00eb qeveri teknike.<\/span><\/p>\n<p style=\"text-align: justify;\"><span style=\"color: #000000;\">Abazovi\u00e7, ka th\u00ebn\u00eb se votimi pro mocionit t\u00eb mosbesimit kund\u00ebr tij, \u00ebsht\u00eb legjitim por nj\u00ebkoh\u00ebsisht edhe i \u00e7uditsh\u00ebm.<\/span><\/p>\n<p style=\"text-align: justify;\"><span style=\"color: #000000;\">\u201cN\u00ebse kjo ndodh, nuk do ta konsideroj si di\u00e7ka jo legjitime nga p\u00ebrfaq\u00ebsuesit e tyre. Megjithat\u00eb, mendoj se do t\u00eb ishte paksa e \u00e7uditshme, ve\u00e7an\u00ebrisht n\u00ebse do t\u00eb vinte si reagim ndaj n\u00ebnshkrimit t\u00eb Marr\u00ebveshjes Themeltare\u201d.<\/span><\/p>\n<p style=\"text-align: justify;\"><span style=\"color: #000000;\">Abazovi\u00e7, tha se nuk po ik\u00eb nga zgjedhjet, por po i pret me padurim dhe thekson se qeveria e pakic\u00ebs me t\u00eb si kryeminist\u00ebr ishte em\u00ebruar maksimumi p\u00ebr nj\u00eb vit dhe jo m\u00eb shum\u00eb.<\/span><\/p>\n<p style=\"text-align: justify;\"><span style=\"color: #000000;\">\u201cNe nuk po ikim nga zgjedhjet \u2013 mezi presim zgjedhjet. N\u00eb zgjedhje qytetar\u00ebt e Malit t\u00eb Zi duhet t\u00eb legjitimojn\u00eb nj\u00eb shumic\u00eb t\u00eb re dhe nj\u00eb qeveri q\u00eb shpresojm\u00eb se do t\u00eb funksionoj\u00eb p\u00ebr kat\u00ebr vjet\u201d, tha Abazovi\u00e7.<\/span><\/p>\n<p style=\"text-align: justify;\"><span style=\"color: #000000;\">Ai theksoi se nuk sheh ndonj\u00eb problem rind\u00ebrtimin e qeveris\u00eb dhe se \u00ebsht\u00eb i gatsh\u00ebm q\u00eb t\u00eb ulet dhe t\u00eb diskutoj\u00eb p\u00ebr nj\u00eb qeveri teknike dhe p\u00ebr zgjedhjet e ardhshme.<\/span><\/p>\n<p style=\"text-align: justify;\"><span style=\"color: #000000;\">\u201cPra, kjo vlen n\u00ebse qeveria nuk bie dhe ne jemi gati, nuk duhet t\u00eb presim as t\u00eb h\u00ebn\u00ebn, mund t\u00eb ulemi t\u00eb shtun\u00ebn dhe t\u00eb shohim se si mund t\u00eb b\u00ebjm\u00eb shumic\u00ebn q\u00eb mund ta \u00e7oj\u00eb vendin drejt procesit zgjedhor. Kjo do t\u00eb thoshte se do t\u00eb krijohej nj\u00eb qeveri teknike q\u00eb nuk do t\u00eb kishte program p\u00ebrpos detyr\u00ebn kryesore, zhvillimin e zgjedhjeve\u201d, ka th\u00ebn\u00eb ai.<\/span><\/p>\n<p style=\"text-align: justify;\"><span style=\"color: #000000;\">T\u00eb premten e 19 gushtit, Kuvendi i Malit t\u00eb Zi do t\u00eb diskutoj\u00eb mocionin e mosbesimit ndaj qeveris\u00eb s\u00eb udh\u00ebhequr nga kryeministri, Dritan Abazovi\u00e7.<\/span><\/p>\n<p style=\"text-align: justify;\"><span style=\"color: #000000;\">Kjo nism\u00eb p\u00ebr thirrjen e mocionit \u00ebsht\u00eb e Partis\u00eb Demokratike Socialiste(PDS) t\u00eb presidentit Millo Gjukanovi\u00e7, mb\u00ebshtetur nga pes\u00eb parti.<\/span><\/p>\n<p style=\"text-align: justify;\">\n","protected":false,"gt_translate_keys":[{"key":"rendered","format":"html"}]},"excerpt":{"rendered":"<p>Kryeministri i Malit t\u00eb Zi,\u00a0 Dritan Abazovi\u00e7, ka th\u00ebn\u00eb se \u00ebsht\u00eb i gatsh\u00ebm ta formoj\u00eb nj\u00eb qeveri teknike. K\u00ebt\u00eb deklarat\u00eb Abazovi\u00e7 e ka dh\u00ebn\u00eb nj\u00eb dit\u00eb para se t\u00eb shkoj\u00eb n\u00eb Kuvendin e Malit t\u00eb Zi mocioni i vot\u00ebbesimit kund\u00ebr tij. Kryeministri i Malit t\u00eb Zi, Dritan Abazovi\u00e7, n\u00eb nj\u00eb prononcim p\u00ebr televizionin malazez, Adria [&hellip;]<\/p>\n","protected":false,"gt_translate_keys":[{"key":"rendered","format":"html"}]},"author":32,"featured_media":439667,"comment_status":"closed","ping_status":"closed","sticky":false,"template":"","format":"standard","meta":{"footnotes":""},"categories":[149,13],"tags":[],"class_list":["post-542765","post","type-post","status-publish","format-standard","has-post-thumbnail","hentry","category-kosoverajon","category-te-fundit"],"gt_translate_keys":[{"key":"link","format":"url"}],"_links":{"self":[{"href":"https:\/\/www.hashtag.al\/index.php\/wp-json\/wp\/v2\/posts\/542765","targetHints":{"allow":["GET"]}}],"collection":[{"href":"https:\/\/www.hashtag.al\/index.php\/wp-json\/wp\/v2\/posts"}],"about":[{"href":"https:\/\/www.hashtag.al\/index.php\/wp-json\/wp\/v2\/types\/post"}],"author":[{"embeddable":true,"href":"https:\/\/www.hashtag.al\/index.php\/wp-json\/wp\/v2\/users\/32"}],"replies":[{"embeddable":true,"href":"https:\/\/www.hashtag.al\/index.php\/wp-json\/wp\/v2\/comments?post=542765"}],"version-history":[{"count":0,"href":"https:\/\/www.hashtag.al\/index.php\/wp-json\/wp\/v2\/posts\/542765\/revisions"}],"wp:featuredmedia":[{"embeddable":true,"href":"https:\/\/www.hashtag.al\/index.php\/wp-json\/wp\/v2\/media\/439667"}],"wp:attachment":[{"href":"https:\/\/www.hashtag.al\/index.php\/wp-json\/wp\/v2\/media?parent=542765"}],"wp:term":[{"taxonomy":"category","embeddable":true,"href":"https:\/\/www.hashtag.al\/index.php\/wp-json\/wp\/v2\/categories?post=542765"},{"taxonomy":"post_tag","embeddable":true,"href":"https:\/\/www.hashtag.al\/index.php\/wp-json\/wp\/v2\/tags?post=542765"}],"curies":[{"name":"wp","href":"https:\/\/api.w.org\/{rel}","templated":true}]}}