{"id":542310,"date":"2022-08-16T20:31:58","date_gmt":"2022-08-16T18:31:58","guid":{"rendered":"https:\/\/www.hashtag.al\/?p=542310"},"modified":"2022-08-16T20:32:37","modified_gmt":"2022-08-16T18:32:37","slug":"meta-tjetersimi-i-sheshit-te-flamurit-ne-vlore-eshte-sulm-kunder-kultures","status":"publish","type":"post","link":"https:\/\/www.hashtag.al\/index.php\/2022\/08\/16\/meta-tjetersimi-i-sheshit-te-flamurit-ne-vlore-eshte-sulm-kunder-kultures\/","title":{"rendered":"Meta: Tjet\u00ebrsimi i sheshit t\u00eb flamurit n\u00eb Vlor\u00eb \u00ebsht\u00eb sulm kund\u00ebr kultur\u00ebs","gt_translate_keys":[{"key":"rendered","format":"text"}]},"content":{"rendered":"<p style=\"text-align: justify;\"><span style=\"color: #000000;\"><a style=\"color: #000000;\" href=\"https:\/\/www.hashtag.al\/wp-content\/uploads\/2022\/08\/meta-vlore.jpg\"><img loading=\"lazy\" decoding=\"async\" class=\"aligncenter size-full wp-image-542303\" src=\"https:\/\/www.hashtag.al\/wp-content\/uploads\/2022\/08\/meta-vlore.jpg\" alt=\"\" width=\"780\" height=\"440\" srcset=\"https:\/\/www.hashtag.al\/wp-content\/uploads\/2022\/08\/meta-vlore.jpg 780w, https:\/\/www.hashtag.al\/wp-content\/uploads\/2022\/08\/meta-vlore-300x169.jpg 300w, https:\/\/www.hashtag.al\/wp-content\/uploads\/2022\/08\/meta-vlore-768x433.jpg 768w\" sizes=\"auto, (max-width: 780px) 100vw, 780px\" \/><\/a><\/span><\/p>\n<p style=\"text-align: justify;\"><span style=\"color: #000000;\">Kryetari i Partis\u00eb s\u00eb Liris\u00eb, Ilir Meta denoncoi nga Vlora punimet p\u00ebr sheshin e flamurit n\u00eb k\u00ebt\u00eb qytet duke th\u00ebn\u00eb \u00ebsht\u00eb tjet\u00ebrsuar duke e cil\u00ebsuar sulm kund\u00ebr kultur\u00ebs.<\/span><\/p>\n<p style=\"text-align: justify;\"><span style=\"color: #000000;\">Sipas Met\u00ebs k\u00ebto jan\u00eb akte t\u00eb q\u00ebllimshme p\u00ebr t\u00eb vrar\u00eb ndjenj\u00ebn komb\u00ebtare dhe p\u00ebr t\u00eb zhb\u00ebr\u00eb vendin dhe kombin.<\/span><\/p>\n<p style=\"text-align: justify;\"><span style=\"color: #000000;\"><em>\u201cRasti i tjet\u00ebrsimit t\u00eb sheshit te flamurit \u00ebsht\u00eb sulm kund\u00ebr kultur\u00ebs. \u00cbsht\u00eb sheshi i shqiptar\u00ebve dhe kombit ton\u00eb. K\u00ebto jan\u00eb akte t\u00eb q\u00ebllimshme p\u00ebr t\u00eb vrar\u00eb ndjenj\u00ebn komb\u00ebtare. Krenarin\u00eb p\u00ebr historin\u00eb dhe identitetin ton\u00eb. P\u00ebr t\u00eb zhb\u00ebr\u00eb vendin dhe kombin ton\u00eb.<\/em><\/span><\/p>\n<p style=\"text-align: justify;\"><span style=\"color: #000000;\"><em>\u00a0Nuk ka Vlor\u00eb pa vlonjat\u00ebt. Sado t\u00eb vijn\u00eb edhe nga Bangladeshi. Nuk do na \u00e7ojn\u00eb ata n\u00eb Europ\u00eb. Kam nj\u00eb apel p\u00ebr t\u00eb gjith\u00eb ju. P\u00ebr t\u00eb gjith\u00eb vlonjat\u00ebt. T\u00eb bashkohemi q\u00eb t\u2019u tregojm\u00eb t\u00eb gjith\u00ebve se kush nuk d\u00ebgjon shqiptar\u00ebt. Kush nuk d\u00ebgjon vlonjat\u00ebt dhe Vlor\u00ebn i ka b\u00ebr\u00eb llogarit\u00eb shum\u00eb keq. Vlora nuk mund t\u00eb pranoj\u00eb q\u00eb askush t\u00eb sillet si pushtues k\u00ebtu.<\/em><\/span><\/p>\n<p style=\"text-align: justify;\"><span style=\"color: #000000;\"><em>T\u00eb cenoj\u00eb interesat e vlonjat\u00ebve dhe interesat mbar\u00ebkomb\u00ebtare. Apo t\u00eb rr\u00ebmbej\u00eb asetet e Vlor\u00ebs duke d\u00ebmtuar interesat publik\u00eb. P\u00ebr \u00e7do investim publik q\u00eb b\u00ebhet ka nj\u00eb detyrim p\u00ebr konsultim publik. Jo p\u00ebr investime madhore ku tjet\u00ebrsohen porte dhe qytetar\u00ebt e Vlor\u00ebs i m\u00ebsojn\u00eb nga televizori. Kjo histori do t\u00eb marr\u00eb fund dhe ka marr\u00eb fund nj\u00ebher\u00eb e p\u00ebrgjithmon\u00eb\u201d-<\/em>u shpreh Meta.<\/span><\/p>\n<p style=\"text-align: justify;\">\n","protected":false,"gt_translate_keys":[{"key":"rendered","format":"html"}]},"excerpt":{"rendered":"<p>Kryetari i Partis\u00eb s\u00eb Liris\u00eb, Ilir Meta denoncoi nga Vlora punimet p\u00ebr sheshin e flamurit n\u00eb k\u00ebt\u00eb qytet duke th\u00ebn\u00eb \u00ebsht\u00eb tjet\u00ebrsuar duke e cil\u00ebsuar sulm kund\u00ebr kultur\u00ebs. Sipas Met\u00ebs k\u00ebto jan\u00eb akte t\u00eb q\u00ebllimshme p\u00ebr t\u00eb vrar\u00eb ndjenj\u00ebn komb\u00ebtare dhe p\u00ebr t\u00eb zhb\u00ebr\u00eb vendin dhe kombin. \u201cRasti i tjet\u00ebrsimit t\u00eb sheshit te flamurit \u00ebsht\u00eb [&hellip;]<\/p>\n","protected":false,"gt_translate_keys":[{"key":"rendered","format":"html"}]},"author":32,"featured_media":542303,"comment_status":"closed","ping_status":"closed","sticky":false,"template":"","format":"standard","meta":{"footnotes":""},"categories":[65,13],"tags":[],"class_list":["post-542310","post","type-post","status-publish","format-standard","has-post-thumbnail","hentry","category-lajme","category-te-fundit"],"gt_translate_keys":[{"key":"link","format":"url"}],"_links":{"self":[{"href":"https:\/\/www.hashtag.al\/index.php\/wp-json\/wp\/v2\/posts\/542310","targetHints":{"allow":["GET"]}}],"collection":[{"href":"https:\/\/www.hashtag.al\/index.php\/wp-json\/wp\/v2\/posts"}],"about":[{"href":"https:\/\/www.hashtag.al\/index.php\/wp-json\/wp\/v2\/types\/post"}],"author":[{"embeddable":true,"href":"https:\/\/www.hashtag.al\/index.php\/wp-json\/wp\/v2\/users\/32"}],"replies":[{"embeddable":true,"href":"https:\/\/www.hashtag.al\/index.php\/wp-json\/wp\/v2\/comments?post=542310"}],"version-history":[{"count":0,"href":"https:\/\/www.hashtag.al\/index.php\/wp-json\/wp\/v2\/posts\/542310\/revisions"}],"wp:featuredmedia":[{"embeddable":true,"href":"https:\/\/www.hashtag.al\/index.php\/wp-json\/wp\/v2\/media\/542303"}],"wp:attachment":[{"href":"https:\/\/www.hashtag.al\/index.php\/wp-json\/wp\/v2\/media?parent=542310"}],"wp:term":[{"taxonomy":"category","embeddable":true,"href":"https:\/\/www.hashtag.al\/index.php\/wp-json\/wp\/v2\/categories?post=542310"},{"taxonomy":"post_tag","embeddable":true,"href":"https:\/\/www.hashtag.al\/index.php\/wp-json\/wp\/v2\/tags?post=542310"}],"curies":[{"name":"wp","href":"https:\/\/api.w.org\/{rel}","templated":true}]}}