{"id":542241,"date":"2022-08-16T14:08:33","date_gmt":"2022-08-16T12:08:33","guid":{"rendered":"https:\/\/www.hashtag.al\/?p=542241"},"modified":"2022-08-16T14:08:33","modified_gmt":"2022-08-16T12:08:33","slug":"kanosi-efektivin-teksa-kryente-detyren-38-vjecarit-ne-gjirokaster-i-gjendet-nje-thike-gjate-arrestimit","status":"publish","type":"post","link":"https:\/\/www.hashtag.al\/index.php\/2022\/08\/16\/kanosi-efektivin-teksa-kryente-detyren-38-vjecarit-ne-gjirokaster-i-gjendet-nje-thike-gjate-arrestimit\/","title":{"rendered":"Kanosi efektivin teksa kryente detyr\u00ebn, 38-vje\u00e7arit n\u00eb Gjirokast\u00ebr i gjendet nj\u00eb thik\u00eb gjat\u00eb arrestimit","gt_translate_keys":[{"key":"rendered","format":"text"}]},"content":{"rendered":"<p><span style=\"color: #000000;\"><a href=\"https:\/\/www.hashtag.al\/wp-content\/uploads\/2022\/08\/polici.jpg\"><img loading=\"lazy\" decoding=\"async\" class=\"aligncenter size-full wp-image-542242\" src=\"https:\/\/www.hashtag.al\/wp-content\/uploads\/2022\/08\/polici.jpg\" alt=\"\" width=\"1200\" height=\"900\" srcset=\"https:\/\/www.hashtag.al\/wp-content\/uploads\/2022\/08\/polici.jpg 1200w, https:\/\/www.hashtag.al\/wp-content\/uploads\/2022\/08\/polici-300x225.jpg 300w, https:\/\/www.hashtag.al\/wp-content\/uploads\/2022\/08\/polici-1024x768.jpg 1024w, https:\/\/www.hashtag.al\/wp-content\/uploads\/2022\/08\/polici-768x576.jpg 768w\" sizes=\"auto, (max-width: 1200px) 100vw, 1200px\" \/><\/a><\/span><\/p>\n<p><span style=\"color: #000000;\">Nj\u00eb 38-vje\u00e7ar \u00ebsht\u00eb v\u00ebn\u00eb n\u00eb pranga nga Policia n\u00eb Gjirokast\u00ebr, pasi akuzohet se ka kanosur nj\u00eb efektiv gjat\u00eb koh\u00ebs q\u00eb ai po kryente detyr\u00ebn.<\/span><\/p>\n<p><span style=\"color: #000000;\">Gjat\u00eb arrestimit, 38-vje\u00e7arit me inicialet I.O. i \u00ebsht\u00eb gjetur edhe nj\u00eb thik\u00eb. I( dyshuari m\u00ebsohet se ka qen\u00eb ndaluar m\u00eb par\u00eb nga sh\u00ebrbimet e Policis\u00eb me nj\u00eb sasi t\u00eb vog\u00ebl l\u00ebnde narkotike kanabis.<\/span><\/p>\n<p><em><span style=\"color: #000000;\">\u201cKanosi p\u00ebr shkak t\u00eb detyr\u00ebs punonj\u00ebsin e Policis\u00eb, si dhe gjat\u00eb kontrollit fizik iu gjet nj\u00eb mjet prer\u00ebs (thik\u00eb), arrestohet n\u00eb flagranc\u00eb 38-vje\u00e7ari.<\/span><\/em><\/p>\n<p><em><span style=\"color: #000000;\">Specialist\u00ebt e Seksionit p\u00ebr Hetimin e Krimeve n\u00eb Komisariatin e Policis\u00eb Gjirokast\u00ebr arrestuan n\u00eb flagranc\u00eb shtetasin I. O., 38 vje\u00e7, banues n\u00eb Gjirokast\u00ebr.<\/span><\/em><\/p>\n<p><em><span style=\"color: #000000;\">Ky shtetas m\u00eb dat\u00eb 15.08.2022, n\u00eb fshatin Dervi\u00e7an, Gjirokast\u00ebr, ka kanosur p\u00ebr shkak t\u00eb detyr\u00ebs punonj\u00ebsin e Policis\u00eb, shtetasin H. H., pasi punonj\u00ebsi i Policis\u00eb, n\u00eb zbatim t\u00eb detyrave funksionale, ka referuar materialet n\u00eb Prokurori n\u00eb ngarkim t\u00eb v\u00ebllait t\u00eb 38-vje\u00e7arit, i cili ishte kapur m\u00eb par\u00eb nga sh\u00ebrbimet e Policis\u00eb me nj\u00eb sasi t\u00eb vog\u00ebl l\u00ebnde narkotike kanabis.<\/span><\/em><\/p>\n<p><span style=\"color: #000000;\"><em>Sh\u00ebrbimet e Policis\u00eb, gjat\u00eb kontrollit fizik t\u00eb shtetasit I. O., gjet\u00ebn dhe sekuestruan n\u00eb cil\u00ebsin\u00eb e prov\u00ebs materiale, nj\u00eb mjet prer\u00ebs (thik\u00eb).\u201d-<\/em> b\u00ebn me dije Policia.<\/span><\/p>\n<p><span style=\"color: #000000;\">Materialet i kaluan Prokuroris\u00eb pran\u00eb Gjykat\u00ebs s\u00eb Shkall\u00ebs s\u00eb Par\u00eb Gjirokast\u00ebr, p\u00ebr veprat penale \u201cKanosja p\u00ebr shkak t\u00eb detyr\u00ebs\u201d dhe \u201cProdhimi, mbajtja, blerja apo shitja pa leje e arm\u00ebve t\u00eb ftohta\u201d.<\/span><\/p>\n","protected":false,"gt_translate_keys":[{"key":"rendered","format":"html"}]},"excerpt":{"rendered":"<p>Nj\u00eb 38-vje\u00e7ar \u00ebsht\u00eb v\u00ebn\u00eb n\u00eb pranga nga Policia n\u00eb Gjirokast\u00ebr, pasi akuzohet se ka kanosur nj\u00eb efektiv gjat\u00eb koh\u00ebs q\u00eb ai po kryente detyr\u00ebn. Gjat\u00eb arrestimit, 38-vje\u00e7arit me inicialet I.O. i \u00ebsht\u00eb gjetur edhe nj\u00eb thik\u00eb. I( dyshuari m\u00ebsohet se ka qen\u00eb ndaluar m\u00eb par\u00eb nga sh\u00ebrbimet e Policis\u00eb me nj\u00eb sasi t\u00eb vog\u00ebl l\u00ebnde [&hellip;]<\/p>\n","protected":false,"gt_translate_keys":[{"key":"rendered","format":"html"}]},"author":30,"featured_media":542242,"comment_status":"closed","ping_status":"closed","sticky":false,"template":"","format":"standard","meta":{"footnotes":""},"categories":[65,13],"tags":[],"class_list":["post-542241","post","type-post","status-publish","format-standard","has-post-thumbnail","hentry","category-lajme","category-te-fundit"],"gt_translate_keys":[{"key":"link","format":"url"}],"_links":{"self":[{"href":"https:\/\/www.hashtag.al\/index.php\/wp-json\/wp\/v2\/posts\/542241","targetHints":{"allow":["GET"]}}],"collection":[{"href":"https:\/\/www.hashtag.al\/index.php\/wp-json\/wp\/v2\/posts"}],"about":[{"href":"https:\/\/www.hashtag.al\/index.php\/wp-json\/wp\/v2\/types\/post"}],"author":[{"embeddable":true,"href":"https:\/\/www.hashtag.al\/index.php\/wp-json\/wp\/v2\/users\/30"}],"replies":[{"embeddable":true,"href":"https:\/\/www.hashtag.al\/index.php\/wp-json\/wp\/v2\/comments?post=542241"}],"version-history":[{"count":0,"href":"https:\/\/www.hashtag.al\/index.php\/wp-json\/wp\/v2\/posts\/542241\/revisions"}],"wp:featuredmedia":[{"embeddable":true,"href":"https:\/\/www.hashtag.al\/index.php\/wp-json\/wp\/v2\/media\/542242"}],"wp:attachment":[{"href":"https:\/\/www.hashtag.al\/index.php\/wp-json\/wp\/v2\/media?parent=542241"}],"wp:term":[{"taxonomy":"category","embeddable":true,"href":"https:\/\/www.hashtag.al\/index.php\/wp-json\/wp\/v2\/categories?post=542241"},{"taxonomy":"post_tag","embeddable":true,"href":"https:\/\/www.hashtag.al\/index.php\/wp-json\/wp\/v2\/tags?post=542241"}],"curies":[{"name":"wp","href":"https:\/\/api.w.org\/{rel}","templated":true}]}}