{"id":541511,"date":"2022-08-12T13:55:03","date_gmt":"2022-08-12T11:55:03","guid":{"rendered":"https:\/\/www.hashtag.al\/?p=541511"},"modified":"2022-08-12T13:55:03","modified_gmt":"2022-08-12T11:55:03","slug":"burri-ne-spanje-dhunon-dhe-tenton-te-mbyse-gruan-ne-shatervan-kalimtaret-mezi-e-ndalojne-video","status":"publish","type":"post","link":"https:\/\/www.hashtag.al\/index.php\/2022\/08\/12\/burri-ne-spanje-dhunon-dhe-tenton-te-mbyse-gruan-ne-shatervan-kalimtaret-mezi-e-ndalojne-video\/","title":{"rendered":"Burri n\u00eb Spanj\u00eb dhunon dhe tenton t\u00eb mbys\u00eb gruan n\u00eb shat\u00ebrvan, kalimtar\u00ebt mezi e ndalojn\u00eb (VIDEO)","gt_translate_keys":[{"key":"rendered","format":"text"}]},"content":{"rendered":"<p><a href=\"https:\/\/www.hashtag.al\/wp-content\/uploads\/2022\/08\/Valenciaa.jpg\"><img loading=\"lazy\" decoding=\"async\" class=\"aligncenter size-full wp-image-541513\" src=\"https:\/\/www.hashtag.al\/wp-content\/uploads\/2022\/08\/Valenciaa.jpg\" alt=\"\" width=\"1200\" height=\"700\" srcset=\"https:\/\/www.hashtag.al\/wp-content\/uploads\/2022\/08\/Valenciaa.jpg 1200w, https:\/\/www.hashtag.al\/wp-content\/uploads\/2022\/08\/Valenciaa-300x175.jpg 300w, https:\/\/www.hashtag.al\/wp-content\/uploads\/2022\/08\/Valenciaa-1024x597.jpg 1024w, https:\/\/www.hashtag.al\/wp-content\/uploads\/2022\/08\/Valenciaa-768x448.jpg 768w, https:\/\/www.hashtag.al\/wp-content\/uploads\/2022\/08\/Valenciaa-250x145.jpg 250w\" sizes=\"auto, (max-width: 1200px) 100vw, 1200px\" \/><\/a><br \/>\n<span style=\"color: #000000;\">Nj\u00eb ngjarje e r\u00ebnd\u00eb ka ndodhur dy dit\u00eb m\u00eb par\u00eb n\u00eb Valencia t\u00eb Spanj\u00ebs, ku nj\u00eb burr\u00eb tentoi t\u00eb mbyste nj\u00eb grua n\u00eb nj\u00eb shat\u00ebrvan.<\/span><\/p>\n<p><span style=\"color: #000000;\">Skena u zhvillua n\u00eb nj\u00eb zon\u00eb t\u00eb populluar, ku kishte shum\u00eb d\u00ebshmitar\u00eb t\u00eb cil\u00ebt mbet\u00ebt t\u00eb tronditur. Si\u00e7 raportojn\u00eb <span style=\"color: #0000ff;\"><a style=\"color: #0000ff;\" href=\"https:\/\/www.antena3.com\/noticias\/sociedad\/asi-vivieron-testigos-intento-ahogamiento-hombre-mujer-fuente-valencia-esta-matando_2022081162f527573ef61200013f1c84.html\">mediet<\/a> <\/span>spanjolle, disa prej tyre nd\u00ebrhyn\u00eb p\u00ebr t\u00eb ndihmuar gruan dhe p\u00ebr t\u00eb qet\u00ebsuar burrin.<\/span><\/p>\n<p><span style=\"color: #000000;\">N\u00eb fund, ata kan\u00eb arritur t&#8217;i shp\u00ebtojn\u00eb jet\u00ebn viktim\u00ebs.<\/span><\/p>\n<p><span style=\"color: #000000;\">N\u00eb videot q\u00eb kan\u00eb regjistruar d\u00ebshmitar\u00ebt, agresori ankohet se e kan\u00eb grabitur dhe p\u00ebr k\u00ebt\u00eb faj\u00ebson gruan.<\/span><\/p>\n<p><span style=\"color: #000000;\"><em>\u201cKu i kam parat\u00eb?\u201d<\/em>. Burri, i cili \u00ebsht\u00eb arrestuar tashm\u00eb iu drejtua d\u00ebshmitar\u00ebve duke u th\u00ebn\u00eb: \u201c<em>Nuk fal\u201d.<\/em><\/span><\/p>\n<p><strong><span style=\"color: #000000;\">\u00c7far\u00eb kishte ndodhur?<\/span><\/strong><\/p>\n<p><span style=\"color: #000000;\">Incidenti ndodhi dy dit\u00eb m\u00eb par\u00eb, ku burri ka tentuar t\u00eb mbys\u00eb partneren e tij, pasi mendonte se ajo ishte e p\u00ebrfshir\u00eb n\u00eb vjedhjen e celularit t\u00eb tij.<\/span><\/p>\n<p><span style=\"color: #000000;\">Kjo grabitje kishte ndodhur vet\u00ebm pak \u00e7aste para incidentit. \u00c7ifti ishin futur n\u00eb shat\u00ebrvan p\u00ebr t\u2019u freskuar, dhe nj\u00eb kalimtar do t\u2019u b\u00ebnte nj\u00eb foto. Por n\u00eb vend t\u00eb shkrepte foton ai iku me telefon.<\/span><\/p>\n<p><span style=\"color: #000000;\">Burri ishte i sigurt se gruaja ishte fajtore p\u00ebr k\u00ebt\u00eb vjedhje q\u00eb iu b\u00eb dhe ndaj filloi ta godiste.<\/span><\/p>\n<p><span style=\"color: #000000;\">Nd\u00ebrhyrja e shpejt\u00eb e nj\u00eb qytetari ka b\u00ebr\u00eb t\u00eb mundur q\u00eb gruaja t\u00eb mos vdes\u00eb, ndon\u00ebse t\u00eb dy u desh t\u00eb transferoheshin n\u00eb spital.<\/span><\/p>\n<p><span style=\"color: #000000;\">Pas arrestimit t\u00eb 52-vje\u00e7arit, ai i \u00ebsht\u00eb drejtuar gjykat\u00ebs i akuzuar p\u00ebr vepr\u00ebn penale t\u00eb vrasjes nga pakujdesia n\u00eb tentativ\u00eb.<\/span><\/p>\n<p><iframe loading=\"lazy\" title=\"\u26f2\ufe0fDetenido un hombre que intent\u00f3 ahogar a una mujer en una fuente de Valencia\" width=\"1170\" height=\"658\" src=\"https:\/\/www.youtube.com\/embed\/8B4gHSsjwi4?feature=oembed\" frameborder=\"0\" allow=\"accelerometer; autoplay; clipboard-write; encrypted-media; gyroscope; picture-in-picture\" allowfullscreen><\/iframe><\/p>\n","protected":false,"gt_translate_keys":[{"key":"rendered","format":"html"}]},"excerpt":{"rendered":"<p>Nj\u00eb ngjarje e r\u00ebnd\u00eb ka ndodhur dy dit\u00eb m\u00eb par\u00eb n\u00eb Valencia t\u00eb Spanj\u00ebs, ku nj\u00eb burr\u00eb tentoi t\u00eb mbyste nj\u00eb grua n\u00eb nj\u00eb shat\u00ebrvan. Skena u zhvillua n\u00eb nj\u00eb zon\u00eb t\u00eb populluar, ku kishte shum\u00eb d\u00ebshmitar\u00eb t\u00eb cil\u00ebt mbet\u00ebt t\u00eb tronditur. Si\u00e7 raportojn\u00eb mediet spanjolle, disa prej tyre nd\u00ebrhyn\u00eb p\u00ebr t\u00eb ndihmuar gruan dhe [&hellip;]<\/p>\n","protected":false,"gt_translate_keys":[{"key":"rendered","format":"html"}]},"author":30,"featured_media":541513,"comment_status":"closed","ping_status":"closed","sticky":false,"template":"","format":"standard","meta":{"footnotes":""},"categories":[6,13],"tags":[],"class_list":["post-541511","post","type-post","status-publish","format-standard","has-post-thumbnail","hentry","category-nderkombetare","category-te-fundit"],"gt_translate_keys":[{"key":"link","format":"url"}],"_links":{"self":[{"href":"https:\/\/www.hashtag.al\/index.php\/wp-json\/wp\/v2\/posts\/541511","targetHints":{"allow":["GET"]}}],"collection":[{"href":"https:\/\/www.hashtag.al\/index.php\/wp-json\/wp\/v2\/posts"}],"about":[{"href":"https:\/\/www.hashtag.al\/index.php\/wp-json\/wp\/v2\/types\/post"}],"author":[{"embeddable":true,"href":"https:\/\/www.hashtag.al\/index.php\/wp-json\/wp\/v2\/users\/30"}],"replies":[{"embeddable":true,"href":"https:\/\/www.hashtag.al\/index.php\/wp-json\/wp\/v2\/comments?post=541511"}],"version-history":[{"count":0,"href":"https:\/\/www.hashtag.al\/index.php\/wp-json\/wp\/v2\/posts\/541511\/revisions"}],"wp:featuredmedia":[{"embeddable":true,"href":"https:\/\/www.hashtag.al\/index.php\/wp-json\/wp\/v2\/media\/541513"}],"wp:attachment":[{"href":"https:\/\/www.hashtag.al\/index.php\/wp-json\/wp\/v2\/media?parent=541511"}],"wp:term":[{"taxonomy":"category","embeddable":true,"href":"https:\/\/www.hashtag.al\/index.php\/wp-json\/wp\/v2\/categories?post=541511"},{"taxonomy":"post_tag","embeddable":true,"href":"https:\/\/www.hashtag.al\/index.php\/wp-json\/wp\/v2\/tags?post=541511"}],"curies":[{"name":"wp","href":"https:\/\/api.w.org\/{rel}","templated":true}]}}