{"id":541203,"date":"2022-08-10T12:36:38","date_gmt":"2022-08-10T10:36:38","guid":{"rendered":"https:\/\/www.hashtag.al\/?p=541203"},"modified":"2022-08-10T12:36:38","modified_gmt":"2022-08-10T10:36:38","slug":"berisha-kujton-poetin-havzi-nela-thirrje-rames-deno-krimin-mizor-te-babait-xhelat-kerkoji-ndjese-familjes","status":"publish","type":"post","link":"https:\/\/www.hashtag.al\/index.php\/2022\/08\/10\/berisha-kujton-poetin-havzi-nela-thirrje-rames-deno-krimin-mizor-te-babait-xhelat-kerkoji-ndjese-familjes\/","title":{"rendered":"Berisha kujton poetin Havzi Nela, thirrje Ram\u00ebs: D\u00ebno krimin mizor t\u00eb babait xhelat, k\u00ebrkoji ndjes\u00eb familjes","gt_translate_keys":[{"key":"rendered","format":"text"}]},"content":{"rendered":"<p><span style=\"color: #000000;\"><a href=\"https:\/\/www.hashtag.al\/wp-content\/uploads\/2022\/08\/Nela.jpg\"><img loading=\"lazy\" decoding=\"async\" class=\"aligncenter size-full wp-image-541204\" src=\"https:\/\/www.hashtag.al\/wp-content\/uploads\/2022\/08\/Nela.jpg\" alt=\"\" width=\"600\" height=\"600\" srcset=\"https:\/\/www.hashtag.al\/wp-content\/uploads\/2022\/08\/Nela.jpg 600w, https:\/\/www.hashtag.al\/wp-content\/uploads\/2022\/08\/Nela-300x300.jpg 300w, https:\/\/www.hashtag.al\/wp-content\/uploads\/2022\/08\/Nela-150x150.jpg 150w, https:\/\/www.hashtag.al\/wp-content\/uploads\/2022\/08\/Nela-180x180.jpg 180w, https:\/\/www.hashtag.al\/wp-content\/uploads\/2022\/08\/Nela-80x80.jpg 80w\" sizes=\"auto, (max-width: 600px) 100vw, 600px\" \/><\/a><\/span><\/p>\n<p><span style=\"color: #000000;\">Kreu i PD-s\u00eb Sali Berisha ka kujtuar k\u00ebt\u00eb t\u00eb m\u00ebrkur\u00eb poetin Havzi Nela n\u00eb 34-vjetorin e varjes s\u00eb tij.<\/span><\/p>\n<p><span style=\"color: #000000;\">Mes rreshtash ai ka b\u00ebr\u00eb edhe nj\u00eb thirrje p\u00ebr kryeministrin Edi Rama: \u201c<em>Edvin, sot \u00ebsht\u00eb dita q\u00eb duhet t\u00eb d\u00ebnosh firm\u00ebn e xhelat\u00ebve, nd\u00ebr t\u00eb cil\u00ebve edhe t\u00eb babait t\u00ebnd, p\u00ebr varjen e tij\u201d.<\/em><\/span><\/p>\n<p><span style=\"color: #000000;\">Berisha i thot\u00eb Ram\u00ebs t\u00eb tregoj\u00eb nj\u00eb grimc\u00eb nd\u00ebrgjegje dhe t\u00eb d\u00ebnoj\u00eb \u201c<em>krimin mizor t\u00eb t\u00eb atit t\u00eb tij xhelat\u201d<\/em> si dhe t\u2019i k\u00ebrkoj\u00eb ndjes\u00eb publike familjes. M\u00eb pas ai shton se k\u00ebto rreshta nuk i shkruan p\u00ebr politik\u00eb.<\/span><\/p>\n<p><strong><span style=\"color: #000000;\">KOMENTI I PLOT\u00cb<\/span><\/strong><\/p>\n<p><span style=\"color: #000000;\">Sot 34 vjetori i martirizmit t\u00eb poetit disident hero t\u00eb fjal\u00ebs s\u00eb lir\u00eb Havzi Nela!<\/span><br \/>\n<span style=\"color: #000000;\">Edvin, sot \u00ebsht\u00eb dita q\u00eb duhet t\u00eb d\u00ebnosh firm\u00ebn e xhelat\u00ebve, nd\u00ebr t\u00eb cil\u00ebve edhe t\u00eb babait t\u00ebnd, p\u00ebr varjen e tij.<\/span><br \/>\n<span style=\"color: #000000;\">K\u00ebrko ndjes\u00eb!!<\/span><br \/>\n<span style=\"color: #000000;\">T\u00eb dashur miq,<\/span><br \/>\n<span style=\"color: #000000;\">Sot mbar\u00eb kombi shqiptar p\u00ebrulet me nderimin m\u00eb t\u00eb madh para kujtimit dhe vepr\u00ebs s\u00eb pavdekshme t\u00eb martirit t\u00eb liris\u00eb, poetit disident, heroit t\u00eb fjal\u00ebs, Havzi Nela, i cili 34 vjet m\u00eb par\u00eb u var p\u00ebr fjal\u00ebn e lir\u00eb p\u00ebr vargjet e tij n\u00eb sheshin kryesor t\u00eb qytetit t\u00eb Kuk\u00ebsit me firm\u00ebn e xhelat\u00ebve t\u00eb diktatur\u00ebs staliniste Ramiz Alia dhe Kristaq Rama, babai bilogjik i Edi Ram\u00ebs.<\/span><br \/>\n<span style=\"color: #000000;\">Ky akt horror q\u00eb d\u00ebshmon fytyr\u00ebn mizore t\u00eb diktatur\u00ebs hoxhiste, kishte synim kryesor jo vet\u00ebm hakmarrjen primitive t\u00eb xhelat\u00ebve t\u00eb regjimit por edhe terrorizimin e popullat\u00ebs n\u00eb t\u00ebr\u00ebsi dhe inteligjenc\u00ebs shqiptare n\u00eb ve\u00e7anti dhe t\u00eb vriste pa lindur \u00e7do varg apo fjal\u00ebn e lir\u00eb.<\/span><br \/>\n<span style=\"color: #000000;\">Nderim p\u00ebrjet\u00eb poetit disident Havzi Nela.<\/span><br \/>\n<span style=\"color: #000000;\">K\u00ebtu m\u00eb posht\u00eb keni nj\u00eb poezi t\u00eb poetit Havzi Nela dhe nj\u00eb status p\u00ebr t\u00eb birin e xhelatit Kristaq Rama q\u00eb s\u00eb bashku me diktatorin Ramiz Alia firmosi varjen n\u00eb litar t\u00eb poetit disident.<\/span><\/p>\n<p><span style=\"color: #000000;\">\u2013 Poezia \u201cFryma e Helsinkit\u201d nga Havzi Nela<\/span><br \/>\n<span style=\"color: #000000;\">K\u00ebshtjella feudale tundet e l\u00ebkundet<\/span><br \/>\n<span style=\"color: #000000;\">Si nji vark\u00eb e thyeme mbi val\u00ebt p\u00ebrkundet;<\/span><br \/>\n<span style=\"color: #000000;\">Tirani mizor me detin sot po mundet<\/span><br \/>\n<span style=\"color: #000000;\">Thell\u00eb, gjithnji ma thell\u00eb n\u2019mes dallg\u00ebve po futet.<\/span><br \/>\n<span style=\"color: #000000;\">Fryma e Helsinkit u derdh porsi era<\/span><br \/>\n<span style=\"color: #000000;\">Na p\u00ebrk\u00ebdheli zemrat, \u00e7eli si pranvera;<\/span><br \/>\n<span style=\"color: #000000;\">K\u00ebtu n\u00eb votrat tona futi gaz e shpres\u00eb<\/span><br \/>\n<span style=\"color: #000000;\">Na zgjoi afsh e vrull, ndoshta, nuk do vdes\u00eb!<\/span><\/p>\n<p><span style=\"color: #000000;\">-Sot \u00ebsht\u00eb nj\u00eb dit\u00eb q\u00eb mund t\u00eb b\u00ebheshe njeri Edvin!<\/span><br \/>\n<span style=\"color: #000000;\">Sot \u00ebsht\u00eb 34 vjetori i varjes n\u00eb litar n\u00eb sheshin qendror t\u00eb qytetit t\u00eb Kuk\u00ebsit t\u00eb poetit disident Havzi Nela, me firm\u00eb t\u00eb xhelat\u00ebve Ramiz Alia dhe Kristaq Rama, babait t\u00ebnd biologjik.<\/span><br \/>\n<span style=\"color: #000000;\">Sot \u00ebsht\u00eb nj\u00eb dit\u00eb q\u00eb Edvin Kristaq Xhelati mund t\u00eb \u201cvar\u00eb\u201d brenda vetes \u00e7\u2019njer\u00ebzoren e neobllokmenit dhe t\u00eb tregoj\u00eb qoft\u00eb dhe p\u00ebr pak \u00e7aste nj\u00eb grimc\u00eb nd\u00ebrgjegje t\u00eb njeriut t\u00eb qyteteruar, t\u00eb d\u00ebnoj\u00eb krimin mizor t\u00eb t\u00eb atit t\u00eb tij xhelat dhe t\u2019i k\u00ebrkoj\u00eb ndjes\u00eb publike familjes dhe s\u00eb paku bot\u00ebs s\u00eb letrave p\u00ebr varjen me firm\u00ebn e Ramiz Alis\u00eb dhe Kristaq Ram\u00ebs t\u00eb poetit disident Havzi Nela. K\u00ebto pak rreshta nuk i shkruaj p\u00ebr politik\u00eb por si nj\u00eb apel p\u00ebr ngadh\u00ebnjimin e njeriut mbi antinjeriun!<\/span><\/p>\n","protected":false,"gt_translate_keys":[{"key":"rendered","format":"html"}]},"excerpt":{"rendered":"<p>Kreu i PD-s\u00eb Sali Berisha ka kujtuar k\u00ebt\u00eb t\u00eb m\u00ebrkur\u00eb poetin Havzi Nela n\u00eb 34-vjetorin e varjes s\u00eb tij. Mes rreshtash ai ka b\u00ebr\u00eb edhe nj\u00eb thirrje p\u00ebr kryeministrin Edi Rama: \u201cEdvin, sot \u00ebsht\u00eb dita q\u00eb duhet t\u00eb d\u00ebnosh firm\u00ebn e xhelat\u00ebve, nd\u00ebr t\u00eb cil\u00ebve edhe t\u00eb babait t\u00ebnd, p\u00ebr varjen e tij\u201d. Berisha i [&hellip;]<\/p>\n","protected":false,"gt_translate_keys":[{"key":"rendered","format":"html"}]},"author":30,"featured_media":541204,"comment_status":"closed","ping_status":"closed","sticky":false,"template":"","format":"standard","meta":{"footnotes":""},"categories":[65,13],"tags":[],"class_list":["post-541203","post","type-post","status-publish","format-standard","has-post-thumbnail","hentry","category-lajme","category-te-fundit"],"gt_translate_keys":[{"key":"link","format":"url"}],"_links":{"self":[{"href":"https:\/\/www.hashtag.al\/index.php\/wp-json\/wp\/v2\/posts\/541203","targetHints":{"allow":["GET"]}}],"collection":[{"href":"https:\/\/www.hashtag.al\/index.php\/wp-json\/wp\/v2\/posts"}],"about":[{"href":"https:\/\/www.hashtag.al\/index.php\/wp-json\/wp\/v2\/types\/post"}],"author":[{"embeddable":true,"href":"https:\/\/www.hashtag.al\/index.php\/wp-json\/wp\/v2\/users\/30"}],"replies":[{"embeddable":true,"href":"https:\/\/www.hashtag.al\/index.php\/wp-json\/wp\/v2\/comments?post=541203"}],"version-history":[{"count":0,"href":"https:\/\/www.hashtag.al\/index.php\/wp-json\/wp\/v2\/posts\/541203\/revisions"}],"wp:featuredmedia":[{"embeddable":true,"href":"https:\/\/www.hashtag.al\/index.php\/wp-json\/wp\/v2\/media\/541204"}],"wp:attachment":[{"href":"https:\/\/www.hashtag.al\/index.php\/wp-json\/wp\/v2\/media?parent=541203"}],"wp:term":[{"taxonomy":"category","embeddable":true,"href":"https:\/\/www.hashtag.al\/index.php\/wp-json\/wp\/v2\/categories?post=541203"},{"taxonomy":"post_tag","embeddable":true,"href":"https:\/\/www.hashtag.al\/index.php\/wp-json\/wp\/v2\/tags?post=541203"}],"curies":[{"name":"wp","href":"https:\/\/api.w.org\/{rel}","templated":true}]}}