{"id":540568,"date":"2022-08-07T13:25:36","date_gmt":"2022-08-07T11:25:36","guid":{"rendered":"https:\/\/www.hashtag.al\/?p=540568"},"modified":"2022-08-07T13:25:36","modified_gmt":"2022-08-07T11:25:36","slug":"petrit-vasili-shifra-te-dhimbshme-40-e-atyre-qe-shkojne-ne-angli-me-varka-jane-shqiptare","status":"publish","type":"post","link":"https:\/\/www.hashtag.al\/index.php\/2022\/08\/07\/petrit-vasili-shifra-te-dhimbshme-40-e-atyre-qe-shkojne-ne-angli-me-varka-jane-shqiptare\/","title":{"rendered":"Petrit Vasili: Shifra t\u00eb dhimbshme, 40% e atyre q\u00eb shkojn\u00eb n\u00eb Angli me varka jan\u00eb shqiptar\u00eb","gt_translate_keys":[{"key":"rendered","format":"text"}]},"content":{"rendered":"<p><span style=\"color: #000000;\"><a href=\"https:\/\/www.hashtag.al\/wp-content\/uploads\/2021\/12\/vasili.jpg\"><img loading=\"lazy\" decoding=\"async\" class=\"aligncenter size-full wp-image-489076\" src=\"https:\/\/www.hashtag.al\/wp-content\/uploads\/2021\/12\/vasili.jpg\" alt=\"\" width=\"900\" height=\"600\" srcset=\"https:\/\/www.hashtag.al\/wp-content\/uploads\/2021\/12\/vasili.jpg 900w, https:\/\/www.hashtag.al\/wp-content\/uploads\/2021\/12\/vasili-300x200.jpg 300w, https:\/\/www.hashtag.al\/wp-content\/uploads\/2021\/12\/vasili-768x512.jpg 768w\" sizes=\"auto, (max-width: 900px) 100vw, 900px\" \/><\/a><\/span><\/p>\n<p><span style=\"color: #000000;\">Deputeti i Partis\u00eb s\u00eb Liris\u00eb Petrit Vasili ka ngritur shqet\u00ebsimin lidhur me largimin e shqiptar\u00ebve nga vendi. <\/span><\/p>\n<p><span style=\"color: #000000;\">Duke iu referuar nj\u00eb artikulli nga \u201cDaily Mail\u201d t\u00eb p\u00ebrkthyer n\u00eb shqip edhe nga portalet, Vasili thot\u00eb se shifrat e shqiptar\u00ebve q\u00eb largohen jan\u00eb t\u00eb frikshme.<\/span><\/p>\n<p><span style=\"color: #000000;\">Ai b\u00ebn p\u00ebrgjegj\u00ebse qeverin\u00eb, q\u00eb sipas tij kan\u00eb t\u00eb par\u00ebn vjedhjen.<\/span><\/p>\n<p><em><span style=\"color: #000000;\">\u201cQeverisja e Ram\u00ebs m\u00ebnxyr\u00eb, q\u00eb largon dhunsh\u00ebm shqiptar\u00ebt!<\/span><\/em><br \/>\n<em><span style=\"color: #000000;\">Shifra t\u00eb dhimbshme, shifra t\u00eb frikshme.<\/span><\/em><br \/>\n<em><span style=\"color: #000000;\">Kat\u00ebr n\u00eb dhjet\u00eb emigrant\u00eb, q\u00eb kalojn\u00eb Kanalin me varka t\u00eb vogla jan\u00eb nga \u2018Shqip\u00ebria paq\u00ebsore, ku nuk ka pasur luft\u00eb p\u00ebr 25 vjet\u2019<\/span><\/em><br \/>\n<em><span style=\"color: #000000;\">k\u00ebshtu shkruan nj\u00eb raport sekret i inteligjenc\u00ebs ushtarake britanike.<\/span><\/em><br \/>\n<em><span style=\"color: #000000;\">Lajmi u b\u00eb i ditur e p\u00ebrditshmja angleze \u2018The Mail on Sunday\u2019.<\/span><\/em><br \/>\n<em><span style=\"color: #000000;\">Pra 40% e personave, q\u00eb shkojn\u00eb n\u00eb Angli n\u00eb m\u00ebnyr\u00eb t\u00eb paligjshme, duke kaluar ngushtic\u00ebn e La Manshit, duke rrezikuar kaq shum\u00eb me varka t\u00eb vogla jan\u00eb shqiptar\u00eb.<\/span><\/em><br \/>\n<em><span style=\"color: #000000;\">M\u00ebnxyra, q\u00eb ka pllakosur k\u00ebt\u00eb vend nga qeverisja e rilindjes vret \u00e7do shpres\u00eb.<\/span><\/em><br \/>\n<em><span style=\"color: #000000;\">Me mund\u00ebsit\u00eb, q\u00eb Shqip\u00ebria ka, sikur qeverisja t\u00eb ishte edhe n\u00ebn mesataren shqiptar\u00ebt jo vet\u00ebm nuk do largoheshin, por do t\u00eb vinin.<\/span><\/em><br \/>\n<span style=\"color: #000000;\"><em>Por me k\u00ebt\u00eb qeveri q\u00eb vjedhjen kan\u00eb pik\u00ebn e par\u00eb t\u00eb dyt\u00eb e t\u00eb dymb\u00ebdhjet\u00eb t\u00eb saj shqiptar\u00ebt braktisin vendin m\u00eb shum\u00eb se vendet n\u00eb luft\u00eb.\u201d<\/em>&#8211; shkruan Vasili.<\/span><\/p>\n<p><a href=\"https:\/\/www.hashtag.al\/wp-content\/uploads\/2022\/08\/298222849_613140860170175_7720525294822436316_n.jpg\"><img loading=\"lazy\" decoding=\"async\" class=\"aligncenter size-full wp-image-540569\" src=\"https:\/\/www.hashtag.al\/wp-content\/uploads\/2022\/08\/298222849_613140860170175_7720525294822436316_n.jpg\" alt=\"\" width=\"1068\" height=\"1035\" srcset=\"https:\/\/www.hashtag.al\/wp-content\/uploads\/2022\/08\/298222849_613140860170175_7720525294822436316_n.jpg 1068w, https:\/\/www.hashtag.al\/wp-content\/uploads\/2022\/08\/298222849_613140860170175_7720525294822436316_n-300x291.jpg 300w, https:\/\/www.hashtag.al\/wp-content\/uploads\/2022\/08\/298222849_613140860170175_7720525294822436316_n-1024x992.jpg 1024w, https:\/\/www.hashtag.al\/wp-content\/uploads\/2022\/08\/298222849_613140860170175_7720525294822436316_n-768x744.jpg 768w\" sizes=\"auto, (max-width: 1068px) 100vw, 1068px\" \/><\/a><\/p>\n","protected":false,"gt_translate_keys":[{"key":"rendered","format":"html"}]},"excerpt":{"rendered":"<p>Deputeti i Partis\u00eb s\u00eb Liris\u00eb Petrit Vasili ka ngritur shqet\u00ebsimin lidhur me largimin e shqiptar\u00ebve nga vendi. Duke iu referuar nj\u00eb artikulli nga \u201cDaily Mail\u201d t\u00eb p\u00ebrkthyer n\u00eb shqip edhe nga portalet, Vasili thot\u00eb se shifrat e shqiptar\u00ebve q\u00eb largohen jan\u00eb t\u00eb frikshme. Ai b\u00ebn p\u00ebrgjegj\u00ebse qeverin\u00eb, q\u00eb sipas tij kan\u00eb t\u00eb par\u00ebn vjedhjen. \u201cQeverisja [&hellip;]<\/p>\n","protected":false,"gt_translate_keys":[{"key":"rendered","format":"html"}]},"author":30,"featured_media":489076,"comment_status":"closed","ping_status":"closed","sticky":false,"template":"","format":"standard","meta":{"footnotes":""},"categories":[65,13],"tags":[],"class_list":["post-540568","post","type-post","status-publish","format-standard","has-post-thumbnail","hentry","category-lajme","category-te-fundit"],"gt_translate_keys":[{"key":"link","format":"url"}],"_links":{"self":[{"href":"https:\/\/www.hashtag.al\/index.php\/wp-json\/wp\/v2\/posts\/540568","targetHints":{"allow":["GET"]}}],"collection":[{"href":"https:\/\/www.hashtag.al\/index.php\/wp-json\/wp\/v2\/posts"}],"about":[{"href":"https:\/\/www.hashtag.al\/index.php\/wp-json\/wp\/v2\/types\/post"}],"author":[{"embeddable":true,"href":"https:\/\/www.hashtag.al\/index.php\/wp-json\/wp\/v2\/users\/30"}],"replies":[{"embeddable":true,"href":"https:\/\/www.hashtag.al\/index.php\/wp-json\/wp\/v2\/comments?post=540568"}],"version-history":[{"count":0,"href":"https:\/\/www.hashtag.al\/index.php\/wp-json\/wp\/v2\/posts\/540568\/revisions"}],"wp:featuredmedia":[{"embeddable":true,"href":"https:\/\/www.hashtag.al\/index.php\/wp-json\/wp\/v2\/media\/489076"}],"wp:attachment":[{"href":"https:\/\/www.hashtag.al\/index.php\/wp-json\/wp\/v2\/media?parent=540568"}],"wp:term":[{"taxonomy":"category","embeddable":true,"href":"https:\/\/www.hashtag.al\/index.php\/wp-json\/wp\/v2\/categories?post=540568"},{"taxonomy":"post_tag","embeddable":true,"href":"https:\/\/www.hashtag.al\/index.php\/wp-json\/wp\/v2\/tags?post=540568"}],"curies":[{"name":"wp","href":"https:\/\/api.w.org\/{rel}","templated":true}]}}