{"id":540334,"date":"2022-08-06T09:10:58","date_gmt":"2022-08-06T07:10:58","guid":{"rendered":"https:\/\/www.hashtag.al\/?p=540334"},"modified":"2022-08-06T09:10:58","modified_gmt":"2022-08-06T07:10:58","slug":"kryemadhi-poston-foton-e-dosjeve-qe-ka-dorezuar-ne-spak-kryeni-hetime-larg-joshjeve-dhe-intimidimeve","status":"publish","type":"post","link":"https:\/\/www.hashtag.al\/index.php\/2022\/08\/06\/kryemadhi-poston-foton-e-dosjeve-qe-ka-dorezuar-ne-spak-kryeni-hetime-larg-joshjeve-dhe-intimidimeve\/","title":{"rendered":"Kryemadhi poston foton e dosjeve q\u00eb ka dor\u00ebzuar n\u00eb SPAK: Kryeni hetime larg joshjeve dhe intimidimeve","gt_translate_keys":[{"key":"rendered","format":"text"}]},"content":{"rendered":"<p style=\"text-align: justify;\"><span style=\"color: #000000;\"><a href=\"https:\/\/www.hashtag.al\/wp-content\/uploads\/2022\/08\/kryemadhi-dosjet-spak.jpg\"><img loading=\"lazy\" decoding=\"async\" class=\"aligncenter size-full wp-image-540335\" src=\"https:\/\/www.hashtag.al\/wp-content\/uploads\/2022\/08\/kryemadhi-dosjet-spak.jpg\" alt=\"\" width=\"2451\" height=\"1857\" srcset=\"https:\/\/www.hashtag.al\/wp-content\/uploads\/2022\/08\/kryemadhi-dosjet-spak.jpg 2451w, https:\/\/www.hashtag.al\/wp-content\/uploads\/2022\/08\/kryemadhi-dosjet-spak-300x227.jpg 300w, https:\/\/www.hashtag.al\/wp-content\/uploads\/2022\/08\/kryemadhi-dosjet-spak-1024x776.jpg 1024w, https:\/\/www.hashtag.al\/wp-content\/uploads\/2022\/08\/kryemadhi-dosjet-spak-768x582.jpg 768w, https:\/\/www.hashtag.al\/wp-content\/uploads\/2022\/08\/kryemadhi-dosjet-spak-1536x1164.jpg 1536w, https:\/\/www.hashtag.al\/wp-content\/uploads\/2022\/08\/kryemadhi-dosjet-spak-2048x1552.jpg 2048w\" sizes=\"auto, (max-width: 2451px) 100vw, 2451px\" \/><\/a><\/span><\/p>\n<p style=\"text-align: justify;\"><span style=\"color: #000000;\">Monika Kryemadhi ka publikuar n\u00eb rrjetet sociale, nj\u00eb foto ku duken dosjet q\u00eb ajo ka dor\u00ebzuar n\u00eb Prokurorin\u00eb Speciale me fakte e t\u00eb dh\u00ebna nga dokumente zyrtare q\u00eb provojn\u00eb sipas saj shkeljet dhe evazionin fiskal t\u00eb kryer p\u00ebrmes skem\u00ebs s\u00eb incenerator\u00ebve.<\/span><\/p>\n<p style=\"text-align: justify;\"><span style=\"color: #000000;\">Reagimi i Kryemadhit vjen nj\u00eb dit\u00eb pas intervist\u00ebs n\u00eb media t\u00eb kreut t\u00eb SPAK, Arben Kraja q\u00eb deklaroi se n\u00eb skandalin me incenerator\u00ebt jan\u00eb t\u00eb p\u00ebrfshira shum\u00eb institucione.<\/span><\/p>\n<p style=\"text-align: justify;\"><span style=\"color: #000000;\">Kryemadhi k\u00ebrkon q\u00eb SPAK t\u00eb kryej\u00eb hetime larg intimidimeve dhe joshjeve.<\/span><\/p>\n<p style=\"text-align: justify;\"><span style=\"color: #000000;\">\u201c<em>\u00c7do dit\u00eb q\u00eb kalon, parat\u00eb q\u00eb mund t\u00eb shkonin p\u00ebr rritje pagash dhe pensionesh, shkojn\u00eb p\u00ebr llogari t\u00eb zyrtar\u00ebve t\u00eb qeveris\u00eb, p\u00ebrmes skem\u00ebs s\u00eb incenerator\u00ebve.<\/em><\/span><\/p>\n<p style=\"text-align: justify;\"><span style=\"color: #000000;\"><em>\u00c7do dit\u00eb q\u00eb kalon pa veprimin e drejt\u00ebsis\u00eb, shteti i kapur furnizon korrupsionin e incenerator\u00ebve, me parat\u00eb e gjakut t\u00eb shqiptar\u00ebve.<\/em><\/span><\/p>\n<p style=\"text-align: justify;\"><span style=\"color: #000000;\"><em>E p\u00ebrmes k\u00ebsaj vjedhje t\u00eb p\u00ebrditshme, pushteti tenton t\u00eb korruptoj\u00eb, manipuloj\u00eb e kontrolloj\u00eb edhe \u00e7do qeliz\u00eb tjet\u00ebr n\u00eb vend, q\u00eb t\u00eb vijoj\u00eb i pashqet\u00ebsuar vjedhjen.<\/em><\/span><\/p>\n<p style=\"text-align: justify;\"><span style=\"color: #000000;\"><em>K\u00ebto n\u00eb foto jan\u00eb dosjet e d\u00ebrguara n\u00eb SPAK p\u00ebrpara disa jav\u00ebsh, ku faktohet me t\u00eb dh\u00ebna nga dokumente zyrtare, se vet\u00ebm evazioni fiskal i skem\u00ebs s\u00eb incenerator\u00ebve kap vler\u00ebn 30 milion\u00eb dollar\u00eb, nd\u00ebrsa me skema t\u00eb ngjashme si incenerator\u00ebt, llogaritet nj\u00eb evazion fiskal 189 milion\u00eb dollar\u00eb.<\/em><\/span><\/p>\n<p style=\"text-align: justify;\"><span style=\"color: #000000;\"><em>Nd\u00ebrkoh\u00eb, me fakte, shkresa dhe analiz\u00eb profesionale, jan\u00eb evidentuar m\u00eb par\u00eb edhe t\u00eb gjitha shkeljet proceduriale t\u00eb zyrtar\u00ebve t\u00eb incenerator\u00ebve.<\/em><\/span><\/p>\n<p style=\"text-align: justify;\"><span style=\"color: #000000;\"><em>Shqip\u00ebria nuk mund t\u00eb b\u00ebhet kurban p\u00ebr karrierat politike t\u00eb Edi Ram\u00ebs, Erion Veliajt dhe bashk\u00ebpun\u00ebtor\u00ebve t\u00eb tyre n\u00eb k\u00ebt\u00eb \u00e7\u00ebshtje.<\/em><\/span><\/p>\n<p style=\"text-align: justify;\"><span style=\"color: #000000;\"><em>Zbardhja e incenerator\u00ebve duke mos mbyllur syt\u00eb ndaj fakteve, duke kryer hetime me integritet larg intimidimeve apo joshjeve, si dhe ndjekja e paras\u00eb s\u00eb korrupsionit, \u00ebsht\u00eb pik\u00ebnisje e nj\u00eb drejt\u00ebsie t\u00eb v\u00ebrtet\u00eb e t\u00eb pavarur n\u00eb Shqip\u00ebri<\/em>\u201d-shkruan Kryemadhi.<\/span><\/p>\n<p style=\"text-align: justify;\">\n","protected":false,"gt_translate_keys":[{"key":"rendered","format":"html"}]},"excerpt":{"rendered":"<p>Monika Kryemadhi ka publikuar n\u00eb rrjetet sociale, nj\u00eb foto ku duken dosjet q\u00eb ajo ka dor\u00ebzuar n\u00eb Prokurorin\u00eb Speciale me fakte e t\u00eb dh\u00ebna nga dokumente zyrtare q\u00eb provojn\u00eb sipas saj shkeljet dhe evazionin fiskal t\u00eb kryer p\u00ebrmes skem\u00ebs s\u00eb incenerator\u00ebve. Reagimi i Kryemadhit vjen nj\u00eb dit\u00eb pas intervist\u00ebs n\u00eb media t\u00eb kreut t\u00eb SPAK, [&hellip;]<\/p>\n","protected":false,"gt_translate_keys":[{"key":"rendered","format":"html"}]},"author":32,"featured_media":540335,"comment_status":"closed","ping_status":"closed","sticky":false,"template":"","format":"standard","meta":{"footnotes":""},"categories":[65,13],"tags":[],"class_list":["post-540334","post","type-post","status-publish","format-standard","has-post-thumbnail","hentry","category-lajme","category-te-fundit"],"gt_translate_keys":[{"key":"link","format":"url"}],"_links":{"self":[{"href":"https:\/\/www.hashtag.al\/index.php\/wp-json\/wp\/v2\/posts\/540334","targetHints":{"allow":["GET"]}}],"collection":[{"href":"https:\/\/www.hashtag.al\/index.php\/wp-json\/wp\/v2\/posts"}],"about":[{"href":"https:\/\/www.hashtag.al\/index.php\/wp-json\/wp\/v2\/types\/post"}],"author":[{"embeddable":true,"href":"https:\/\/www.hashtag.al\/index.php\/wp-json\/wp\/v2\/users\/32"}],"replies":[{"embeddable":true,"href":"https:\/\/www.hashtag.al\/index.php\/wp-json\/wp\/v2\/comments?post=540334"}],"version-history":[{"count":0,"href":"https:\/\/www.hashtag.al\/index.php\/wp-json\/wp\/v2\/posts\/540334\/revisions"}],"wp:featuredmedia":[{"embeddable":true,"href":"https:\/\/www.hashtag.al\/index.php\/wp-json\/wp\/v2\/media\/540335"}],"wp:attachment":[{"href":"https:\/\/www.hashtag.al\/index.php\/wp-json\/wp\/v2\/media?parent=540334"}],"wp:term":[{"taxonomy":"category","embeddable":true,"href":"https:\/\/www.hashtag.al\/index.php\/wp-json\/wp\/v2\/categories?post=540334"},{"taxonomy":"post_tag","embeddable":true,"href":"https:\/\/www.hashtag.al\/index.php\/wp-json\/wp\/v2\/tags?post=540334"}],"curies":[{"name":"wp","href":"https:\/\/api.w.org\/{rel}","templated":true}]}}