{"id":540218,"date":"2022-08-05T13:12:15","date_gmt":"2022-08-05T11:12:15","guid":{"rendered":"https:\/\/www.hashtag.al\/?p=540218"},"modified":"2022-08-05T13:13:01","modified_gmt":"2022-08-05T11:13:01","slug":"berisha-thirrje-qytetareve-mos-bini-pre-e-mashtrimit-mos-blini-apartamente-ne-portin-e-durresit","status":"publish","type":"post","link":"https:\/\/www.hashtag.al\/index.php\/2022\/08\/05\/berisha-thirrje-qytetareve-mos-bini-pre-e-mashtrimit-mos-blini-apartamente-ne-portin-e-durresit\/","title":{"rendered":"Berisha thirrje qytetar\u00ebve: Mos bini pre e mashtrimit, mos blini apartamente n\u00eb Portin e Durr\u00ebsit","gt_translate_keys":[{"key":"rendered","format":"text"}]},"content":{"rendered":"<p><span style=\"color: #000000;\"><a href=\"https:\/\/www.hashtag.al\/wp-content\/uploads\/2022\/08\/b.jpg\"><img loading=\"lazy\" decoding=\"async\" class=\"aligncenter size-full wp-image-540219\" src=\"https:\/\/www.hashtag.al\/wp-content\/uploads\/2022\/08\/b.jpg\" alt=\"\" width=\"900\" height=\"743\" srcset=\"https:\/\/www.hashtag.al\/wp-content\/uploads\/2022\/08\/b.jpg 900w, https:\/\/www.hashtag.al\/wp-content\/uploads\/2022\/08\/b-300x248.jpg 300w, https:\/\/www.hashtag.al\/wp-content\/uploads\/2022\/08\/b-768x634.jpg 768w\" sizes=\"auto, (max-width: 900px) 100vw, 900px\" \/><\/a><\/span><\/p>\n<p><span style=\"color: #000000;\">Kryetari demokrat, Sali Berisha, deklaroi n\u00eb konferenc\u00ebn e sotme p\u00ebr shtyp se epiqendra e betej\u00ebs s\u00eb opozit\u00ebs do jet\u00eb \u00e7\u00ebshtja e incenerator\u00ebve.<\/span><\/p>\n<p><em><span style=\"color: #000000;\">\u201cOpozita e ka shpallur armik Edi Ram\u00ebn dhe nuk e l\u00ebvizim at\u00eb.<\/span><\/em><\/p>\n<p><em><span style=\"color: #000000;\">Dhe n\u00ebse kjo \u00ebsht\u00eb nj\u00eb periudh\u00eb ku ai vazhdon me metodat e tij grabitqare, kjo nuk do thot\u00eb se kemi hequr dor\u00eb nga beteja. Ne do mobilizohemi dhe do i japim atij at\u00eb q\u00eb meriton. Ne e kemi shpallur armik. T\u00eb kuptohemi. Ndon\u00ebse deklaratat dhe akuzat tona jan\u00eb absolutisht t\u00eb v\u00ebrteta dhe t\u00eb bazuara n\u00eb fakte, por epiqend\u00ebr e betej\u00ebs son\u00eb do jet\u00eb \u00e7\u00ebshtja e djeg\u00ebsve.<\/span><\/em><\/p>\n<p><span style=\"color: #000000;\"><em>Ky zot\u00ebri ka firmosur n\u00eb kund\u00ebrshtim me ligjet e vendit tenderin me negociata t\u00eb mbyllura, tenderin p\u00ebr vjedhje. Ky \u00ebsht\u00eb p\u00ebrgjegj\u00ebsi num\u00ebr 1. Dhe ky nuk mund t\u00eb shp\u00ebtoj\u00eb, le t\u00eb b\u00ebj\u00eb \u00e7t\u00eb doj\u00eb por n\u00eb m\u00ebnyr\u00eb absolute ky i ka koh\u00ebrat e num\u00ebruara. Dhe n\u00eb m\u00ebnyr\u00eb figurative djeg\u00ebsit aty ku djegin plehrat, do djegin qeverin\u00eb e tij. S\u2019ka as djeg\u00ebsa, \u00e7far\u00eb po them.<\/em>\u201d- deklaroi Berisha.<\/span><\/p>\n<p><span style=\"color: #000000;\">M\u00eb pas ai iu kthye Portit t\u00eb Durr\u00ebsit, ku iu b\u00ebri thirrje qytetar\u00ebve durrsak\u00eb t\u00eb mos investojn\u00eb parat\u00eb e tyre p\u00ebr apartamente, pasi do ishin subjekt konfiskimi.<\/span><\/p>\n<p><em><span style=\"color: #000000;\">\u201cJu e mor\u00ebt vesh q\u00eb n\u00eb Portin e Durr\u00ebsit kan\u00eb nisur t\u00eb shesin apartamente. U b\u00ebj thirrje qytetar\u00ebve q\u00eb t\u00eb mos bien pre e mashtrimit se absolutisht do jen\u00eb subjekt konfiskimi. Pa asnj\u00eb diskutim. \u00cbsht\u00eb nj\u00eb nga aferat m\u00eb t\u00eb m\u00ebdha korruptive.<\/span><\/em><\/p>\n<p><span style=\"color: #000000;\"><em>Ndaj ftoj qytetar\u00ebt e Durr\u00ebsit: Mos vendosni asnj\u00eb investim n\u00eb nj\u00eb skem\u00eb gjigante vjedhje q\u00eb shkon deri n\u00eb 4-5 miliard\u00eb euro. Por n\u00eb epiqend\u00ebr p\u00ebrs\u00ebri ne kemi djeg\u00ebsat.\u201c-<\/em> tha Berisha.<\/span><\/p>\n","protected":false,"gt_translate_keys":[{"key":"rendered","format":"html"}]},"excerpt":{"rendered":"<p>Kryetari demokrat, Sali Berisha, deklaroi n\u00eb konferenc\u00ebn e sotme p\u00ebr shtyp se epiqendra e betej\u00ebs s\u00eb opozit\u00ebs do jet\u00eb \u00e7\u00ebshtja e incenerator\u00ebve. \u201cOpozita e ka shpallur armik Edi Ram\u00ebn dhe nuk e l\u00ebvizim at\u00eb. Dhe n\u00ebse kjo \u00ebsht\u00eb nj\u00eb periudh\u00eb ku ai vazhdon me metodat e tij grabitqare, kjo nuk do thot\u00eb se kemi hequr [&hellip;]<\/p>\n","protected":false,"gt_translate_keys":[{"key":"rendered","format":"html"}]},"author":30,"featured_media":540219,"comment_status":"closed","ping_status":"closed","sticky":false,"template":"","format":"standard","meta":{"footnotes":""},"categories":[65,13],"tags":[],"class_list":["post-540218","post","type-post","status-publish","format-standard","has-post-thumbnail","hentry","category-lajme","category-te-fundit"],"gt_translate_keys":[{"key":"link","format":"url"}],"_links":{"self":[{"href":"https:\/\/www.hashtag.al\/index.php\/wp-json\/wp\/v2\/posts\/540218","targetHints":{"allow":["GET"]}}],"collection":[{"href":"https:\/\/www.hashtag.al\/index.php\/wp-json\/wp\/v2\/posts"}],"about":[{"href":"https:\/\/www.hashtag.al\/index.php\/wp-json\/wp\/v2\/types\/post"}],"author":[{"embeddable":true,"href":"https:\/\/www.hashtag.al\/index.php\/wp-json\/wp\/v2\/users\/30"}],"replies":[{"embeddable":true,"href":"https:\/\/www.hashtag.al\/index.php\/wp-json\/wp\/v2\/comments?post=540218"}],"version-history":[{"count":0,"href":"https:\/\/www.hashtag.al\/index.php\/wp-json\/wp\/v2\/posts\/540218\/revisions"}],"wp:featuredmedia":[{"embeddable":true,"href":"https:\/\/www.hashtag.al\/index.php\/wp-json\/wp\/v2\/media\/540219"}],"wp:attachment":[{"href":"https:\/\/www.hashtag.al\/index.php\/wp-json\/wp\/v2\/media?parent=540218"}],"wp:term":[{"taxonomy":"category","embeddable":true,"href":"https:\/\/www.hashtag.al\/index.php\/wp-json\/wp\/v2\/categories?post=540218"},{"taxonomy":"post_tag","embeddable":true,"href":"https:\/\/www.hashtag.al\/index.php\/wp-json\/wp\/v2\/tags?post=540218"}],"curies":[{"name":"wp","href":"https:\/\/api.w.org\/{rel}","templated":true}]}}