{"id":540068,"date":"2022-08-04T18:51:12","date_gmt":"2022-08-04T16:51:12","guid":{"rendered":"https:\/\/www.hashtag.al\/?p=540068"},"modified":"2022-08-04T18:51:12","modified_gmt":"2022-08-04T16:51:12","slug":"kurti-e-vucic-do-takohen-me-18-gusht-ne-bruksel","status":"publish","type":"post","link":"https:\/\/www.hashtag.al\/index.php\/2022\/08\/04\/kurti-e-vucic-do-takohen-me-18-gusht-ne-bruksel\/","title":{"rendered":"Kurti e Vu\u00e7i\u00e7 do takohen m\u00eb 18 gusht n\u00eb Bruksel","gt_translate_keys":[{"key":"rendered","format":"text"}]},"content":{"rendered":"<p style=\"text-align: justify;\"><span style=\"color: #000000;\"><img loading=\"lazy\" decoding=\"async\" class=\"aligncenter size-full wp-image-537088\" src=\"https:\/\/www.hashtag.al\/wp-content\/uploads\/2022\/07\/kurti-vucic.jpg\" alt=\"\" width=\"780\" height=\"439\" srcset=\"https:\/\/www.hashtag.al\/wp-content\/uploads\/2022\/07\/kurti-vucic.jpg 780w, https:\/\/www.hashtag.al\/wp-content\/uploads\/2022\/07\/kurti-vucic-300x169.jpg 300w, https:\/\/www.hashtag.al\/wp-content\/uploads\/2022\/07\/kurti-vucic-768x432.jpg 768w\" sizes=\"auto, (max-width: 780px) 100vw, 780px\" \/><\/span><\/p>\n<p style=\"text-align: justify;\"><span style=\"color: #000000;\">Kryeministri i Kosov\u00ebs, Albin Kurti, dhe presidenti i Serbis\u00eb, Aleksandar Vu\u00e7i\u00e7, kan\u00eb pranuar ftes\u00ebn e Bashkimit Evropian q\u00eb m\u00eb 18 gusht t\u00eb zhvillojn\u00eb rundin e ri t\u00eb bisedimeve, konfirmoi p\u00ebr mediat z\u00ebdh\u00ebn\u00ebsi i bllokut, Peter Stano.<\/span><\/p>\n<p style=\"text-align: justify;\"><span style=\"color: #000000;\">\u201cMund t\u00eb konfirmoj se pasi p\u00ebrfaq\u00ebsuesi i Lart\u00eb, Josep Borrell, ftoi t\u00eb dy pal\u00ebt n\u00eb Bruksel, kryeministri Kurti dhe presidenti Vu\u00e7i\u00e7 kan\u00eb pranuar ftes\u00ebn e tij. Ata do t\u00eb mir\u00ebpriten n\u00eb Bruksel m\u00eb 18 gusht nga Borrell dhe p\u00ebrfaq\u00ebsuesi i posa\u00e7\u00ebm i BE-s\u00eb, Mirosllav Laj\u00e7ak, p\u00ebr t\u00eb diskutuar p\u00ebr rrug\u00ebn p\u00ebrpara n\u00eb dialogun Prishtin\u00eb-Beograd\u201d, tha Stano.<\/span><\/p>\n<p style=\"text-align: justify;\"><span style=\"color: #000000;\">Ftesa erdhi n\u00eb koh\u00ebn e rritjes s\u00eb tensioneve n\u00eb veri t\u00eb Kosov\u00ebs, pasi serb\u00ebt atje vendos\u00ebn barrikada p\u00ebr t\u00eb kund\u00ebrshtuar dy vendime t\u00eb Qeveris\u00eb s\u00eb Kosov\u00ebs q\u00eb kishin t\u00eb b\u00ebnin me dokumentet dhe targat serbe.<\/span><\/p>\n<p style=\"text-align: justify;\"><span style=\"color: #000000;\">Barrikadat u hoq\u00ebn pasditen e 1 gushtit dhe Qeveria e Kosov\u00ebs u zotua se do t\u00eb shtyj\u00eb p\u00ebr nj\u00eb muaj zbatimin e k\u00ebtyre dy vendimeve.<\/span><\/p>\n","protected":false,"gt_translate_keys":[{"key":"rendered","format":"html"}]},"excerpt":{"rendered":"<p>Kryeministri i Kosov\u00ebs, Albin Kurti, dhe presidenti i Serbis\u00eb, Aleksandar Vu\u00e7i\u00e7, kan\u00eb pranuar ftes\u00ebn e Bashkimit Evropian q\u00eb m\u00eb 18 gusht t\u00eb zhvillojn\u00eb rundin e ri t\u00eb bisedimeve, konfirmoi p\u00ebr mediat z\u00ebdh\u00ebn\u00ebsi i bllokut, Peter Stano. \u201cMund t\u00eb konfirmoj se pasi p\u00ebrfaq\u00ebsuesi i Lart\u00eb, Josep Borrell, ftoi t\u00eb dy pal\u00ebt n\u00eb Bruksel, kryeministri Kurti dhe [&hellip;]<\/p>\n","protected":false,"gt_translate_keys":[{"key":"rendered","format":"html"}]},"author":32,"featured_media":537088,"comment_status":"closed","ping_status":"closed","sticky":false,"template":"","format":"standard","meta":{"footnotes":""},"categories":[149,13],"tags":[],"class_list":["post-540068","post","type-post","status-publish","format-standard","has-post-thumbnail","hentry","category-kosoverajon","category-te-fundit"],"gt_translate_keys":[{"key":"link","format":"url"}],"_links":{"self":[{"href":"https:\/\/www.hashtag.al\/index.php\/wp-json\/wp\/v2\/posts\/540068","targetHints":{"allow":["GET"]}}],"collection":[{"href":"https:\/\/www.hashtag.al\/index.php\/wp-json\/wp\/v2\/posts"}],"about":[{"href":"https:\/\/www.hashtag.al\/index.php\/wp-json\/wp\/v2\/types\/post"}],"author":[{"embeddable":true,"href":"https:\/\/www.hashtag.al\/index.php\/wp-json\/wp\/v2\/users\/32"}],"replies":[{"embeddable":true,"href":"https:\/\/www.hashtag.al\/index.php\/wp-json\/wp\/v2\/comments?post=540068"}],"version-history":[{"count":0,"href":"https:\/\/www.hashtag.al\/index.php\/wp-json\/wp\/v2\/posts\/540068\/revisions"}],"wp:featuredmedia":[{"embeddable":true,"href":"https:\/\/www.hashtag.al\/index.php\/wp-json\/wp\/v2\/media\/537088"}],"wp:attachment":[{"href":"https:\/\/www.hashtag.al\/index.php\/wp-json\/wp\/v2\/media?parent=540068"}],"wp:term":[{"taxonomy":"category","embeddable":true,"href":"https:\/\/www.hashtag.al\/index.php\/wp-json\/wp\/v2\/categories?post=540068"},{"taxonomy":"post_tag","embeddable":true,"href":"https:\/\/www.hashtag.al\/index.php\/wp-json\/wp\/v2\/tags?post=540068"}],"curies":[{"name":"wp","href":"https:\/\/api.w.org\/{rel}","templated":true}]}}